{"id":3935,"date":"2021-04-18T19:28:45","date_gmt":"2021-04-18T17:28:45","guid":{"rendered":"http:\/\/agora.xtec.cat\/iesfrancescmacia\/?p=3935"},"modified":"2021-06-29T08:30:47","modified_gmt":"2021-06-29T06:30:47","slug":"descobrim-els-secrets-de-la-colonia-guell","status":"publish","type":"post","link":"https:\/\/agora.xtec.cat\/iesfrancescmacia\/general\/descobrim-els-secrets-de-la-colonia-guell\/","title":{"rendered":"Descobrim els secrets de la Col\u00f2nia G\u00fcell"},"content":{"rendered":"<p><a href=\"https:\/\/agora.xtec.cat\/iesfrancescmacia\/wp-content\/uploads\/usu1660\/2021\/04\/Descobrim-els-secrets-de-la-Colo\u0300nia-Gu\u0308ell-3.jpg\"><img loading=\"lazy\" decoding=\"async\" class=\"alignright wp-image-3938\" src=\"https:\/\/agora.xtec.cat\/iesfrancescmacia\/wp-content\/uploads\/usu1660\/2021\/04\/Descobrim-els-secrets-de-la-Colo\u0300nia-Gu\u0308ell-3-768x1024.jpg\" alt=\"\" width=\"408\" height=\"544\" srcset=\"https:\/\/agora.xtec.cat\/iesfrancescmacia\/wp-content\/uploads\/usu1660\/2021\/04\/Descobrim-els-secrets-de-la-Colo\u0300nia-Gu\u0308ell-3-768x1024.jpg 768w, https:\/\/agora.xtec.cat\/iesfrancescmacia\/wp-content\/uploads\/usu1660\/2021\/04\/Descobrim-els-secrets-de-la-Colo\u0300nia-Gu\u0308ell-3-225x300.jpg 225w, https:\/\/agora.xtec.cat\/iesfrancescmacia\/wp-content\/uploads\/usu1660\/2021\/04\/Descobrim-els-secrets-de-la-Colo\u0300nia-Gu\u0308ell-3.jpg 1056w\" sizes=\"auto, (max-width: 408px) 100vw, 408px\" \/><\/a>Dijous 15 d\u2019abril les classes 4A, 4B i 4D d\u2019ESO del nostre institut han visitat la Col\u00f2nia G\u00fcell per tal de con\u00e8ixer la hist\u00f2ria i la vida quotidiana dels treballadors\/es aix\u00ed com diversos edificis modernistes, amb la cripta d\u2019Antoni Gaud\u00ed com a element emblem\u00e0tic.<\/p>\n<p>Despr\u00e9s d\u2019una breu introducci\u00f3, els alumnes repartits en grups de treball i amb l\u2019ajuda d\u2019un pl\u00e0nol i un quadern de treball han iniciat l\u2019activitat amb una gimcana de descoberta\u00a0 on havien de completar un \u00e0lbum d\u2019enganxines fent un recorregut per tal de con\u00e8ixer com era la vida a la col\u00f2nia m\u00e9s de 100 anys enrere. A la zona industrial han esbrinat com es portava terme tot el proc\u00e9s de fabricaci\u00f3 t\u00e8xtil. Incl\u00fas han mesurat l\u2019al\u00e7ada de la imponent xemeneia que destaca per sobre tots els edificis. A la zona residencial han observat diferents construccions amb notables elements modernistes com l\u2019escola, Ca l\u2019Espinal o Ca l\u2019Ordal entre d\u2019altres.<\/p>\n<p>Per culminar la visita han accedit a la cripta projectada per Antoni Gaud\u00ed observant les innovadores t\u00e8cniques de construcci\u00f3 basades en l\u2019arc catenari que va posar en pr\u00e0ctica en la seva construcci\u00f3. Tamb\u00e9 han contemplat els diversos materials de construcci\u00f3 que va utilitzar aix\u00ed com la rica simbologia present tant a l\u2019interior com l\u2019exterior de la cripta.<\/p>\n<p>Han estat\u00a0 uns grups molt treballadors i organitzats que han gaudit for\u00e7a descobrint els secrets de la Col\u00f2nia G\u00fcell!<\/p>\n<p>Activitat subvencionada pel Departament d\u2019Educaci\u00f3 de l\u2019Ajuntament de Cornell\u00e0.<\/p>\n<p><a href=\"http:\/\/www.cornella.cat\/\"><img loading=\"lazy\" decoding=\"async\" class=\"alignright wp-image-2676 size-full\" src=\"https:\/\/agora.xtec.cat\/iesfrancescmacia\/wp-content\/uploads\/usu1660\/2019\/06\/Logo-Ajuntament-de-Cornella.png\" alt=\"\" width=\"276\" height=\"87\" \/><\/a><\/p>\n<div class=\"addtoany_share_save_container addtoany_content addtoany_content_bottom\">\n<div class=\"a2a_kit a2a_kit_size_25 addtoany_list\" data-a2a-url=\"https:\/\/agora.xtec.cat\/iesfrancescmacia\/general\/teatre-grecollati\/\" data-a2a-title=\"Teatre Grecollat\u00ed: La Com\u00e8dia dels Bessons\"><\/div>\n<\/div>\n<p>&nbsp;<\/p>\n\n\t\t<style type=\"text\/css\">\n\t\t\t#gallery-1 {\n\t\t\t\tmargin: auto;\n\t\t\t}\n\t\t\t#gallery-1 .gallery-item {\n\t\t\t\tfloat: left;\n\t\t\t\tmargin-top: 10px;\n\t\t\t\ttext-align: center;\n\t\t\t\twidth: 50%;\n\t\t\t}\n\t\t\t#gallery-1 img {\n\t\t\t\tborder: 2px solid #cfcfcf;\n\t\t\t}\n\t\t\t#gallery-1 .gallery-caption {\n\t\t\t\tmargin-left: 0;\n\t\t\t}\n\t\t\t\/* see gallery_shortcode() in wp-includes\/media.php *\/\n\t\t<\/style>\n\t\t<div id='gallery-1' class='gallery galleryid-3935 gallery-columns-2 gallery-size-large'><dl class='gallery-item'>\n\t\t\t<dt class='gallery-icon landscape'>\n\t\t\t\t<a href='https:\/\/agora.xtec.cat\/iesfrancescmacia\/wp-content\/uploads\/usu1660\/2021\/04\/Descobrim-els-secrets-de-la-Colo\u0300nia-Gu\u0308ell-5.jpg'><img loading=\"lazy\" decoding=\"async\" width=\"1024\" height=\"768\" src=\"https:\/\/agora.xtec.cat\/iesfrancescmacia\/wp-content\/uploads\/usu1660\/2021\/04\/Descobrim-els-secrets-de-la-Colo\u0300nia-Gu\u0308ell-5-1024x768.jpg\" class=\"attachment-large size-large\" alt=\"\" srcset=\"https:\/\/agora.xtec.cat\/iesfrancescmacia\/wp-content\/uploads\/usu1660\/2021\/04\/Descobrim-els-secrets-de-la-Colo\u0300nia-Gu\u0308ell-5.jpg 1024w, https:\/\/agora.xtec.cat\/iesfrancescmacia\/wp-content\/uploads\/usu1660\/2021\/04\/Descobrim-els-secrets-de-la-Colo\u0300nia-Gu\u0308ell-5-300x225.jpg 300w, https:\/\/agora.xtec.cat\/iesfrancescmacia\/wp-content\/uploads\/usu1660\/2021\/04\/Descobrim-els-secrets-de-la-Colo\u0300nia-Gu\u0308ell-5-768x576.jpg 768w, https:\/\/agora.xtec.cat\/iesfrancescmacia\/wp-content\/uploads\/usu1660\/2021\/04\/Descobrim-els-secrets-de-la-Colo\u0300nia-Gu\u0308ell-5-200x150.jpg 200w\" sizes=\"auto, (max-width: 1024px) 100vw, 1024px\" \/><\/a>\n\t\t\t<\/dt><\/dl><dl class='gallery-item'>\n\t\t\t<dt class='gallery-icon landscape'>\n\t\t\t\t<a href='https:\/\/agora.xtec.cat\/iesfrancescmacia\/wp-content\/uploads\/usu1660\/2021\/04\/Descobrim-els-secrets-de-la-Colo\u0300nia-Gu\u0308ell-4.jpg'><img loading=\"lazy\" decoding=\"async\" width=\"1024\" height=\"768\" src=\"https:\/\/agora.xtec.cat\/iesfrancescmacia\/wp-content\/uploads\/usu1660\/2021\/04\/Descobrim-els-secrets-de-la-Colo\u0300nia-Gu\u0308ell-4-1024x768.jpg\" class=\"attachment-large size-large\" alt=\"\" srcset=\"https:\/\/agora.xtec.cat\/iesfrancescmacia\/wp-content\/uploads\/usu1660\/2021\/04\/Descobrim-els-secrets-de-la-Colo\u0300nia-Gu\u0308ell-4-1024x768.jpg 1024w, https:\/\/agora.xtec.cat\/iesfrancescmacia\/wp-content\/uploads\/usu1660\/2021\/04\/Descobrim-els-secrets-de-la-Colo\u0300nia-Gu\u0308ell-4-300x225.jpg 300w, https:\/\/agora.xtec.cat\/iesfrancescmacia\/wp-content\/uploads\/usu1660\/2021\/04\/Descobrim-els-secrets-de-la-Colo\u0300nia-Gu\u0308ell-4-768x576.jpg 768w, https:\/\/agora.xtec.cat\/iesfrancescmacia\/wp-content\/uploads\/usu1660\/2021\/04\/Descobrim-els-secrets-de-la-Colo\u0300nia-Gu\u0308ell-4-200x150.jpg 200w, https:\/\/agora.xtec.cat\/iesfrancescmacia\/wp-content\/uploads\/usu1660\/2021\/04\/Descobrim-els-secrets-de-la-Colo\u0300nia-Gu\u0308ell-4.jpg 1416w\" sizes=\"auto, (max-width: 1024px) 100vw, 1024px\" \/><\/a>\n\t\t\t<\/dt><\/dl><br style=\"clear: both\" \/><dl class='gallery-item'>\n\t\t\t<dt class='gallery-icon landscape'>\n\t\t\t\t<a href='https:\/\/agora.xtec.cat\/iesfrancescmacia\/wp-content\/uploads\/usu1660\/2021\/04\/Descobrim-els-secrets-de-la-Colo\u0300nia-Gu\u0308ell-2.jpg'><img loading=\"lazy\" decoding=\"async\" width=\"1024\" height=\"1024\" src=\"https:\/\/agora.xtec.cat\/iesfrancescmacia\/wp-content\/uploads\/usu1660\/2021\/04\/Descobrim-els-secrets-de-la-Colo\u0300nia-Gu\u0308ell-2-1024x1024.jpg\" class=\"attachment-large size-large\" alt=\"\" srcset=\"https:\/\/agora.xtec.cat\/iesfrancescmacia\/wp-content\/uploads\/usu1660\/2021\/04\/Descobrim-els-secrets-de-la-Colo\u0300nia-Gu\u0308ell-2-1024x1024.jpg 1024w, https:\/\/agora.xtec.cat\/iesfrancescmacia\/wp-content\/uploads\/usu1660\/2021\/04\/Descobrim-els-secrets-de-la-Colo\u0300nia-Gu\u0308ell-2-150x150.jpg 150w, https:\/\/agora.xtec.cat\/iesfrancescmacia\/wp-content\/uploads\/usu1660\/2021\/04\/Descobrim-els-secrets-de-la-Colo\u0300nia-Gu\u0308ell-2-300x300.jpg 300w, https:\/\/agora.xtec.cat\/iesfrancescmacia\/wp-content\/uploads\/usu1660\/2021\/04\/Descobrim-els-secrets-de-la-Colo\u0300nia-Gu\u0308ell-2-768x768.jpg 768w, https:\/\/agora.xtec.cat\/iesfrancescmacia\/wp-content\/uploads\/usu1660\/2021\/04\/Descobrim-els-secrets-de-la-Colo\u0300nia-Gu\u0308ell-2.jpg 1080w\" sizes=\"auto, (max-width: 1024px) 100vw, 1024px\" \/><\/a>\n\t\t\t<\/dt><\/dl><dl class='gallery-item'>\n\t\t\t<dt class='gallery-icon landscape'>\n\t\t\t\t<a href='https:\/\/agora.xtec.cat\/iesfrancescmacia\/wp-content\/uploads\/usu1660\/2021\/04\/Descobrim-els-secrets-de-la-Colo\u0300nia-Gu\u0308ell-1.jpg'><img loading=\"lazy\" decoding=\"async\" width=\"1024\" height=\"768\" src=\"https:\/\/agora.xtec.cat\/iesfrancescmacia\/wp-content\/uploads\/usu1660\/2021\/04\/Descobrim-els-secrets-de-la-Colo\u0300nia-Gu\u0308ell-1-1024x768.jpg\" class=\"attachment-large size-large\" alt=\"\" srcset=\"https:\/\/agora.xtec.cat\/iesfrancescmacia\/wp-content\/uploads\/usu1660\/2021\/04\/Descobrim-els-secrets-de-la-Colo\u0300nia-Gu\u0308ell-1-1024x768.jpg 1024w, https:\/\/agora.xtec.cat\/iesfrancescmacia\/wp-content\/uploads\/usu1660\/2021\/04\/Descobrim-els-secrets-de-la-Colo\u0300nia-Gu\u0308ell-1-300x225.jpg 300w, https:\/\/agora.xtec.cat\/iesfrancescmacia\/wp-content\/uploads\/usu1660\/2021\/04\/Descobrim-els-secrets-de-la-Colo\u0300nia-Gu\u0308ell-1-768x576.jpg 768w, https:\/\/agora.xtec.cat\/iesfrancescmacia\/wp-content\/uploads\/usu1660\/2021\/04\/Descobrim-els-secrets-de-la-Colo\u0300nia-Gu\u0308ell-1-200x150.jpg 200w, https:\/\/agora.xtec.cat\/iesfrancescmacia\/wp-content\/uploads\/usu1660\/2021\/04\/Descobrim-els-secrets-de-la-Colo\u0300nia-Gu\u0308ell-1.jpg 1984w\" sizes=\"auto, (max-width: 1024px) 100vw, 1024px\" \/><\/a>\n\t\t\t<\/dt><\/dl><br style=\"clear: both\" \/>\n\t\t<\/div>\n\n","protected":false},"excerpt":{"rendered":"<p><a href=\"https:\/\/agora.xtec.cat\/iesfrancescmacia\/wp-content\/uploads\/usu1660\/2021\/04\/Descobrim-els-secrets-de-la-Colo\u0300nia-Gu\u0308ell-3.jpg\"><\/a>Dijous 15 d\u2019abril les classes 4A, 4B i 4D d\u2019ESO del nostre institut han visitat la Col\u00f2nia G\u00fcell per tal de con\u00e8ixer la hist\u00f2ria i la vida quotidiana dels treballadors\/es aix\u00ed com diversos edificis modernistes, amb la cripta d\u2019Antoni Gaud\u00ed com a element emblem\u00e0tic.<br \/>\nDespr\u00e9s&hellip;  <a href=\"https:\/\/agora.xtec.cat\/iesfrancescmacia\/general\/descobrim-els-secrets-de-la-colonia-guell\/\" title=\"Read Descobrim els secrets de la Col\u00f2nia G\u00fcell\">Llegeix m\u00e9s\u00bb<\/a><\/p>\n","protected":false},"author":7,"featured_media":3939,"comment_status":"closed","ping_status":"closed","sticky":false,"template":"","format":"standard","meta":{"_bbp_topic_count":0,"_bbp_reply_count":0,"_bbp_total_topic_count":0,"_bbp_total_reply_count":0,"_bbp_voice_count":0,"_bbp_anonymous_reply_count":0,"_bbp_topic_count_hidden":0,"_bbp_reply_count_hidden":0,"_bbp_forum_subforum_count":0,"footnotes":""},"categories":[7,1,29,145],"tags":[614,501,129],"class_list":["post-3935","post","type-post","status-publish","format-standard","has-post-thumbnail","hentry","category-eso-4","category-general","category-portada","category-sortides","tag-antoni-gaudi","tag-colonia-guell","tag-historia"],"post_mailing_queue_ids":[],"_links":{"self":[{"href":"https:\/\/agora.xtec.cat\/iesfrancescmacia\/wp-json\/wp\/v2\/posts\/3935","targetHints":{"allow":["GET"]}}],"collection":[{"href":"https:\/\/agora.xtec.cat\/iesfrancescmacia\/wp-json\/wp\/v2\/posts"}],"about":[{"href":"https:\/\/agora.xtec.cat\/iesfrancescmacia\/wp-json\/wp\/v2\/types\/post"}],"author":[{"embeddable":true,"href":"https:\/\/agora.xtec.cat\/iesfrancescmacia\/wp-json\/wp\/v2\/users\/7"}],"replies":[{"embeddable":true,"href":"https:\/\/agora.xtec.cat\/iesfrancescmacia\/wp-json\/wp\/v2\/comments?post=3935"}],"version-history":[{"count":2,"href":"https:\/\/agora.xtec.cat\/iesfrancescmacia\/wp-json\/wp\/v2\/posts\/3935\/revisions"}],"predecessor-version":[{"id":4162,"href":"https:\/\/agora.xtec.cat\/iesfrancescmacia\/wp-json\/wp\/v2\/posts\/3935\/revisions\/4162"}],"wp:featuredmedia":[{"embeddable":true,"href":"https:\/\/agora.xtec.cat\/iesfrancescmacia\/wp-json\/wp\/v2\/media\/3939"}],"wp:attachment":[{"href":"https:\/\/agora.xtec.cat\/iesfrancescmacia\/wp-json\/wp\/v2\/media?parent=3935"}],"wp:term":[{"taxonomy":"category","embeddable":true,"href":"https:\/\/agora.xtec.cat\/iesfrancescmacia\/wp-json\/wp\/v2\/categories?post=3935"},{"taxonomy":"post_tag","embeddable":true,"href":"https:\/\/agora.xtec.cat\/iesfrancescmacia\/wp-json\/wp\/v2\/tags?post=3935"}],"curies":[{"name":"wp","href":"https:\/\/api.w.org\/{rel}","templated":true}]}}