{"id":3695,"date":"2020-11-16T16:18:23","date_gmt":"2020-11-16T15:18:23","guid":{"rendered":"http:\/\/agora.xtec.cat\/iesfrancescmacia\/?p=3695"},"modified":"2020-11-16T16:18:23","modified_gmt":"2020-11-16T15:18:23","slug":"videoconferencia-per-coneixer-la-professio-dinterpret-a-les-institucions-europees","status":"publish","type":"post","link":"https:\/\/agora.xtec.cat\/iesfrancescmacia\/general\/videoconferencia-per-coneixer-la-professio-dinterpret-a-les-institucions-europees\/","title":{"rendered":"Videoconfer\u00e8ncia per con\u00e8ixer la professi\u00f3 d&#8217;int\u00e8rpret a les institucions europees"},"content":{"rendered":"<p><a href=\"https:\/\/agora.xtec.cat\/iesfrancescmacia\/wp-content\/uploads\/usu1660\/2020\/11\/Videoconfere\u0300ncia-per-cone\u0300ixer-la-professio\u0301-dinte\u0300rpret-a-les-institucions-europees-2.jpg\"><img loading=\"lazy\" decoding=\"async\" class=\"alignright  wp-image-3697\" src=\"https:\/\/agora.xtec.cat\/iesfrancescmacia\/wp-content\/uploads\/usu1660\/2020\/11\/Videoconfere\u0300ncia-per-cone\u0300ixer-la-professio\u0301-dinte\u0300rpret-a-les-institucions-europees-2.jpg\" alt=\"\" width=\"271\" height=\"362\" srcset=\"https:\/\/agora.xtec.cat\/iesfrancescmacia\/wp-content\/uploads\/usu1660\/2020\/11\/Videoconfere\u0300ncia-per-cone\u0300ixer-la-professio\u0301-dinte\u0300rpret-a-les-institucions-europees-2.jpg 1440w, https:\/\/agora.xtec.cat\/iesfrancescmacia\/wp-content\/uploads\/usu1660\/2020\/11\/Videoconfere\u0300ncia-per-cone\u0300ixer-la-professio\u0301-dinte\u0300rpret-a-les-institucions-europees-2-225x300.jpg 225w, https:\/\/agora.xtec.cat\/iesfrancescmacia\/wp-content\/uploads\/usu1660\/2020\/11\/Videoconfere\u0300ncia-per-cone\u0300ixer-la-professio\u0301-dinte\u0300rpret-a-les-institucions-europees-2-768x1024.jpg 768w\" sizes=\"auto, (max-width: 271px) 100vw, 271px\" \/><\/a>Avui l&#8217;alumnat interessat de franc\u00e8s i alemany de 4t d&#8217;ESO hem conegut una mica m\u00e9s una professi\u00f3 en expansi\u00f3: la interpretaci\u00f3 a les institucions europees. Con\u00e8ixer b\u00e9 les nostres lleng\u00fces maternes i idiomes estrangers obre moltes portes en aquest \u00e0mbit.<\/p>\n<p>Els int\u00e8rprets als serveis p\u00fablics europeus poden treballar en l&#8217;\u00e0mbit pol\u00edtic, educatiu, jur\u00eddic, m\u00e8dic, social&#8230;<\/p>\n<p>Gr\u00e0cies a la <a href=\"https:\/\/www.uab.cat\/web\/facultat-de-traduccio-i-d-interpretacio-1345711433624.html\">Facultat de Traducci\u00f3 i Interpretaci\u00f3 de la Universitat Aut\u00f2noma de Barcelona per la videoconfer\u00e8ncia!<\/a><\/p>\n<p>&nbsp;<\/p>\n\n\t\t<style type=\"text\/css\">\n\t\t\t#gallery-1 {\n\t\t\t\tmargin: auto;\n\t\t\t}\n\t\t\t#gallery-1 .gallery-item {\n\t\t\t\tfloat: left;\n\t\t\t\tmargin-top: 10px;\n\t\t\t\ttext-align: center;\n\t\t\t\twidth: 50%;\n\t\t\t}\n\t\t\t#gallery-1 img {\n\t\t\t\tborder: 2px solid #cfcfcf;\n\t\t\t}\n\t\t\t#gallery-1 .gallery-caption {\n\t\t\t\tmargin-left: 0;\n\t\t\t}\n\t\t\t\/* see gallery_shortcode() in wp-includes\/media.php *\/\n\t\t<\/style>\n\t\t<div id='gallery-1' class='gallery galleryid-3695 gallery-columns-2 gallery-size-large'><dl class='gallery-item'>\n\t\t\t<dt class='gallery-icon landscape'>\n\t\t\t\t<a href='https:\/\/agora.xtec.cat\/iesfrancescmacia\/wp-content\/uploads\/usu1660\/2020\/11\/Videoconfere\u0300ncia-per-cone\u0300ixer-la-professio\u0301-dinte\u0300rpret-a-les-institucions-europees.jpg'><img loading=\"lazy\" decoding=\"async\" width=\"1024\" height=\"768\" src=\"https:\/\/agora.xtec.cat\/iesfrancescmacia\/wp-content\/uploads\/usu1660\/2020\/11\/Videoconfere\u0300ncia-per-cone\u0300ixer-la-professio\u0301-dinte\u0300rpret-a-les-institucions-europees-1024x768.jpg\" class=\"attachment-large size-large\" alt=\"\" srcset=\"https:\/\/agora.xtec.cat\/iesfrancescmacia\/wp-content\/uploads\/usu1660\/2020\/11\/Videoconfere\u0300ncia-per-cone\u0300ixer-la-professio\u0301-dinte\u0300rpret-a-les-institucions-europees-1024x768.jpg 1024w, https:\/\/agora.xtec.cat\/iesfrancescmacia\/wp-content\/uploads\/usu1660\/2020\/11\/Videoconfere\u0300ncia-per-cone\u0300ixer-la-professio\u0301-dinte\u0300rpret-a-les-institucions-europees-300x225.jpg 300w, https:\/\/agora.xtec.cat\/iesfrancescmacia\/wp-content\/uploads\/usu1660\/2020\/11\/Videoconfere\u0300ncia-per-cone\u0300ixer-la-professio\u0301-dinte\u0300rpret-a-les-institucions-europees-768x576.jpg 768w, https:\/\/agora.xtec.cat\/iesfrancescmacia\/wp-content\/uploads\/usu1660\/2020\/11\/Videoconfere\u0300ncia-per-cone\u0300ixer-la-professio\u0301-dinte\u0300rpret-a-les-institucions-europees-200x150.jpg 200w, https:\/\/agora.xtec.cat\/iesfrancescmacia\/wp-content\/uploads\/usu1660\/2020\/11\/Videoconfere\u0300ncia-per-cone\u0300ixer-la-professio\u0301-dinte\u0300rpret-a-les-institucions-europees.jpg 1920w\" sizes=\"auto, (max-width: 1024px) 100vw, 1024px\" \/><\/a>\n\t\t\t<\/dt><\/dl><dl class='gallery-item'>\n\t\t\t<dt class='gallery-icon landscape'>\n\t\t\t\t<a href='https:\/\/agora.xtec.cat\/iesfrancescmacia\/wp-content\/uploads\/usu1660\/2020\/11\/Videoconfere\u0300ncia-per-cone\u0300ixer-la-professio\u0301-dinte\u0300rpret-a-les-institucions-europees-3.jpg'><img loading=\"lazy\" decoding=\"async\" width=\"1024\" height=\"768\" src=\"https:\/\/agora.xtec.cat\/iesfrancescmacia\/wp-content\/uploads\/usu1660\/2020\/11\/Videoconfere\u0300ncia-per-cone\u0300ixer-la-professio\u0301-dinte\u0300rpret-a-les-institucions-europees-3-1024x768.jpg\" class=\"attachment-large size-large\" alt=\"\" srcset=\"https:\/\/agora.xtec.cat\/iesfrancescmacia\/wp-content\/uploads\/usu1660\/2020\/11\/Videoconfere\u0300ncia-per-cone\u0300ixer-la-professio\u0301-dinte\u0300rpret-a-les-institucions-europees-3-1024x768.jpg 1024w, https:\/\/agora.xtec.cat\/iesfrancescmacia\/wp-content\/uploads\/usu1660\/2020\/11\/Videoconfere\u0300ncia-per-cone\u0300ixer-la-professio\u0301-dinte\u0300rpret-a-les-institucions-europees-3-300x225.jpg 300w, https:\/\/agora.xtec.cat\/iesfrancescmacia\/wp-content\/uploads\/usu1660\/2020\/11\/Videoconfere\u0300ncia-per-cone\u0300ixer-la-professio\u0301-dinte\u0300rpret-a-les-institucions-europees-3-768x576.jpg 768w, https:\/\/agora.xtec.cat\/iesfrancescmacia\/wp-content\/uploads\/usu1660\/2020\/11\/Videoconfere\u0300ncia-per-cone\u0300ixer-la-professio\u0301-dinte\u0300rpret-a-les-institucions-europees-3-200x150.jpg 200w, https:\/\/agora.xtec.cat\/iesfrancescmacia\/wp-content\/uploads\/usu1660\/2020\/11\/Videoconfere\u0300ncia-per-cone\u0300ixer-la-professio\u0301-dinte\u0300rpret-a-les-institucions-europees-3.jpg 1920w\" sizes=\"auto, (max-width: 1024px) 100vw, 1024px\" \/><\/a>\n\t\t\t<\/dt><\/dl><br style=\"clear: both\" \/>\n\t\t<\/div>\n\n","protected":false},"excerpt":{"rendered":"<p><a href=\"https:\/\/agora.xtec.cat\/iesfrancescmacia\/wp-content\/uploads\/usu1660\/2020\/11\/Videoconfere\u0300ncia-per-cone\u0300ixer-la-professio\u0301-dinte\u0300rpret-a-les-institucions-europees-2.jpg\"><\/a>Avui l&#8217;alumnat interessat de franc\u00e8s i alemany de 4t d&#8217;ESO hem conegut una mica m\u00e9s una professi\u00f3 en expansi\u00f3: la interpretaci\u00f3 a les institucions europees. Con\u00e8ixer b\u00e9 les nostres lleng\u00fces maternes i idiomes estrangers obre moltes portes en aquest \u00e0mbit.<br \/>\nEls int\u00e8rprets als serveis p\u00fablics&hellip;  <a href=\"https:\/\/agora.xtec.cat\/iesfrancescmacia\/general\/videoconferencia-per-coneixer-la-professio-dinterpret-a-les-institucions-europees\/\" title=\"Read Videoconfer\u00e8ncia per con\u00e8ixer la professi\u00f3 d&#8217;int\u00e8rpret a les institucions europees\">Llegeix m\u00e9s\u00bb<\/a><\/p>\n","protected":false},"author":7,"featured_media":3698,"comment_status":"closed","ping_status":"closed","sticky":false,"template":"","format":"standard","meta":{"_bbp_topic_count":0,"_bbp_reply_count":0,"_bbp_total_topic_count":0,"_bbp_total_reply_count":0,"_bbp_voice_count":0,"_bbp_anonymous_reply_count":0,"_bbp_topic_count_hidden":0,"_bbp_reply_count_hidden":0,"_bbp_forum_subforum_count":0,"footnotes":""},"categories":[7,1,29],"tags":[119,389,595,597,596,594],"class_list":["post-3695","post","type-post","status-publish","format-standard","has-post-thumbnail","hentry","category-eso-4","category-general","category-portada","tag-alemany","tag-frances","tag-interpret","tag-traduccio-i-interpretacio","tag-uab","tag-videoconferencia"],"post_mailing_queue_ids":[],"_links":{"self":[{"href":"https:\/\/agora.xtec.cat\/iesfrancescmacia\/wp-json\/wp\/v2\/posts\/3695","targetHints":{"allow":["GET"]}}],"collection":[{"href":"https:\/\/agora.xtec.cat\/iesfrancescmacia\/wp-json\/wp\/v2\/posts"}],"about":[{"href":"https:\/\/agora.xtec.cat\/iesfrancescmacia\/wp-json\/wp\/v2\/types\/post"}],"author":[{"embeddable":true,"href":"https:\/\/agora.xtec.cat\/iesfrancescmacia\/wp-json\/wp\/v2\/users\/7"}],"replies":[{"embeddable":true,"href":"https:\/\/agora.xtec.cat\/iesfrancescmacia\/wp-json\/wp\/v2\/comments?post=3695"}],"version-history":[{"count":2,"href":"https:\/\/agora.xtec.cat\/iesfrancescmacia\/wp-json\/wp\/v2\/posts\/3695\/revisions"}],"predecessor-version":[{"id":3700,"href":"https:\/\/agora.xtec.cat\/iesfrancescmacia\/wp-json\/wp\/v2\/posts\/3695\/revisions\/3700"}],"wp:featuredmedia":[{"embeddable":true,"href":"https:\/\/agora.xtec.cat\/iesfrancescmacia\/wp-json\/wp\/v2\/media\/3698"}],"wp:attachment":[{"href":"https:\/\/agora.xtec.cat\/iesfrancescmacia\/wp-json\/wp\/v2\/media?parent=3695"}],"wp:term":[{"taxonomy":"category","embeddable":true,"href":"https:\/\/agora.xtec.cat\/iesfrancescmacia\/wp-json\/wp\/v2\/categories?post=3695"},{"taxonomy":"post_tag","embeddable":true,"href":"https:\/\/agora.xtec.cat\/iesfrancescmacia\/wp-json\/wp\/v2\/tags?post=3695"}],"curies":[{"name":"wp","href":"https:\/\/api.w.org\/{rel}","templated":true}]}}