{"id":2685,"date":"2019-05-10T10:00:50","date_gmt":"2019-05-10T08:00:50","guid":{"rendered":"http:\/\/agora.xtec.cat\/iesfrancescmacia\/?p=2685"},"modified":"2019-06-25T18:29:04","modified_gmt":"2019-06-25T16:29:04","slug":"investiguem-les-comunitats-vegetals-a-can-satoi","status":"publish","type":"post","link":"https:\/\/agora.xtec.cat\/iesfrancescmacia\/general\/investiguem-les-comunitats-vegetals-a-can-satoi\/","title":{"rendered":"Investiguem les comunitats vegetals a Can Satoi"},"content":{"rendered":"<p>Activitat basada en l\u2019estudi comparat de diferents comunitats vegetals fent especial atenci\u00f3 al microclima de cada una d\u2019elles, l\u2019estructura de la vegetaci\u00f3 i l\u2019observaci\u00f3 acurada dels diferents trets adaptatius que presenten les plantes al seu medi concret.<\/p>\n<ul>\n<li>Localitzaci\u00f3 de la comunitat vegetal.<\/li>\n<li>Mesura de par\u00e0metres ambientals (temperatura, velocitat del vent, llum..)<\/li>\n<li>Descripci\u00f3 de la fisiognomia de la comunitat vegetal.<\/li>\n<li>Observaci\u00f3\/descripci\u00f3 de les plantes m\u00e9s importants i dels trets adaptatius mitjan\u00e7ant un senzill joc de recerca.<\/li>\n<li>Elaboraci\u00f3 de gr\u00e0fics i conclusions.<\/li>\n<\/ul>\n<p><a href=\"https:\/\/agora.xtec.cat\/iesfrancescmacia\/wp-content\/uploads\/usu1660\/2019\/06\/Can-Satoi-2.png\"><img loading=\"lazy\" decoding=\"async\" class=\"size-full wp-image-2686 alignnone\" src=\"https:\/\/agora.xtec.cat\/iesfrancescmacia\/wp-content\/uploads\/usu1660\/2019\/06\/Can-Satoi-2.png\" alt=\"\" width=\"321\" height=\"241\" srcset=\"https:\/\/agora.xtec.cat\/iesfrancescmacia\/wp-content\/uploads\/usu1660\/2019\/06\/Can-Satoi-2.png 321w, https:\/\/agora.xtec.cat\/iesfrancescmacia\/wp-content\/uploads\/usu1660\/2019\/06\/Can-Satoi-2-300x225.png 300w, https:\/\/agora.xtec.cat\/iesfrancescmacia\/wp-content\/uploads\/usu1660\/2019\/06\/Can-Satoi-2-200x150.png 200w\" sizes=\"auto, (max-width: 321px) 100vw, 321px\" \/><\/a><a href=\"https:\/\/agora.xtec.cat\/iesfrancescmacia\/wp-content\/uploads\/usu1660\/2019\/06\/Can-Satoi-1.png\"> <img loading=\"lazy\" decoding=\"async\" class=\"size-full wp-image-2687 alignnone\" src=\"https:\/\/agora.xtec.cat\/iesfrancescmacia\/wp-content\/uploads\/usu1660\/2019\/06\/Can-Satoi-1.png\" alt=\"\" width=\"458\" height=\"251\" srcset=\"https:\/\/agora.xtec.cat\/iesfrancescmacia\/wp-content\/uploads\/usu1660\/2019\/06\/Can-Satoi-1.png 458w, https:\/\/agora.xtec.cat\/iesfrancescmacia\/wp-content\/uploads\/usu1660\/2019\/06\/Can-Satoi-1-300x164.png 300w\" sizes=\"auto, (max-width: 458px) 100vw, 458px\" \/><\/a><\/p>\n<p>Activitat subvencionada pel Departament d\u2019Educaci\u00f3 de l\u2019Ajuntament de Cornell\u00e0.<\/p>\n<p><a href=\"https:\/\/agora.xtec.cat\/iesfrancescmacia\/wp-content\/uploads\/usu1660\/2019\/06\/Logo-Ajuntament-de-Cornella.png\"><img loading=\"lazy\" decoding=\"async\" class=\"wp-image-2676 alignleft\" src=\"https:\/\/agora.xtec.cat\/iesfrancescmacia\/wp-content\/uploads\/usu1660\/2019\/06\/Logo-Ajuntament-de-Cornella.png\" alt=\"\" width=\"241\" height=\"76\" \/><\/a><\/p>\n<p>&nbsp;<\/p>\n<p>&nbsp;<\/p>\n<p>&nbsp;<\/p>\n","protected":false},"excerpt":{"rendered":"<p>Activitat basada en l\u2019estudi comparat de diferents comunitats vegetals fent especial atenci\u00f3 al microclima de cada una d\u2019elles, l\u2019estructura de la vegetaci\u00f3 i l\u2019observaci\u00f3 acurada dels diferents trets adaptatius que presenten les plantes al seu medi concret.<\/p>\n<ul>\n<li>Localitzaci\u00f3 de la comunitat vegetal.<\/li>\n<li>Mesura de par\u00e0metres ambientals (temperatura,&hellip;  <a href=\"https:\/\/agora.xtec.cat\/iesfrancescmacia\/general\/investiguem-les-comunitats-vegetals-a-can-satoi\/\" title=\"Read Investiguem les comunitats vegetals a Can Satoi\">Llegeix m\u00e9s\u00bb<\/a><br \/>\n","protected":false},"author":7,"featured_media":2686,"comment_status":"closed","ping_status":"closed","sticky":false,"template":"","format":"standard","meta":{"_bbp_topic_count":0,"_bbp_reply_count":0,"_bbp_total_topic_count":0,"_bbp_total_reply_count":0,"_bbp_voice_count":0,"_bbp_anonymous_reply_count":0,"_bbp_topic_count_hidden":0,"_bbp_reply_count_hidden":0,"_bbp_forum_subforum_count":0,"footnotes":""},"categories":[3,7,1,145],"tags":[161],"class_list":["post-2685","post","type-post","status-publish","format-standard","has-post-thumbnail","hentry","category-eso","category-eso-4","category-general","category-sortides","tag-biologia"],"post_mailing_queue_ids":[],"_links":{"self":[{"href":"https:\/\/agora.xtec.cat\/iesfrancescmacia\/wp-json\/wp\/v2\/posts\/2685","targetHints":{"allow":["GET"]}}],"collection":[{"href":"https:\/\/agora.xtec.cat\/iesfrancescmacia\/wp-json\/wp\/v2\/posts"}],"about":[{"href":"https:\/\/agora.xtec.cat\/iesfrancescmacia\/wp-json\/wp\/v2\/types\/post"}],"author":[{"embeddable":true,"href":"https:\/\/agora.xtec.cat\/iesfrancescmacia\/wp-json\/wp\/v2\/users\/7"}],"replies":[{"embeddable":true,"href":"https:\/\/agora.xtec.cat\/iesfrancescmacia\/wp-json\/wp\/v2\/comments?post=2685"}],"version-history":[{"count":2,"href":"https:\/\/agora.xtec.cat\/iesfrancescmacia\/wp-json\/wp\/v2\/posts\/2685\/revisions"}],"predecessor-version":[{"id":2689,"href":"https:\/\/agora.xtec.cat\/iesfrancescmacia\/wp-json\/wp\/v2\/posts\/2685\/revisions\/2689"}],"wp:featuredmedia":[{"embeddable":true,"href":"https:\/\/agora.xtec.cat\/iesfrancescmacia\/wp-json\/wp\/v2\/media\/2686"}],"wp:attachment":[{"href":"https:\/\/agora.xtec.cat\/iesfrancescmacia\/wp-json\/wp\/v2\/media?parent=2685"}],"wp:term":[{"taxonomy":"category","embeddable":true,"href":"https:\/\/agora.xtec.cat\/iesfrancescmacia\/wp-json\/wp\/v2\/categories?post=2685"},{"taxonomy":"post_tag","embeddable":true,"href":"https:\/\/agora.xtec.cat\/iesfrancescmacia\/wp-json\/wp\/v2\/tags?post=2685"}],"curies":[{"name":"wp","href":"https:\/\/api.w.org\/{rel}","templated":true}]}}