{"id":1131,"date":"2018-04-12T14:43:33","date_gmt":"2018-04-12T12:43:33","guid":{"rendered":"http:\/\/agora.xtec.cat\/iesfrancescmacia\/?p=1131"},"modified":"2018-04-12T15:03:54","modified_gmt":"2018-04-12T13:03:54","slug":"antonio-machado-un-poeta-a-lexili","status":"publish","type":"post","link":"https:\/\/agora.xtec.cat\/iesfrancescmacia\/general\/antonio-machado-un-poeta-a-lexili\/","title":{"rendered":"Antonio Machado: un poeta a l&#8217;exili"},"content":{"rendered":"<p><a href=\"http:\/\/agora.xtec.cat\/iesfrancescmacia\/wp-content\/uploads\/usu1660\/2018\/04\/Antonio-Machado-mural.jpg\"><img loading=\"lazy\" decoding=\"async\" class=\"alignleft wp-image-1132\" src=\"http:\/\/agora.xtec.cat\/iesfrancescmacia\/wp-content\/uploads\/usu1660\/2018\/04\/Antonio-Machado-mural.jpg\" alt=\"\" width=\"265\" height=\"199\" srcset=\"https:\/\/agora.xtec.cat\/iesfrancescmacia\/wp-content\/uploads\/usu1660\/2018\/04\/Antonio-Machado-mural.jpg 640w, https:\/\/agora.xtec.cat\/iesfrancescmacia\/wp-content\/uploads\/usu1660\/2018\/04\/Antonio-Machado-mural-300x225.jpg 300w, https:\/\/agora.xtec.cat\/iesfrancescmacia\/wp-content\/uploads\/usu1660\/2018\/04\/Antonio-Machado-mural-200x150.jpg 200w\" sizes=\"auto, (max-width: 265px) 100vw, 265px\" \/><\/a>Aquest curs, l&#8217;institut est\u00e0 inscrit en el projecte K2 europeu &#8220;Walking the line&#8221;, tot analitzant l'&#8221;skyline&#8221; de diferents ciutats del m\u00f3n. La professora del seminari de llengua i literatura castellana Pilar Pe\u00f1a ha realitzat una activitat molt interessant amb els alumnes de 4rt D i E. Els alumnes han fet uns murals que decoren l&#8217;institut on hi consten les diferents etapes liter\u00e0ries d&#8217;aquest c\u00e8lebre escriptor. Comen\u00e7a analitzant la primera etapa po\u00e8tica de l&#8217;autor, que s&#8217;inicia amb el recull &#8220;Soledades&#8221;. En segon lloc, tracta &#8220;Campos de Castilla&#8221; (segona etapa), mentre que en tercer es descriu la seva \u00faltima etapa liter\u00e0ria, amb &#8220;Nuevas canciones&#8221;. Tot enlla\u00e7ant la seva traject\u00f2ria po\u00e8tica amb la seva fugida a l&#8217;exili, els alumnes han fet a la part inferior del mural l&#8217;Skyline dels diferents indrets on va viure el poeta, com per exemple els Camps de S\u00f2ria i Barcelona. En la fotografia es pot apreciar el mural realitzat pels alumnes, amb l'&#8221;skyline&#8221;, fotografies del poeta, descripci\u00f3 de les diferents etapes i la mostra d&#8217;algunes de les seves poesies.<\/p>\n<p>Si desitgeu veure la presentaci\u00f3 del projecte, ho teniu <a href=\"http:\/\/agora.xtec.cat\/iesfrancescmacia\/wp-content\/uploads\/usu1660\/2018\/04\/Walking-the-line_1.pdf\">aqu\u00ed<\/a>.<\/p>\n","protected":false},"excerpt":{"rendered":"<p><a href=\"http:\/\/agora.xtec.cat\/iesfrancescmacia\/wp-content\/uploads\/usu1660\/2018\/04\/Antonio-Machado-mural.jpg\"><\/a>Aquest curs, l&#8217;institut est\u00e0 inscrit en el projecte K2 europeu &#8220;Walking the line&#8221;, tot analitzant l&#8217;&#8221;skyline&#8221; de diferents ciutats del m\u00f3n. La professora del seminari de llengua i literatura castellana Pilar Pe\u00f1a ha realitzat una activitat molt interessant amb els alumnes de 4rt D&hellip;  <a href=\"https:\/\/agora.xtec.cat\/iesfrancescmacia\/general\/antonio-machado-un-poeta-a-lexili\/\" title=\"Read Antonio Machado: un poeta a l&#8217;exili\">Llegeix m\u00e9s\u00bb<\/a><\/p>\n","protected":false},"author":7,"featured_media":1132,"comment_status":"closed","ping_status":"closed","sticky":false,"template":"","format":"standard","meta":{"_bbp_topic_count":0,"_bbp_reply_count":0,"_bbp_total_topic_count":0,"_bbp_total_reply_count":0,"_bbp_voice_count":0,"_bbp_anonymous_reply_count":0,"_bbp_topic_count_hidden":0,"_bbp_reply_count_hidden":0,"_bbp_forum_subforum_count":0,"footnotes":""},"categories":[191,7,1],"tags":[192],"class_list":["post-1131","post","type-post","status-publish","format-standard","has-post-thumbnail","hentry","category-biblioteca","category-eso-4","category-general","tag-machado"],"post_mailing_queue_ids":[],"_links":{"self":[{"href":"https:\/\/agora.xtec.cat\/iesfrancescmacia\/wp-json\/wp\/v2\/posts\/1131","targetHints":{"allow":["GET"]}}],"collection":[{"href":"https:\/\/agora.xtec.cat\/iesfrancescmacia\/wp-json\/wp\/v2\/posts"}],"about":[{"href":"https:\/\/agora.xtec.cat\/iesfrancescmacia\/wp-json\/wp\/v2\/types\/post"}],"author":[{"embeddable":true,"href":"https:\/\/agora.xtec.cat\/iesfrancescmacia\/wp-json\/wp\/v2\/users\/7"}],"replies":[{"embeddable":true,"href":"https:\/\/agora.xtec.cat\/iesfrancescmacia\/wp-json\/wp\/v2\/comments?post=1131"}],"version-history":[{"count":4,"href":"https:\/\/agora.xtec.cat\/iesfrancescmacia\/wp-json\/wp\/v2\/posts\/1131\/revisions"}],"predecessor-version":[{"id":1144,"href":"https:\/\/agora.xtec.cat\/iesfrancescmacia\/wp-json\/wp\/v2\/posts\/1131\/revisions\/1144"}],"wp:featuredmedia":[{"embeddable":true,"href":"https:\/\/agora.xtec.cat\/iesfrancescmacia\/wp-json\/wp\/v2\/media\/1132"}],"wp:attachment":[{"href":"https:\/\/agora.xtec.cat\/iesfrancescmacia\/wp-json\/wp\/v2\/media?parent=1131"}],"wp:term":[{"taxonomy":"category","embeddable":true,"href":"https:\/\/agora.xtec.cat\/iesfrancescmacia\/wp-json\/wp\/v2\/categories?post=1131"},{"taxonomy":"post_tag","embeddable":true,"href":"https:\/\/agora.xtec.cat\/iesfrancescmacia\/wp-json\/wp\/v2\/tags?post=1131"}],"curies":[{"name":"wp","href":"https:\/\/api.w.org\/{rel}","templated":true}]}}