{"id":1049,"date":"2018-06-19T06:00:44","date_gmt":"2018-06-19T04:00:44","guid":{"rendered":"http:\/\/agora.xtec.cat\/iesfrancescmacia\/?p=1049"},"modified":"2018-06-20T21:43:30","modified_gmt":"2018-06-20T19:43:30","slug":"viatge-projecte-de-recerca-de-4t-deso","status":"publish","type":"post","link":"https:\/\/agora.xtec.cat\/iesfrancescmacia\/eso\/eso-4\/viatge-projecte-de-recerca-de-4t-deso\/","title":{"rendered":"VIATGE- PROJECTE DE RECERCA DE 4t D&#8217;ESO"},"content":{"rendered":"<p><a href=\"http:\/\/agora.xtec.cat\/iesfrancescmacia\/wp-content\/uploads\/usu1660\/2018\/06\/DOSSIER-TREBALL-S\u00cdNTESI-4T-ESO_CERDENYA.pdf\">DOSSIER TREBALL S\u00cdNTESI 4T ESO_CERDENYA<\/a><\/p>\n<p>L&#8217;etapa de Secund\u00e0ria (4 cursos) culmina amb el Projecte de Recerca. Aquest curs una bona part dels alumnes de 4t el realitzar\u00e0 a l&#8217;illa de Sardenya i la resta al l&#8217;institut. Per tal que els pares i els alumnes estiguin informats us avancem el calendari d&#8217;activitats previstes per els alumnes que viatjaran a Sardenya. M\u00e9s endavant penjarem a la web el gui\u00f3 de les activitats de caire acad\u00e8mic a realitzar en aquest viatge.<\/p>\n<p>Les dates s\u00f3n del 15 al 19 de juny de 2018<\/p>\n<p><strong>Preguem als alumnes i a les fam\u00edlies que acudiu a les 19,30h al punt d&#8217;encontre per tal de passar llista amb la suficient antelaci\u00f3.<\/strong><\/p>\n<p><strong>Comuniquem a les fam\u00edlies dels alumnes que l&#8217;institut ha contractat una asseguran\u00e7a m\u00e8dica que cobreix els alumnes mentre duri el viatge.<br \/>\n<\/strong><\/p>\n<p>NOU: <a href=\"http:\/\/agora.xtec.cat\/iesfrancescmacia\/wp-content\/uploads\/usu1660\/2018\/06\/ITINERARI-ALGUER-4t-ESO-FRANCESC-MACI\u00c0-2018-V1.pdf\">ITINERARI-ALGUER-4t ESO &#8211; FRANCESC MACI\u00c0 2018-V1<\/a><\/p>\n<p>Informaci\u00f3 detallada del viatge:\u00a0 <a href=\"http:\/\/agora.xtec.cat\/iesfrancescmacia\/wp-content\/uploads\/usu1660\/2018\/03\/ALGUER-2018-PROJECTE-DE-RECERCA-4t-ESO.pdf\">ALGUER-2018-PROJECTE DE RECERCA 4t ESO<\/a><\/p>\n<p>COMUNICATS:\u00a0 Arribada al dest\u00ed amb retard. 16\/06\/2018. Tot el viatge i activitats funcionen amb normalitat (17-06-2018)<\/p>\n<p>&nbsp;<\/p>\n<p><a href=\"https:\/\/drive.google.com\/open?id=1BFEw7A6EqFQXabNQoFvujjHLK_o9Cl5-\">FOTOGRAFIES<\/a><\/p>\n","protected":false},"excerpt":{"rendered":"<p><a href=\"http:\/\/agora.xtec.cat\/iesfrancescmacia\/wp-content\/uploads\/usu1660\/2018\/06\/DOSSIER-TREBALL-S\u00cdNTESI-4T-ESO_CERDENYA.pdf\">DOSSIER TREBALL S\u00cdNTESI 4T ESO_CERDENYA<\/a><br \/>\nL&#8217;etapa de Secund\u00e0ria (4 cursos) culmina amb el Projecte de Recerca. Aquest curs una bona part dels alumnes de 4t el realitzar\u00e0 a l&#8217;illa de Sardenya i la resta al l&#8217;institut. Per tal que els pares i els alumnes estiguin&hellip;  <a href=\"https:\/\/agora.xtec.cat\/iesfrancescmacia\/eso\/eso-4\/viatge-projecte-de-recerca-de-4t-deso\/\" title=\"Read VIATGE- PROJECTE DE RECERCA DE 4t D&#8217;ESO\">Llegeix m\u00e9s\u00bb<\/a><\/p>\n","protected":false},"author":7,"featured_media":1050,"comment_status":"closed","ping_status":"closed","sticky":false,"template":"","format":"standard","meta":{"_bbp_topic_count":0,"_bbp_reply_count":0,"_bbp_total_topic_count":0,"_bbp_total_reply_count":0,"_bbp_voice_count":0,"_bbp_anonymous_reply_count":0,"_bbp_topic_count_hidden":0,"_bbp_reply_count_hidden":0,"_bbp_forum_subforum_count":0,"footnotes":""},"categories":[7,29,145],"tags":[],"class_list":["post-1049","post","type-post","status-publish","format-standard","has-post-thumbnail","hentry","category-eso-4","category-portada","category-sortides"],"post_mailing_queue_ids":[],"_links":{"self":[{"href":"https:\/\/agora.xtec.cat\/iesfrancescmacia\/wp-json\/wp\/v2\/posts\/1049","targetHints":{"allow":["GET"]}}],"collection":[{"href":"https:\/\/agora.xtec.cat\/iesfrancescmacia\/wp-json\/wp\/v2\/posts"}],"about":[{"href":"https:\/\/agora.xtec.cat\/iesfrancescmacia\/wp-json\/wp\/v2\/types\/post"}],"author":[{"embeddable":true,"href":"https:\/\/agora.xtec.cat\/iesfrancescmacia\/wp-json\/wp\/v2\/users\/7"}],"replies":[{"embeddable":true,"href":"https:\/\/agora.xtec.cat\/iesfrancescmacia\/wp-json\/wp\/v2\/comments?post=1049"}],"version-history":[{"count":3,"href":"https:\/\/agora.xtec.cat\/iesfrancescmacia\/wp-json\/wp\/v2\/posts\/1049\/revisions"}],"predecessor-version":[{"id":1958,"href":"https:\/\/agora.xtec.cat\/iesfrancescmacia\/wp-json\/wp\/v2\/posts\/1049\/revisions\/1958"}],"wp:featuredmedia":[{"embeddable":true,"href":"https:\/\/agora.xtec.cat\/iesfrancescmacia\/wp-json\/wp\/v2\/media\/1050"}],"wp:attachment":[{"href":"https:\/\/agora.xtec.cat\/iesfrancescmacia\/wp-json\/wp\/v2\/media?parent=1049"}],"wp:term":[{"taxonomy":"category","embeddable":true,"href":"https:\/\/agora.xtec.cat\/iesfrancescmacia\/wp-json\/wp\/v2\/categories?post=1049"},{"taxonomy":"post_tag","embeddable":true,"href":"https:\/\/agora.xtec.cat\/iesfrancescmacia\/wp-json\/wp\/v2\/tags?post=1049"}],"curies":[{"name":"wp","href":"https:\/\/api.w.org\/{rel}","templated":true}]}}