{"id":8832,"date":"2022-06-24T19:53:54","date_gmt":"2022-06-24T17:53:54","guid":{"rendered":"https:\/\/agora.xtec.cat\/iesforatdelvent\/?p=8832"},"modified":"2022-06-27T13:15:43","modified_gmt":"2022-06-27T11:15:43","slug":"homenatge-als-deportats-de-cerdanyola","status":"publish","type":"post","link":"https:\/\/agora.xtec.cat\/iesforatdelvent\/general\/homenatge-als-deportats-de-cerdanyola\/","title":{"rendered":"Homenatge als deportats de Cerdanyola"},"content":{"rendered":"<p style=\"text-align: justify;\">Quatre alumnes de batxillerat, la Lucia Quintanilla, el David Llibre, la Javilet Cora i la Laura Izquierdo van participar en l&#8217;acte de record dels deportats cerdanyolencs als camps de concentraci\u00f3 nazis de Mauthausen. A les 6h. de la tarda van assistir a la rebuda dels familiars d&#8217;Amadeu Comas a la Sala de Plens de l&#8217;Ajuntament i cap a les 7h. van participar en l&#8217;emotiu acte d&#8217;homenatge amb els familiars, les entitats cerdanyolenques, la Josepa Gardenyes de l&#8217;Amical, el Vicen\u00e7 Villatoro del Memorial Democr\u00e0tic i les autoritats, el qual va tenir a la Pla\u00e7a de la Pau.<\/p>\n<p><!--more--><\/p>\n<p style=\"text-align: center;\">\r\n\t<div class=\"slideshow_container slideshow_container_style-light\" style=\"height: 400px; \" data-slideshow-id=\"8835\" data-style-name=\"style-light\" data-style-version=\"2.3.1\" >\r\n\r\n\t\t\t\t\t<div class=\"slideshow_loading_icon\"><\/div>\r\n\t\t\r\n\t\t<div class=\"slideshow_content\" style=\"display: none;\">\r\n\r\n\t\t\t<div class=\"slideshow_view\">\r\n\t\t\t\t<div class=\"slideshow_slide slideshow_slide_image\">\r\n\t\t\t\t\t\t\t\t\t\t\t<img src=\"https:\/\/agora.xtec.cat\/iesforatdelvent\/wp-content\/uploads\/usu1330\/2022\/06\/IMG-20220620-WA0003.jpg\" alt=\"IMG-20220620-WA0003\" width=\"1080\" height=\"1080\" \/>\r\n\t\t\t\t\t\t\t\t\t\t<div class=\"slideshow_description_box slideshow_transparent\">\r\n\t\t\t\t\t\t<div class=\"slideshow_title\">IMG-20220620-WA0003<\/div>\t\t\t\t\t\t\t\t\t\t\t<\/div>\r\n\t\t\t\t<\/div>\r\n\r\n\t\t\t\t\t\t<div style=\"clear: both;\"><\/div><\/div><div class=\"slideshow_view\">\r\n\t\t\t\t<div class=\"slideshow_slide slideshow_slide_image\">\r\n\t\t\t\t\t\t\t\t\t\t\t<img src=\"https:\/\/agora.xtec.cat\/iesforatdelvent\/wp-content\/uploads\/usu1330\/2022\/06\/IMG-20220622-WA0086.jpg\" alt=\"IMG-20220622-WA0086\" width=\"1600\" height=\"1066\" \/>\r\n\t\t\t\t\t\t\t\t\t\t<div class=\"slideshow_description_box slideshow_transparent\">\r\n\t\t\t\t\t\t<div class=\"slideshow_title\">IMG-20220622-WA0086<\/div>\t\t\t\t\t\t\t\t\t\t\t<\/div>\r\n\t\t\t\t<\/div>\r\n\r\n\t\t\t\t\t\t<div style=\"clear: both;\"><\/div><\/div><div class=\"slideshow_view\">\r\n\t\t\t\t<div class=\"slideshow_slide slideshow_slide_image\">\r\n\t\t\t\t\t\t\t\t\t\t\t<img src=\"https:\/\/agora.xtec.cat\/iesforatdelvent\/wp-content\/uploads\/usu1330\/2022\/06\/IMG-20220622-WA0085.jpg\" alt=\"IMG-20220622-WA0085\" width=\"1600\" height=\"1200\" \/>\r\n\t\t\t\t\t\t\t\t\t\t<div class=\"slideshow_description_box slideshow_transparent\">\r\n\t\t\t\t\t\t<div class=\"slideshow_title\">IMG-20220622-WA0085<\/div>\t\t\t\t\t\t\t\t\t\t\t<\/div>\r\n\t\t\t\t<\/div>\r\n\r\n\t\t\t\t\t\t<div style=\"clear: both;\"><\/div><\/div><div class=\"slideshow_view\">\r\n\t\t\t\t<div class=\"slideshow_slide slideshow_slide_image\">\r\n\t\t\t\t\t\t\t\t\t\t\t<img src=\"https:\/\/agora.xtec.cat\/iesforatdelvent\/wp-content\/uploads\/usu1330\/2022\/06\/IMG-20220623-WA0000.jpg\" alt=\"IMG-20220623-WA0000\" width=\"1024\" height=\"768\" \/>\r\n\t\t\t\t\t\t\t\t\t\t<div class=\"slideshow_description_box slideshow_transparent\">\r\n\t\t\t\t\t\t<div class=\"slideshow_title\">IMG-20220623-WA0000<\/div>\t\t\t\t\t\t\t\t\t\t\t<\/div>\r\n\t\t\t\t<\/div>\r\n\r\n\t\t\t\t\t\t<div style=\"clear: both;\"><\/div><\/div><div class=\"slideshow_view\">\r\n\t\t\t\t<div class=\"slideshow_slide slideshow_slide_image\">\r\n\t\t\t\t\t\t\t\t\t\t\t<img src=\"https:\/\/agora.xtec.cat\/iesforatdelvent\/wp-content\/uploads\/usu1330\/2022\/06\/IMG-20220623-WA0003.jpg\" alt=\"IMG-20220623-WA0003\" width=\"1024\" height=\"768\" \/>\r\n\t\t\t\t\t\t\t\t\t\t<div class=\"slideshow_description_box slideshow_transparent\">\r\n\t\t\t\t\t\t<div class=\"slideshow_title\">IMG-20220623-WA0003<\/div>\t\t\t\t\t\t\t\t\t\t\t<\/div>\r\n\t\t\t\t<\/div>\r\n\r\n\t\t\t\t\t\t<div style=\"clear: both;\"><\/div><\/div><div class=\"slideshow_view\">\r\n\t\t\t\t<div class=\"slideshow_slide slideshow_slide_image\">\r\n\t\t\t\t\t\t\t\t\t\t\t<img src=\"https:\/\/agora.xtec.cat\/iesforatdelvent\/wp-content\/uploads\/usu1330\/2022\/06\/IMG-20220623-WA0001.jpg\" alt=\"IMG-20220623-WA0001\" width=\"1024\" height=\"768\" \/>\r\n\t\t\t\t\t\t\t\t\t\t<div class=\"slideshow_description_box slideshow_transparent\">\r\n\t\t\t\t\t\t<div class=\"slideshow_title\">IMG-20220623-WA0001<\/div>\t\t\t\t\t\t\t\t\t\t\t<\/div>\r\n\t\t\t\t<\/div>\r\n\r\n\t\t\t\t\t\t<div style=\"clear: both;\"><\/div><\/div>\r\n\t\t<\/div>\r\n\r\n\t\t<div class=\"slideshow_controlPanel slideshow_transparent\" style=\"display: none;\"><ul><li class=\"slideshow_togglePlay\" data-play-text=\"Visualitza\" data-pause-text=\"Pausa\"><\/li><\/ul><\/div>\r\n\r\n\t\t<div class=\"slideshow_button slideshow_previous slideshow_transparent\" role=\"button\" data-previous-text=\"Anterior\" style=\"display: none;\"><\/div>\r\n\t\t<div class=\"slideshow_button slideshow_next slideshow_transparent\" role=\"button\" data-next-text=\"Seg\u00fcent\" style=\"display: none;\"><\/div>\r\n\r\n\t\t<div class=\"slideshow_pagination\" style=\"display: none;\" data-go-to-text=\"V\u00e9s a la diapositiva\"><div class=\"slideshow_pagination_center\"><\/div><\/div>\r\n\r\n\t\t<!-- WordPress Slideshow Version 2.3.1 -->\r\n\r\n\t\t\t<\/div>\r\n\r\n<\/p>\n<p>&nbsp;<\/p>\n<p>&nbsp;<\/p>\n","protected":false},"excerpt":{"rendered":"<p>Quatre alumnes de batxillerat, la Lucia Quintanilla, el David Llibre, la Javilet Cora i la Laura Izquierdo van participar en l&#8217;acte de record dels deportats cerdanyolencs als camps de concentraci\u00f3 nazis de Mauthausen. A les 6h. de la tarda van assistir a la rebuda dels&hellip;  <a href=\"https:\/\/agora.xtec.cat\/iesforatdelvent\/general\/homenatge-als-deportats-de-cerdanyola\/\" title=\"Read Homenatge als deportats de Cerdanyola\">Llegeix m\u00e9s\u00bb<\/a><\/p>\n","protected":false},"author":3,"featured_media":8843,"comment_status":"closed","ping_status":"closed","sticky":false,"template":"","format":"standard","meta":{"_bbp_topic_count":0,"_bbp_reply_count":0,"_bbp_total_topic_count":0,"_bbp_total_reply_count":0,"_bbp_voice_count":0,"_bbp_anonymous_reply_count":0,"_bbp_topic_count_hidden":0,"_bbp_reply_count_hidden":0,"_bbp_forum_subforum_count":0,"footnotes":""},"categories":[116,117,118,119,534,8,103,127,1,29],"tags":[429,538,341,398,602,593],"class_list":["post-8832","post","type-post","status-publish","format-standard","has-post-thumbnail","hentry","category-bat-1a","category-bat-1b","category-bat-1c","category-bat-1d","category-bat-1e","category-batxillerat-diurn","category-btx-1","category-cs","category-general","category-portada","tag-1r-batx","tag-acte","tag-batx","tag-ciencies-socials","tag-homenatge","tag-mauthausen"],"post_mailing_queue_ids":[],"_links":{"self":[{"href":"https:\/\/agora.xtec.cat\/iesforatdelvent\/wp-json\/wp\/v2\/posts\/8832","targetHints":{"allow":["GET"]}}],"collection":[{"href":"https:\/\/agora.xtec.cat\/iesforatdelvent\/wp-json\/wp\/v2\/posts"}],"about":[{"href":"https:\/\/agora.xtec.cat\/iesforatdelvent\/wp-json\/wp\/v2\/types\/post"}],"author":[{"embeddable":true,"href":"https:\/\/agora.xtec.cat\/iesforatdelvent\/wp-json\/wp\/v2\/users\/3"}],"replies":[{"embeddable":true,"href":"https:\/\/agora.xtec.cat\/iesforatdelvent\/wp-json\/wp\/v2\/comments?post=8832"}],"version-history":[{"count":4,"href":"https:\/\/agora.xtec.cat\/iesforatdelvent\/wp-json\/wp\/v2\/posts\/8832\/revisions"}],"predecessor-version":[{"id":8940,"href":"https:\/\/agora.xtec.cat\/iesforatdelvent\/wp-json\/wp\/v2\/posts\/8832\/revisions\/8940"}],"wp:featuredmedia":[{"embeddable":true,"href":"https:\/\/agora.xtec.cat\/iesforatdelvent\/wp-json\/wp\/v2\/media\/8843"}],"wp:attachment":[{"href":"https:\/\/agora.xtec.cat\/iesforatdelvent\/wp-json\/wp\/v2\/media?parent=8832"}],"wp:term":[{"taxonomy":"category","embeddable":true,"href":"https:\/\/agora.xtec.cat\/iesforatdelvent\/wp-json\/wp\/v2\/categories?post=8832"},{"taxonomy":"post_tag","embeddable":true,"href":"https:\/\/agora.xtec.cat\/iesforatdelvent\/wp-json\/wp\/v2\/tags?post=8832"}],"curies":[{"name":"wp","href":"https:\/\/api.w.org\/{rel}","templated":true}]}}