{"id":2937,"date":"2018-12-11T20:27:46","date_gmt":"2018-12-11T19:27:46","guid":{"rendered":"http:\/\/agora.xtec.cat\/iesforatdelvent\/?p=2937"},"modified":"2018-12-11T20:27:46","modified_gmt":"2018-12-11T19:27:46","slug":"taller-dautoproteccio-i-primers-auxilis","status":"publish","type":"post","link":"https:\/\/agora.xtec.cat\/iesforatdelvent\/general\/taller-dautoproteccio-i-primers-auxilis\/","title":{"rendered":"Taller d&#8217;autoprotecci\u00f3 i primers auxilis"},"content":{"rendered":"<p>Des de l&#8217;\u00e0rea de Protecci\u00f3 de la Salut de l&#8217;ajuntament s&#8217;ha organitzat aquest curset:<\/p>\n<p>Taller d&#8217;autoprotecci\u00f3 i suport b\u00e0sic, general i\u00a0espec\u00edfic per a la Ciutadania.\u00a0Gratu\u00eft, per la\u00a0millora de coneixements de primers auxilis i de funcionament de les DEA, col\u00b7locades a diferents llocs de la ciutat.<\/p>\n<p><span style=\"font-family: Arial, Helvetica, sans-serif\">Dades del curs:<\/span><\/p>\n<div>CURS: F3 Taller d&#8217;autoprotecci\u00f3 i suport vital b\u00e0sic i DEA per a la ciutadania<\/div>\n<div>CLIENT: Ajuntament de Cerdanyola del Vall\u00e8s<\/div>\n<div>CENTRE: Associaci\u00f3 de Ve\u00efns de les Fontetes<\/div>\n<div>DATA: 19\/12\/2018<\/div>\n<div>HORARI: 15:30 &#8211; 19:30<\/div>\n<div>FORMADOR: Jordi Valls<\/div>\n<div>ALUMNES: m\u00e0x 24<\/div>\n<div>HORES DURADA CURS: 4<\/div>\n<div><\/div>\n<div>Si us plau, aquelles persones interessades en fer-ho\u00a0que es posin en contacte amb Promoci\u00f3 de la Salut (promociosalutcv<span class=\"\"><span class=\"\">@<\/span>gmail.com<\/span>).<\/div>\n<div><a href=\"https:\/\/agora.xtec.cat\/iesforatdelvent\/wp-content\/uploads\/usu1330\/2018\/12\/Nou-Cartell-Primers-auxilisIII.pdf\" target=\"_blank\" rel=\"noopener\">Cartell Primers auxilisIII<\/a><\/div>\n<div><a href=\"https:\/\/agora.xtec.cat\/iesforatdelvent\/wp-content\/uploads\/usu1330\/2018\/12\/taller-primers-auxilis.jpg\"><img loading=\"lazy\" decoding=\"async\" class=\"alignleft size-full wp-image-2938\" src=\"https:\/\/agora.xtec.cat\/iesforatdelvent\/wp-content\/uploads\/usu1330\/2018\/12\/taller-primers-auxilis.jpg\" alt=\"\" width=\"657\" height=\"933\" srcset=\"https:\/\/agora.xtec.cat\/iesforatdelvent\/wp-content\/uploads\/usu1330\/2018\/12\/taller-primers-auxilis.jpg 657w, https:\/\/agora.xtec.cat\/iesforatdelvent\/wp-content\/uploads\/usu1330\/2018\/12\/taller-primers-auxilis-211x300.jpg 211w\" sizes=\"auto, (max-width: 657px) 100vw, 657px\" \/><\/a><\/div>\n","protected":false},"excerpt":{"rendered":"<p>Des de l&#8217;\u00e0rea de Protecci\u00f3 de la Salut de l&#8217;ajuntament s&#8217;ha organitzat aquest curset:<br \/>\nTaller d&#8217;autoprotecci\u00f3 i suport b\u00e0sic, general i\u00a0espec\u00edfic per a la Ciutadania.\u00a0Gratu\u00eft, per la\u00a0millora de coneixements de primers auxilis i de funcionament de les DEA, col\u00b7locades a diferents llocs de la ciutat.<br \/>\nDades del&hellip;  <a href=\"https:\/\/agora.xtec.cat\/iesforatdelvent\/general\/taller-dautoproteccio-i-primers-auxilis\/\" title=\"Read Taller d&#8217;autoprotecci\u00f3 i primers auxilis\">Llegeix m\u00e9s\u00bb<\/a><\/p>\n","protected":false},"author":40,"featured_media":0,"comment_status":"open","ping_status":"closed","sticky":false,"template":"","format":"standard","meta":{"_bbp_topic_count":0,"_bbp_reply_count":0,"_bbp_total_topic_count":0,"_bbp_total_reply_count":0,"_bbp_voice_count":0,"_bbp_anonymous_reply_count":0,"_bbp_topic_count_hidden":0,"_bbp_reply_count_hidden":0,"_bbp_forum_subforum_count":0,"footnotes":""},"categories":[31,1],"tags":[],"class_list":["post-2937","post","type-post","status-publish","format-standard","hentry","category-ampa","category-general"],"post_mailing_queue_ids":[],"_links":{"self":[{"href":"https:\/\/agora.xtec.cat\/iesforatdelvent\/wp-json\/wp\/v2\/posts\/2937","targetHints":{"allow":["GET"]}}],"collection":[{"href":"https:\/\/agora.xtec.cat\/iesforatdelvent\/wp-json\/wp\/v2\/posts"}],"about":[{"href":"https:\/\/agora.xtec.cat\/iesforatdelvent\/wp-json\/wp\/v2\/types\/post"}],"author":[{"embeddable":true,"href":"https:\/\/agora.xtec.cat\/iesforatdelvent\/wp-json\/wp\/v2\/users\/40"}],"replies":[{"embeddable":true,"href":"https:\/\/agora.xtec.cat\/iesforatdelvent\/wp-json\/wp\/v2\/comments?post=2937"}],"version-history":[{"count":1,"href":"https:\/\/agora.xtec.cat\/iesforatdelvent\/wp-json\/wp\/v2\/posts\/2937\/revisions"}],"predecessor-version":[{"id":2940,"href":"https:\/\/agora.xtec.cat\/iesforatdelvent\/wp-json\/wp\/v2\/posts\/2937\/revisions\/2940"}],"wp:attachment":[{"href":"https:\/\/agora.xtec.cat\/iesforatdelvent\/wp-json\/wp\/v2\/media?parent=2937"}],"wp:term":[{"taxonomy":"category","embeddable":true,"href":"https:\/\/agora.xtec.cat\/iesforatdelvent\/wp-json\/wp\/v2\/categories?post=2937"},{"taxonomy":"post_tag","embeddable":true,"href":"https:\/\/agora.xtec.cat\/iesforatdelvent\/wp-json\/wp\/v2\/tags?post=2937"}],"curies":[{"name":"wp","href":"https:\/\/api.w.org\/{rel}","templated":true}]}}