{"id":2364,"date":"2018-03-08T21:28:22","date_gmt":"2018-03-08T20:28:22","guid":{"rendered":"http:\/\/agora.xtec.cat\/iesforatdelvent\/?p=2364"},"modified":"2018-05-31T13:05:27","modified_gmt":"2018-05-31T11:05:27","slug":"convocatoria-de-beques-escolars-per-al-curs-academic-2018-2019","status":"publish","type":"post","link":"https:\/\/agora.xtec.cat\/iesforatdelvent\/general\/convocatoria-de-beques-escolars-per-al-curs-academic-2018-2019\/","title":{"rendered":"CONVOCAT\u00d2RIA DE BEQUES ESCOLARS PER AL CURS ACAD\u00c8MIC 2018-2019"},"content":{"rendered":"<p>Benvolgudes fam\u00edlies,<\/p>\n<p>Els dies\u00a021 i 22 de mar\u00e7 s\u00f3n els dies de presentaci\u00f3 de sol\u00b7licituds per a les beques escolars del nostre institut.<\/p>\n<p>Us adjuntem la documentaci\u00f3 necess\u00e0ria.<\/p>\n<p>Atentament<\/p>\n<p>AMPA IES Forat del Vent<\/p>\n<p><a href=\"http:\/\/agora.xtec.cat\/iesforatdelvent\/wp-content\/uploads\/usu1330\/2018\/03\/Full-informatiu-1.pdf\" target=\"_blank\" rel=\"noopener noreferrer\">Full informatiu-1<\/a><\/p>\n<p><a href=\"http:\/\/agora.xtec.cat\/iesforatdelvent\/wp-content\/uploads\/usu1330\/2018\/03\/Sol.licitud-2018.pdf\" target=\"_blank\" rel=\"noopener noreferrer\">Sol.licitud 2018<\/a><\/p>\n<p><a href=\"http:\/\/agora.xtec.cat\/iesforatdelvent\/wp-content\/uploads\/usu1330\/2018\/03\/Informaci\u00f3-tr\u00e0mit-Beques-escolars-2018.pdf\" target=\"_blank\" rel=\"noopener noreferrer\">Informaci\u00f3 tr\u00e0mit Beques escolars 2018<\/a><\/p>\n<p><a href=\"http:\/\/agora.xtec.cat\/iesforatdelvent\/wp-content\/uploads\/usu1330\/2018\/03\/Convocat\u00f2ria-beques-escolars-2018.pdf\" target=\"_blank\" rel=\"noopener noreferrer\">Convocat\u00f2ria beques escolars 2018<\/a><\/p>\n","protected":false},"excerpt":{"rendered":"<p>Benvolgudes fam\u00edlies,<br \/>\nEls dies\u00a021 i 22 de mar\u00e7 s\u00f3n els dies de presentaci\u00f3 de sol\u00b7licituds per a les beques escolars del nostre institut.<br \/>\nUs adjuntem la documentaci\u00f3 necess\u00e0ria.<br \/>\nAtentament<br \/>\nAMPA IES Forat del Vent<br \/>\n<a href=\"http:\/\/agora.xtec.cat\/iesforatdelvent\/wp-content\/uploads\/usu1330\/2018\/03\/Full-informatiu-1.pdf\" target=\"_blank\" rel=\"noopener noreferrer\">Full informatiu-1<\/a><br \/>\n<a href=\"http:\/\/agora.xtec.cat\/iesforatdelvent\/wp-content\/uploads\/usu1330\/2018\/03\/Sol.licitud-2018.pdf\" target=\"_blank\" rel=\"noopener noreferrer\">Sol.licitud 2018<\/a><br \/>\n<a href=\"http:\/\/agora.xtec.cat\/iesforatdelvent\/wp-content\/uploads\/usu1330\/2018\/03\/Informaci\u00f3-tr\u00e0mit-Beques-escolars-2018.pdf\" target=\"_blank\" rel=\"noopener noreferrer\">Informaci\u00f3 tr\u00e0mit&hellip;  <a href=\"https:\/\/agora.xtec.cat\/iesforatdelvent\/general\/convocatoria-de-beques-escolars-per-al-curs-academic-2018-2019\/\" title=\"Read CONVOCAT\u00d2RIA DE BEQUES ESCOLARS PER AL CURS ACAD\u00c8MIC 2018-2019\">Llegeix m\u00e9s\u00bb<\/a><\/p>\n","protected":false},"author":40,"featured_media":0,"comment_status":"open","ping_status":"closed","sticky":false,"template":"","format":"standard","meta":{"_bbp_topic_count":0,"_bbp_reply_count":0,"_bbp_total_topic_count":0,"_bbp_total_reply_count":0,"_bbp_voice_count":0,"_bbp_anonymous_reply_count":0,"_bbp_topic_count_hidden":0,"_bbp_reply_count_hidden":0,"_bbp_forum_subforum_count":0,"footnotes":""},"categories":[31,1],"tags":[],"class_list":["post-2364","post","type-post","status-publish","format-standard","hentry","category-ampa","category-general"],"post_mailing_queue_ids":[],"_links":{"self":[{"href":"https:\/\/agora.xtec.cat\/iesforatdelvent\/wp-json\/wp\/v2\/posts\/2364","targetHints":{"allow":["GET"]}}],"collection":[{"href":"https:\/\/agora.xtec.cat\/iesforatdelvent\/wp-json\/wp\/v2\/posts"}],"about":[{"href":"https:\/\/agora.xtec.cat\/iesforatdelvent\/wp-json\/wp\/v2\/types\/post"}],"author":[{"embeddable":true,"href":"https:\/\/agora.xtec.cat\/iesforatdelvent\/wp-json\/wp\/v2\/users\/40"}],"replies":[{"embeddable":true,"href":"https:\/\/agora.xtec.cat\/iesforatdelvent\/wp-json\/wp\/v2\/comments?post=2364"}],"version-history":[{"count":3,"href":"https:\/\/agora.xtec.cat\/iesforatdelvent\/wp-json\/wp\/v2\/posts\/2364\/revisions"}],"predecessor-version":[{"id":2621,"href":"https:\/\/agora.xtec.cat\/iesforatdelvent\/wp-json\/wp\/v2\/posts\/2364\/revisions\/2621"}],"wp:attachment":[{"href":"https:\/\/agora.xtec.cat\/iesforatdelvent\/wp-json\/wp\/v2\/media?parent=2364"}],"wp:term":[{"taxonomy":"category","embeddable":true,"href":"https:\/\/agora.xtec.cat\/iesforatdelvent\/wp-json\/wp\/v2\/categories?post=2364"},{"taxonomy":"post_tag","embeddable":true,"href":"https:\/\/agora.xtec.cat\/iesforatdelvent\/wp-json\/wp\/v2\/tags?post=2364"}],"curies":[{"name":"wp","href":"https:\/\/api.w.org\/{rel}","templated":true}]}}