{"id":2130,"date":"2017-12-12T20:41:52","date_gmt":"2017-12-12T19:41:52","guid":{"rendered":"http:\/\/agora.xtec.cat\/iesforatdelvent\/?p=2130"},"modified":"2018-03-08T08:46:10","modified_gmt":"2018-03-08T07:46:10","slug":"lampa-amb-la-cursa-solidaria","status":"publish","type":"post","link":"https:\/\/agora.xtec.cat\/iesforatdelvent\/ampa\/lampa-amb-la-cursa-solidaria\/","title":{"rendered":"L&#8217;AMPA amb la Cursa solid\u00e0ria"},"content":{"rendered":"<p style=\"text-align: center;\"><a href=\"https:\/\/sites.google.com\/site\/ampaforat\/home\" target=\"_blank\" rel=\"noopener noreferrer\"><span style=\"color: #ff0000;\"><b style=\"color: #ff0000;\">Podeu accedir a la nostra web per veure fotos i <\/b><span style=\"color: #ff0000;\"><b>v\u00eddeo<\/b><\/span><b style=\"color: #ff0000;\">\u00a0de la Cursa<\/b><\/span><\/a><\/p>\n<p>Un any m\u00e9s l&#8217;institut organitza la Cursa Solid\u00e0ria amb la Fundaci\u00f3 Banc dels Aliments. Ja comen\u00e7a a ser una tradici\u00f3 i cada cop s&#8217;afegeixen m\u00e9s participants.<\/p>\n<p>Des de l&#8217;AMPA col\u00b7laborem amb la xocolatada posterior i amb alguns del premis per als guanyadors. Aquest any a m\u00e9s a m\u00e9s hem\u00a0aconseguit que l&#8217;empresa que ens far\u00e0 la xocolatada aporti\u00a050 kg. d&#8217;arr\u00f2s, 25 de litres d&#8217;oli de girasol i 24 Kg de tom\u00e0quet fregit.<\/p>\n<p>Enhorabona als organitzadors i a tots vosaltres per participar-hi.<\/p>\n<p>&nbsp;<\/p>\n<p>AMPA.<\/p>\n<p><a href=\"http:\/\/agora.xtec.cat\/iesforatdelvent\/wp-content\/uploads\/usu1330\/2017\/12\/IMG-20171209-WA0012-e1512938308224.jpg\"><img loading=\"lazy\" decoding=\"async\" class=\"alignleft wp-image-2114 size-medium\" src=\"http:\/\/agora.xtec.cat\/iesforatdelvent\/wp-content\/uploads\/usu1330\/2017\/12\/IMG-20171209-WA0012-212x300.jpg\" alt=\"\" width=\"212\" height=\"300\" \/><\/a><\/p>\n","protected":false},"excerpt":{"rendered":"<p><a href=\"https:\/\/sites.google.com\/site\/ampaforat\/home\" target=\"_blank\" rel=\"noopener noreferrer\">Podeu accedir a la nostra web per veure fotos i v\u00eddeo\u00a0de la Cursa<\/a><br \/>\nUn any m\u00e9s l&#8217;institut organitza la Cursa Solid\u00e0ria amb la Fundaci\u00f3 Banc dels Aliments. Ja comen\u00e7a a ser una tradici\u00f3 i cada cop s&#8217;afegeixen m\u00e9s participants.<br \/>\nDes de l&#8217;AMPA col\u00b7laborem&hellip;  <a href=\"https:\/\/agora.xtec.cat\/iesforatdelvent\/ampa\/lampa-amb-la-cursa-solidaria\/\" title=\"Read L&#8217;AMPA amb la Cursa solid\u00e0ria\">Llegeix m\u00e9s\u00bb<\/a><\/p>\n","protected":false},"author":40,"featured_media":0,"comment_status":"open","ping_status":"closed","sticky":false,"template":"","format":"standard","meta":{"_bbp_topic_count":0,"_bbp_reply_count":0,"_bbp_total_topic_count":0,"_bbp_total_reply_count":0,"_bbp_voice_count":0,"_bbp_anonymous_reply_count":0,"_bbp_topic_count_hidden":0,"_bbp_reply_count_hidden":0,"_bbp_forum_subforum_count":0,"footnotes":""},"categories":[31],"tags":[],"class_list":["post-2130","post","type-post","status-publish","format-standard","hentry","category-ampa"],"post_mailing_queue_ids":[],"_links":{"self":[{"href":"https:\/\/agora.xtec.cat\/iesforatdelvent\/wp-json\/wp\/v2\/posts\/2130","targetHints":{"allow":["GET"]}}],"collection":[{"href":"https:\/\/agora.xtec.cat\/iesforatdelvent\/wp-json\/wp\/v2\/posts"}],"about":[{"href":"https:\/\/agora.xtec.cat\/iesforatdelvent\/wp-json\/wp\/v2\/types\/post"}],"author":[{"embeddable":true,"href":"https:\/\/agora.xtec.cat\/iesforatdelvent\/wp-json\/wp\/v2\/users\/40"}],"replies":[{"embeddable":true,"href":"https:\/\/agora.xtec.cat\/iesforatdelvent\/wp-json\/wp\/v2\/comments?post=2130"}],"version-history":[{"count":3,"href":"https:\/\/agora.xtec.cat\/iesforatdelvent\/wp-json\/wp\/v2\/posts\/2130\/revisions"}],"predecessor-version":[{"id":2349,"href":"https:\/\/agora.xtec.cat\/iesforatdelvent\/wp-json\/wp\/v2\/posts\/2130\/revisions\/2349"}],"wp:attachment":[{"href":"https:\/\/agora.xtec.cat\/iesforatdelvent\/wp-json\/wp\/v2\/media?parent=2130"}],"wp:term":[{"taxonomy":"category","embeddable":true,"href":"https:\/\/agora.xtec.cat\/iesforatdelvent\/wp-json\/wp\/v2\/categories?post=2130"},{"taxonomy":"post_tag","embeddable":true,"href":"https:\/\/agora.xtec.cat\/iesforatdelvent\/wp-json\/wp\/v2\/tags?post=2130"}],"curies":[{"name":"wp","href":"https:\/\/api.w.org\/{rel}","templated":true}]}}