{"id":2013,"date":"2017-11-16T20:46:44","date_gmt":"2017-11-16T19:46:44","guid":{"rendered":"http:\/\/agora.xtec.cat\/iesforatdelvent\/?p=2013"},"modified":"2017-11-16T20:50:11","modified_gmt":"2017-11-16T19:50:11","slug":"xerrada-contaminacio-atmosferica-en-entorns-escolars","status":"publish","type":"post","link":"https:\/\/agora.xtec.cat\/iesforatdelvent\/general\/xerrada-contaminacio-atmosferica-en-entorns-escolars\/","title":{"rendered":"Xerrada Contaminaci\u00f3 atmosf\u00e8rica en entorns escolars"},"content":{"rendered":"<p><img decoding=\"async\" src=\"https:\/\/mail.google.com\/mail\/u\/0\/?ui=2&amp;ik=48155dff77&amp;view=fimg&amp;th=15fc48d06b99bcc1&amp;attid=0.0.1&amp;disp=emb&amp;attbid=ANGjdJ_Om1uRlMWuyTP7SriMyg2ucYtt7J3jRO9HKrd8sCzahWlfeXcGIIri8j0Nu-c6ZwgvlZebBx1KDGgXsf5cdUM_jbfhczvTbMyR1C_2ZAvBiRR1xCHm248fjF8&amp;sz=s0-l75-ft&amp;ats=1510861022645&amp;rm=15fc48d06b99bcc1&amp;zw&amp;atsh=1\" \/>\u00a0<img loading=\"lazy\" decoding=\"async\" class=\"\" src=\"https:\/\/mail.google.com\/mail\/u\/0\/?ui=2&amp;ik=48155dff77&amp;view=fimg&amp;th=15fc48d06b99bcc1&amp;attid=0.0.3&amp;disp=emb&amp;attbid=ANGjdJ_miGbrNB2djz7WL4DMi0_cI0T3lZbox0aiSt69FGZdTnGNVxNiy420GVkWEsjeCaB_DOregLUdFdEEg8k7W1X0UnYThrTAwxPuNdP3aZE7jpDTHsPzmaGsZrE&amp;sz=w440-h214&amp;ats=1510861022645&amp;rm=15fc48d06b99bcc1&amp;zw&amp;atsh=1\" width=\"223\" height=\"108\" \/><\/p>\n<div><span style=\"font-size: medium\">Benvolguts, benvolgudes,<\/span><\/div>\n<div id=\"m_71445088784905017x_x_x_Signature\">\n<div id=\"m_71445088784905017x_x_x_divtagdefaultwrapper\">\n<div>\n<div><span style=\"color: #7232ad;font-family: Arial, Helvetica, sans-serif;font-size: medium\">\u00a0<\/span><\/div>\n<div><span style=\"color: #7232ad;font-family: Arial, Helvetica, sans-serif;font-size: medium\"><span style=\"color: black\">seguint les indicacions de la regidora d&#8217;Educaci\u00f3, Sra. Elvi Vila, us fem arribar la invitaci\u00f3 i fullet\u00f3 de\u00a0la<\/span><span style=\"color: black;font-size: medium\">\u00a0Xerrada\u00a0<b>Contaminaci\u00f3 atmosf\u00e8rica en entorns escolars<\/b>, organitzada en el marc del Projecte Educatiu de Ciutat de Cerdanyola.<\/span><\/span><\/div>\n<div><span style=\"color: #7232ad;font-family: Arial, Helvetica, sans-serif;font-size: small\"><span style=\"color: black\">\u00a0<\/span><\/span><\/div>\n<div><span style=\"color: #7232ad;font-family: Arial, Helvetica, sans-serif;font-size: small\"><span style=\"color: black;font-size: medium\">La jornada, oberta a tota la ciutadania, es realitzar\u00e0 el\u00a0<b>dimarts 21\u00a0de novembre a les 18,30\u00a0hores a la Sala d\u2019Enric Granados de la Biblioteca Central de Cerdanyola.<\/b>\u00a0<\/span><br \/>\n<\/span><\/div>\n<div><span style=\"color: #7232ad;font-family: Arial, Helvetica, sans-serif;font-size: small\">\u00a0<\/span><\/div>\n<div><span style=\"color: #7232ad;font-family: Arial, Helvetica, sans-serif;font-size: small\">\u00a0<\/span><\/div>\n<div><span style=\"color: #7232ad;font-family: Arial, Helvetica, sans-serif;font-size: medium\"><span style=\"color: black;font-size: medium\">Cordialment,<\/span><\/span><\/div>\n<\/div>\n<\/div>\n<\/div>\n<p>&nbsp;<\/p>\n<p><img decoding=\"async\" id=\"m_71445088784905017x_img836903\" class=\"CToWUd\" src=\"https:\/\/mail.google.com\/mail\/u\/0\/?ui=2&amp;ik=48155dff77&amp;view=fimg&amp;th=15fc48d06b99bcc1&amp;attid=0.0.2&amp;disp=emb&amp;attbid=ANGjdJ9-YkW4rLhYVCa9Z48x-Y8ypGjt3wkv5WHkm6f0edQyfiwAYwRY17xJQyvNodU9h-9Ype8eLTCIGQ7u2mkmBmAqMVya0isc5h8Pyd93PEbILDOr1MoOmJwSxpU&amp;sz=s0-l75-ft&amp;ats=1510861022647&amp;rm=15fc48d06b99bcc1&amp;zw&amp;atsh=1\" \/><\/p>\n<p><a href=\"http:\/\/agora.xtec.cat\/iesforatdelvent\/wp-content\/uploads\/usu1330\/2017\/11\/Fulleto_XerradaQualitataire_2017.pdf\">Fulleto_XerradaQualitataire_2017<\/a><\/p>\n<p>&nbsp;<\/p>\n<p>&nbsp;<\/p>\n","protected":false},"excerpt":{"rendered":"<p>\u00a0<br \/>\nBenvolguts, benvolgudes,<\/p>\n<p>\u00a0<br \/>\nseguint les indicacions de la regidora d&#8217;Educaci\u00f3, Sra. Elvi Vila, us fem arribar la invitaci\u00f3 i fullet\u00f3 de\u00a0la\u00a0Xerrada\u00a0Contaminaci\u00f3 atmosf\u00e8rica en entorns escolars, organitzada en el marc del Projecte Educatiu de Ciutat de Cerdanyola.<br \/>\n\u00a0<br \/>\nLa jornada, oberta a tota la ciutadania, es realitzar\u00e0 el\u00a0dimarts 21\u00a0de novembre&hellip;  <a href=\"https:\/\/agora.xtec.cat\/iesforatdelvent\/general\/xerrada-contaminacio-atmosferica-en-entorns-escolars\/\" title=\"Read Xerrada Contaminaci\u00f3 atmosf\u00e8rica en entorns escolars\">Llegeix m\u00e9s\u00bb<\/a><\/p>\n","protected":false},"author":40,"featured_media":0,"comment_status":"open","ping_status":"closed","sticky":false,"template":"","format":"standard","meta":{"_bbp_topic_count":0,"_bbp_reply_count":0,"_bbp_total_topic_count":0,"_bbp_total_reply_count":0,"_bbp_voice_count":0,"_bbp_anonymous_reply_count":0,"_bbp_topic_count_hidden":0,"_bbp_reply_count_hidden":0,"_bbp_forum_subforum_count":0,"footnotes":""},"categories":[31,1],"tags":[],"class_list":["post-2013","post","type-post","status-publish","format-standard","hentry","category-ampa","category-general"],"post_mailing_queue_ids":[],"_links":{"self":[{"href":"https:\/\/agora.xtec.cat\/iesforatdelvent\/wp-json\/wp\/v2\/posts\/2013","targetHints":{"allow":["GET"]}}],"collection":[{"href":"https:\/\/agora.xtec.cat\/iesforatdelvent\/wp-json\/wp\/v2\/posts"}],"about":[{"href":"https:\/\/agora.xtec.cat\/iesforatdelvent\/wp-json\/wp\/v2\/types\/post"}],"author":[{"embeddable":true,"href":"https:\/\/agora.xtec.cat\/iesforatdelvent\/wp-json\/wp\/v2\/users\/40"}],"replies":[{"embeddable":true,"href":"https:\/\/agora.xtec.cat\/iesforatdelvent\/wp-json\/wp\/v2\/comments?post=2013"}],"version-history":[{"count":2,"href":"https:\/\/agora.xtec.cat\/iesforatdelvent\/wp-json\/wp\/v2\/posts\/2013\/revisions"}],"predecessor-version":[{"id":2016,"href":"https:\/\/agora.xtec.cat\/iesforatdelvent\/wp-json\/wp\/v2\/posts\/2013\/revisions\/2016"}],"wp:attachment":[{"href":"https:\/\/agora.xtec.cat\/iesforatdelvent\/wp-json\/wp\/v2\/media?parent=2013"}],"wp:term":[{"taxonomy":"category","embeddable":true,"href":"https:\/\/agora.xtec.cat\/iesforatdelvent\/wp-json\/wp\/v2\/categories?post=2013"},{"taxonomy":"post_tag","embeddable":true,"href":"https:\/\/agora.xtec.cat\/iesforatdelvent\/wp-json\/wp\/v2\/tags?post=2013"}],"curies":[{"name":"wp","href":"https:\/\/api.w.org\/{rel}","templated":true}]}}