{"id":4829,"date":"2026-04-28T13:21:44","date_gmt":"2026-04-28T11:21:44","guid":{"rendered":"https:\/\/agora.xtec.cat\/iesfontanelles\/?p=4829"},"modified":"2026-04-28T13:23:56","modified_gmt":"2026-04-28T11:23:56","slug":"lalumnat-de-1r-i-2n-deso-gaudeix-duna-jornada-matematica","status":"publish","type":"post","link":"https:\/\/agora.xtec.cat\/iesfontanelles\/eso\/lalumnat-de-1r-i-2n-deso-gaudeix-duna-jornada-matematica\/","title":{"rendered":"L&#8217;alumnat de 1r i 2n d&#8217;ESO gaudeix d&#8217;una jornada matem\u00e0tica"},"content":{"rendered":"\n<p>El 14 de mar\u00e7 no vam poder celebrar el dia internacional de les matem\u00e0tiques, per\u00f2 el divendres 24 d&#8217;abril, vam aprofitat la setmana cultural i des del departament de matem\u00e0tiques vam realitzat uns tallers molt interessants amb l&#8217;alumnat de 1r i 2n d&#8217;ESO. L&#8217;alumnat va poder gaudir de jocs de geometria i l\u00f2gica amb les maletes MMACA, descobrir el nombre Pi, van posar en relleu el paper de les dones a les matem\u00e0tiques, van gaudir gaudir amb jocs matem\u00e0tics digitals i van poder fer un &#8220;Escape Room&#8221; digital creat per un alumne de 2n de batxillerat (Arnau Migu\u00e9lez) en el seu treball de recerca.<br><br>Visca les matem\u00e0tiques!<\/p>\n\n\n\n<figure class=\"wp-block-image\"><img loading=\"lazy\" decoding=\"async\" width=\"1600\" height=\"1200\" src=\"https:\/\/agora.xtec.cat\/iesfontanelles\/wp-content\/uploads\/usu26\/2026\/04\/Jornada-matematica.jpg\" alt=\"\" class=\"wp-image-4830\" srcset=\"https:\/\/agora.xtec.cat\/iesfontanelles\/wp-content\/uploads\/usu26\/2026\/04\/Jornada-matematica.jpg 1600w, https:\/\/agora.xtec.cat\/iesfontanelles\/wp-content\/uploads\/usu26\/2026\/04\/Jornada-matematica-300x225.jpg 300w, https:\/\/agora.xtec.cat\/iesfontanelles\/wp-content\/uploads\/usu26\/2026\/04\/Jornada-matematica-1024x768.jpg 1024w, https:\/\/agora.xtec.cat\/iesfontanelles\/wp-content\/uploads\/usu26\/2026\/04\/Jornada-matematica-768x576.jpg 768w, https:\/\/agora.xtec.cat\/iesfontanelles\/wp-content\/uploads\/usu26\/2026\/04\/Jornada-matematica-1536x1152.jpg 1536w, https:\/\/agora.xtec.cat\/iesfontanelles\/wp-content\/uploads\/usu26\/2026\/04\/Jornada-matematica-200x150.jpg 200w\" sizes=\"auto, (max-width: 1600px) 100vw, 1600px\" \/><\/figure>\n","protected":false},"excerpt":{"rendered":"<p>El 14 de mar\u00e7 no vam poder celebrar el dia internacional de les matem\u00e0tiques, per\u00f2 el divendres 24 d&#8217;abril, vam aprofitat la setmana cultural i des del departament de matem\u00e0tiques vam realitzat uns tallers molt interessants amb l&#8217;alumnat de 1r i 2n d&#8217;ESO. L&#8217;alumnat va&hellip;  <a href=\"https:\/\/agora.xtec.cat\/iesfontanelles\/eso\/lalumnat-de-1r-i-2n-deso-gaudeix-duna-jornada-matematica\/\" title=\"Read L&#8217;alumnat de 1r i 2n d&#8217;ESO gaudeix d&#8217;una jornada matem\u00e0tica\">Llegeix m\u00e9s\u00bb<\/a><\/p>\n","protected":false},"author":1,"featured_media":4830,"comment_status":"open","ping_status":"open","sticky":false,"template":"","format":"standard","meta":{"_bbp_topic_count":0,"_bbp_reply_count":0,"_bbp_total_topic_count":0,"_bbp_total_reply_count":0,"_bbp_voice_count":0,"_bbp_anonymous_reply_count":0,"_bbp_topic_count_hidden":0,"_bbp_reply_count_hidden":0,"_bbp_forum_subforum_count":0,"footnotes":""},"categories":[3,29],"tags":[],"class_list":["post-4829","post","type-post","status-publish","format-standard","has-post-thumbnail","hentry","category-eso","category-portada"],"post_mailing_queue_ids":[],"_links":{"self":[{"href":"https:\/\/agora.xtec.cat\/iesfontanelles\/wp-json\/wp\/v2\/posts\/4829","targetHints":{"allow":["GET"]}}],"collection":[{"href":"https:\/\/agora.xtec.cat\/iesfontanelles\/wp-json\/wp\/v2\/posts"}],"about":[{"href":"https:\/\/agora.xtec.cat\/iesfontanelles\/wp-json\/wp\/v2\/types\/post"}],"author":[{"embeddable":true,"href":"https:\/\/agora.xtec.cat\/iesfontanelles\/wp-json\/wp\/v2\/users\/1"}],"replies":[{"embeddable":true,"href":"https:\/\/agora.xtec.cat\/iesfontanelles\/wp-json\/wp\/v2\/comments?post=4829"}],"version-history":[{"count":3,"href":"https:\/\/agora.xtec.cat\/iesfontanelles\/wp-json\/wp\/v2\/posts\/4829\/revisions"}],"predecessor-version":[{"id":4833,"href":"https:\/\/agora.xtec.cat\/iesfontanelles\/wp-json\/wp\/v2\/posts\/4829\/revisions\/4833"}],"wp:featuredmedia":[{"embeddable":true,"href":"https:\/\/agora.xtec.cat\/iesfontanelles\/wp-json\/wp\/v2\/media\/4830"}],"wp:attachment":[{"href":"https:\/\/agora.xtec.cat\/iesfontanelles\/wp-json\/wp\/v2\/media?parent=4829"}],"wp:term":[{"taxonomy":"category","embeddable":true,"href":"https:\/\/agora.xtec.cat\/iesfontanelles\/wp-json\/wp\/v2\/categories?post=4829"},{"taxonomy":"post_tag","embeddable":true,"href":"https:\/\/agora.xtec.cat\/iesfontanelles\/wp-json\/wp\/v2\/tags?post=4829"}],"curies":[{"name":"wp","href":"https:\/\/api.w.org\/{rel}","templated":true}]}}