{"id":4819,"date":"2026-04-24T10:42:31","date_gmt":"2026-04-24T08:42:31","guid":{"rendered":"https:\/\/agora.xtec.cat\/iesfontanelles\/?p=4819"},"modified":"2026-04-24T10:42:31","modified_gmt":"2026-04-24T08:42:31","slug":"linstitut-fontanelles-celebra-sant-jordi-amb-diverses-activitats-culturals","status":"publish","type":"post","link":"https:\/\/agora.xtec.cat\/iesfontanelles\/portada\/linstitut-fontanelles-celebra-sant-jordi-amb-diverses-activitats-culturals\/","title":{"rendered":"L&#8217;Institut Fontanelles celebra Sant Jordi amb diverses activitats culturals"},"content":{"rendered":"<p style=\"text-align: justify;\">Ahir, l\u2019Institut Fontanelles va celebrar la diada de Sant Jordi amb una jornada plena d\u2019activitats culturals i solid\u00e0ries. Un dels actes destacats va ser la instal\u00b7laci\u00f3 d\u2019una paradeta de llibres, on els alumnes podien adquirir exemplars tot participant en una iniciativa solid\u00e0ria: per cada llibre, calia portar aliments destinats a C\u00e0ritas.<\/p>\n<p style=\"text-align: justify;\">La celebraci\u00f3 tamb\u00e9 va incloure una representaci\u00f3 teatral i diverses actuacions musicals, que van omplir l\u2019ambient d\u2019alegria i van mostrar el talent dels estudiants del centre. A m\u00e9s, es va fer entrega de diversos premis literaris, reconeixent la creativitat i l\u2019esfor\u00e7 de l\u2019alumnat.<\/p>\n<p style=\"text-align: justify;\">L\u2019acte va comptar amb una gran participaci\u00f3 i va esdevenir un espai de conviv\u00e8ncia i celebraci\u00f3 de la cultura.<\/p>\n<p style=\"text-align: justify;\">Des de l\u2019institut volem expressar el nostre agra\u00efment a l\u2019AFA per la seva implicaci\u00f3 i suport, aix\u00ed com a l\u2019Ajuntament d\u2019Alforja per haver-nos cedit les cadires, fet que va permetre que tots els alumnes poguessin gaudir c\u00f2modament de l\u2019esdeveniment.<\/p>\n<p style=\"text-align: justify;\">Podeu trobar totes les imatges de la diada a les xarxes socials de l&#8217;Institut.<\/p>\n","protected":false},"excerpt":{"rendered":"<p>Ahir, l\u2019Institut Fontanelles va celebrar la diada de Sant Jordi amb una jornada plena d\u2019activitats culturals i solid\u00e0ries. Un dels actes destacats va ser la instal\u00b7laci\u00f3 d\u2019una paradeta de llibres, on els alumnes podien adquirir exemplars tot participant en una iniciativa solid\u00e0ria: per cada llibre,&hellip;  <a href=\"https:\/\/agora.xtec.cat\/iesfontanelles\/portada\/linstitut-fontanelles-celebra-sant-jordi-amb-diverses-activitats-culturals\/\" title=\"Read L&#8217;Institut Fontanelles celebra Sant Jordi amb diverses activitats culturals\">Llegeix m\u00e9s\u00bb<\/a><\/p>\n","protected":false},"author":1,"featured_media":4821,"comment_status":"open","ping_status":"open","sticky":false,"template":"","format":"standard","meta":{"_bbp_topic_count":0,"_bbp_reply_count":0,"_bbp_total_topic_count":0,"_bbp_total_reply_count":0,"_bbp_voice_count":0,"_bbp_anonymous_reply_count":0,"_bbp_topic_count_hidden":0,"_bbp_reply_count_hidden":0,"_bbp_forum_subforum_count":0,"footnotes":""},"categories":[29],"tags":[],"class_list":["post-4819","post","type-post","status-publish","format-standard","has-post-thumbnail","hentry","category-portada"],"post_mailing_queue_ids":[],"_links":{"self":[{"href":"https:\/\/agora.xtec.cat\/iesfontanelles\/wp-json\/wp\/v2\/posts\/4819","targetHints":{"allow":["GET"]}}],"collection":[{"href":"https:\/\/agora.xtec.cat\/iesfontanelles\/wp-json\/wp\/v2\/posts"}],"about":[{"href":"https:\/\/agora.xtec.cat\/iesfontanelles\/wp-json\/wp\/v2\/types\/post"}],"author":[{"embeddable":true,"href":"https:\/\/agora.xtec.cat\/iesfontanelles\/wp-json\/wp\/v2\/users\/1"}],"replies":[{"embeddable":true,"href":"https:\/\/agora.xtec.cat\/iesfontanelles\/wp-json\/wp\/v2\/comments?post=4819"}],"version-history":[{"count":2,"href":"https:\/\/agora.xtec.cat\/iesfontanelles\/wp-json\/wp\/v2\/posts\/4819\/revisions"}],"predecessor-version":[{"id":4822,"href":"https:\/\/agora.xtec.cat\/iesfontanelles\/wp-json\/wp\/v2\/posts\/4819\/revisions\/4822"}],"wp:featuredmedia":[{"embeddable":true,"href":"https:\/\/agora.xtec.cat\/iesfontanelles\/wp-json\/wp\/v2\/media\/4821"}],"wp:attachment":[{"href":"https:\/\/agora.xtec.cat\/iesfontanelles\/wp-json\/wp\/v2\/media?parent=4819"}],"wp:term":[{"taxonomy":"category","embeddable":true,"href":"https:\/\/agora.xtec.cat\/iesfontanelles\/wp-json\/wp\/v2\/categories?post=4819"},{"taxonomy":"post_tag","embeddable":true,"href":"https:\/\/agora.xtec.cat\/iesfontanelles\/wp-json\/wp\/v2\/tags?post=4819"}],"curies":[{"name":"wp","href":"https:\/\/api.w.org\/{rel}","templated":true}]}}