{"id":4815,"date":"2026-04-20T08:24:18","date_gmt":"2026-04-20T06:24:18","guid":{"rendered":"https:\/\/agora.xtec.cat\/iesfontanelles\/?p=4815"},"modified":"2026-04-20T08:25:26","modified_gmt":"2026-04-20T06:25:26","slug":"lalumnat-de-3r-deso-visita-letap-de-lampolla","status":"publish","type":"post","link":"https:\/\/agora.xtec.cat\/iesfontanelles\/eso\/eso-3\/lalumnat-de-3r-deso-visita-letap-de-lampolla\/","title":{"rendered":"L&#8217;alumnat de 3r d&#8217;ESO visita l&#8217;ETAP de l&#8217;Ampolla"},"content":{"rendered":"<p>Els dies 8 i 9 d&#8217;abril l&#8217;alumnat de 3r d&#8217;ESO va visitar l&#8217;ETAP de l&#8217;Ampolla. ETAP \u00e9s l&#8217;abreviatura d&#8217;Estaci\u00f3 de Tractament d&#8217;Aigua Potable, la potabilitzadora de l&#8217;Ampolla.<\/p>\n<p>L&#8217;alumnat va poder aprendre i treballar els procediments relacionats amb la captaci\u00f3, potabilitzaci\u00f3 i distribuci\u00f3 de l&#8217;aigua de l&#8217;Ebre fins a les nostres poblacions. Tots i totes van mostrar molt inter\u00e8s en tot moment en dos dies radiants de Sol (i calorosos). Tamb\u00e9 van fer una activitat de laboratori, consistent en un tast i reconeixement de diferents aig\u00fces potables.<\/p>\n<p>Aprofitem per informar-vos que el Consorci d&#8217;Aig\u00fces de Tarragona (CAT) ha col\u00b7laborat amb un ajut de 200\u202f\u20ac en el cost del transport, ja contemplat en el moment en qu\u00e8 es van fer els c\u00e0lculs del cost de la sortida.<\/p>\n<p><a href=\"https:\/\/agora.xtec.cat\/iesfontanelles\/wp-content\/uploads\/usu26\/2026\/04\/ETAP.jpg\"><img loading=\"lazy\" decoding=\"async\" class=\"alignnone size-full wp-image-4816\" src=\"https:\/\/agora.xtec.cat\/iesfontanelles\/wp-content\/uploads\/usu26\/2026\/04\/ETAP.jpg\" alt=\"\" width=\"896\" height=\"583\" srcset=\"https:\/\/agora.xtec.cat\/iesfontanelles\/wp-content\/uploads\/usu26\/2026\/04\/ETAP.jpg 896w, https:\/\/agora.xtec.cat\/iesfontanelles\/wp-content\/uploads\/usu26\/2026\/04\/ETAP-300x195.jpg 300w, https:\/\/agora.xtec.cat\/iesfontanelles\/wp-content\/uploads\/usu26\/2026\/04\/ETAP-768x500.jpg 768w\" sizes=\"auto, (max-width: 896px) 100vw, 896px\" \/><\/a><\/p>\n","protected":false},"excerpt":{"rendered":"<p>Els dies 8 i 9 d&#8217;abril l&#8217;alumnat de 3r d&#8217;ESO va visitar l&#8217;ETAP de l&#8217;Ampolla. ETAP \u00e9s l&#8217;abreviatura d&#8217;Estaci\u00f3 de Tractament d&#8217;Aigua Potable, la potabilitzadora de l&#8217;Ampolla.<br \/>\nL&#8217;alumnat va poder aprendre i treballar els procediments relacionats amb la captaci\u00f3, potabilitzaci\u00f3 i distribuci\u00f3 de l&#8217;aigua de l&#8217;Ebre&hellip;  <a href=\"https:\/\/agora.xtec.cat\/iesfontanelles\/eso\/eso-3\/lalumnat-de-3r-deso-visita-letap-de-lampolla\/\" title=\"Read L&#8217;alumnat de 3r d&#8217;ESO visita l&#8217;ETAP de l&#8217;Ampolla\">Llegeix m\u00e9s\u00bb<\/a><\/p>\n","protected":false},"author":1,"featured_media":4816,"comment_status":"open","ping_status":"open","sticky":false,"template":"","format":"standard","meta":{"_bbp_topic_count":0,"_bbp_reply_count":0,"_bbp_total_topic_count":0,"_bbp_total_reply_count":0,"_bbp_voice_count":0,"_bbp_anonymous_reply_count":0,"_bbp_topic_count_hidden":0,"_bbp_reply_count_hidden":0,"_bbp_forum_subforum_count":0,"footnotes":""},"categories":[6,29],"tags":[],"class_list":["post-4815","post","type-post","status-publish","format-standard","has-post-thumbnail","hentry","category-eso-3","category-portada"],"post_mailing_queue_ids":[],"_links":{"self":[{"href":"https:\/\/agora.xtec.cat\/iesfontanelles\/wp-json\/wp\/v2\/posts\/4815","targetHints":{"allow":["GET"]}}],"collection":[{"href":"https:\/\/agora.xtec.cat\/iesfontanelles\/wp-json\/wp\/v2\/posts"}],"about":[{"href":"https:\/\/agora.xtec.cat\/iesfontanelles\/wp-json\/wp\/v2\/types\/post"}],"author":[{"embeddable":true,"href":"https:\/\/agora.xtec.cat\/iesfontanelles\/wp-json\/wp\/v2\/users\/1"}],"replies":[{"embeddable":true,"href":"https:\/\/agora.xtec.cat\/iesfontanelles\/wp-json\/wp\/v2\/comments?post=4815"}],"version-history":[{"count":2,"href":"https:\/\/agora.xtec.cat\/iesfontanelles\/wp-json\/wp\/v2\/posts\/4815\/revisions"}],"predecessor-version":[{"id":4818,"href":"https:\/\/agora.xtec.cat\/iesfontanelles\/wp-json\/wp\/v2\/posts\/4815\/revisions\/4818"}],"wp:featuredmedia":[{"embeddable":true,"href":"https:\/\/agora.xtec.cat\/iesfontanelles\/wp-json\/wp\/v2\/media\/4816"}],"wp:attachment":[{"href":"https:\/\/agora.xtec.cat\/iesfontanelles\/wp-json\/wp\/v2\/media?parent=4815"}],"wp:term":[{"taxonomy":"category","embeddable":true,"href":"https:\/\/agora.xtec.cat\/iesfontanelles\/wp-json\/wp\/v2\/categories?post=4815"},{"taxonomy":"post_tag","embeddable":true,"href":"https:\/\/agora.xtec.cat\/iesfontanelles\/wp-json\/wp\/v2\/tags?post=4815"}],"curies":[{"name":"wp","href":"https:\/\/api.w.org\/{rel}","templated":true}]}}