{"id":4811,"date":"2026-04-17T13:20:08","date_gmt":"2026-04-17T11:20:08","guid":{"rendered":"https:\/\/agora.xtec.cat\/iesfontanelles\/?p=4811"},"modified":"2026-04-17T13:20:28","modified_gmt":"2026-04-17T11:20:28","slug":"ruta-cultural-sobre-el-grup-modernista-de-reus-amb-els-alumnes-de-creacio-literaria","status":"publish","type":"post","link":"https:\/\/agora.xtec.cat\/iesfontanelles\/batxillerat\/ruta-cultural-sobre-el-grup-modernista-de-reus-amb-els-alumnes-de-creacio-literaria\/","title":{"rendered":"Ruta cultural sobre el Grup Modernista de Reus, amb els alumnes de Creaci\u00f3 Liter\u00e0ria"},"content":{"rendered":"<p>El passat divendres, 10 d\u2019abril, els i les alumnes de Creaci\u00f3 Liter\u00e0ria, de 1r de batxillerat, van participar en la ruta teatralitzada sobre el Grup Modernista de Reus, per diferents carrers, places i espais diversos de la ciutat de Reus: la pla\u00e7a del Teatre, la del Mercadal, el carrer de Jes\u00fas, Cal Rofes, el Museu d\u2019Art i Hist\u00f2ria, el vest\u00edbul del Teatre Fortuny i, per acabar, el Centre de Lectura.<\/p>\n<p>Van llegir textos literaris dels membres d\u2019aquest grup literari mentre gaudien de la ruta teatralitzada per part de C\u00f2dol Educaci\u00f3 i la directora de la biblioteca del Centre de Lectura, de Reus. Un bon complement a les classes de Creaci\u00f3 Liter\u00e0ria, on l\u2019alumnat ha de redescobrir les seves capacitats liter\u00e0ries. Enhorabona!<\/p>\n<p><a href=\"https:\/\/agora.xtec.cat\/iesfontanelles\/wp-content\/uploads\/usu26\/2026\/04\/Ruta-modernista-scaled.jpg\"><img loading=\"lazy\" decoding=\"async\" class=\"alignnone size-large wp-image-4812\" src=\"https:\/\/agora.xtec.cat\/iesfontanelles\/wp-content\/uploads\/usu26\/2026\/04\/Ruta-modernista-1024x768.jpg\" alt=\"\" width=\"1024\" height=\"768\" srcset=\"https:\/\/agora.xtec.cat\/iesfontanelles\/wp-content\/uploads\/usu26\/2026\/04\/Ruta-modernista-1024x768.jpg 1024w, https:\/\/agora.xtec.cat\/iesfontanelles\/wp-content\/uploads\/usu26\/2026\/04\/Ruta-modernista-300x225.jpg 300w, https:\/\/agora.xtec.cat\/iesfontanelles\/wp-content\/uploads\/usu26\/2026\/04\/Ruta-modernista-768x576.jpg 768w, https:\/\/agora.xtec.cat\/iesfontanelles\/wp-content\/uploads\/usu26\/2026\/04\/Ruta-modernista-1536x1152.jpg 1536w, https:\/\/agora.xtec.cat\/iesfontanelles\/wp-content\/uploads\/usu26\/2026\/04\/Ruta-modernista-2048x1536.jpg 2048w, https:\/\/agora.xtec.cat\/iesfontanelles\/wp-content\/uploads\/usu26\/2026\/04\/Ruta-modernista-200x150.jpg 200w\" sizes=\"auto, (max-width: 1024px) 100vw, 1024px\" \/><\/a><\/p>\n","protected":false},"excerpt":{"rendered":"<p>El passat divendres, 10 d\u2019abril, els i les alumnes de Creaci\u00f3 Liter\u00e0ria, de 1r de batxillerat, van participar en la ruta teatralitzada sobre el Grup Modernista de Reus, per diferents carrers, places i espais diversos de la ciutat de Reus: la pla\u00e7a del Teatre, la&hellip;  <a href=\"https:\/\/agora.xtec.cat\/iesfontanelles\/batxillerat\/ruta-cultural-sobre-el-grup-modernista-de-reus-amb-els-alumnes-de-creacio-literaria\/\" title=\"Read Ruta cultural sobre el Grup Modernista de Reus, amb els alumnes de Creaci\u00f3 Liter\u00e0ria\">Llegeix m\u00e9s\u00bb<\/a><\/p>\n","protected":false},"author":1,"featured_media":4812,"comment_status":"open","ping_status":"open","sticky":false,"template":"","format":"standard","meta":{"_bbp_topic_count":0,"_bbp_reply_count":0,"_bbp_total_topic_count":0,"_bbp_total_reply_count":0,"_bbp_voice_count":0,"_bbp_anonymous_reply_count":0,"_bbp_topic_count_hidden":0,"_bbp_reply_count_hidden":0,"_bbp_forum_subforum_count":0,"footnotes":""},"categories":[8,29],"tags":[],"class_list":["post-4811","post","type-post","status-publish","format-standard","has-post-thumbnail","hentry","category-batxillerat","category-portada"],"post_mailing_queue_ids":[],"_links":{"self":[{"href":"https:\/\/agora.xtec.cat\/iesfontanelles\/wp-json\/wp\/v2\/posts\/4811","targetHints":{"allow":["GET"]}}],"collection":[{"href":"https:\/\/agora.xtec.cat\/iesfontanelles\/wp-json\/wp\/v2\/posts"}],"about":[{"href":"https:\/\/agora.xtec.cat\/iesfontanelles\/wp-json\/wp\/v2\/types\/post"}],"author":[{"embeddable":true,"href":"https:\/\/agora.xtec.cat\/iesfontanelles\/wp-json\/wp\/v2\/users\/1"}],"replies":[{"embeddable":true,"href":"https:\/\/agora.xtec.cat\/iesfontanelles\/wp-json\/wp\/v2\/comments?post=4811"}],"version-history":[{"count":2,"href":"https:\/\/agora.xtec.cat\/iesfontanelles\/wp-json\/wp\/v2\/posts\/4811\/revisions"}],"predecessor-version":[{"id":4814,"href":"https:\/\/agora.xtec.cat\/iesfontanelles\/wp-json\/wp\/v2\/posts\/4811\/revisions\/4814"}],"wp:featuredmedia":[{"embeddable":true,"href":"https:\/\/agora.xtec.cat\/iesfontanelles\/wp-json\/wp\/v2\/media\/4812"}],"wp:attachment":[{"href":"https:\/\/agora.xtec.cat\/iesfontanelles\/wp-json\/wp\/v2\/media?parent=4811"}],"wp:term":[{"taxonomy":"category","embeddable":true,"href":"https:\/\/agora.xtec.cat\/iesfontanelles\/wp-json\/wp\/v2\/categories?post=4811"},{"taxonomy":"post_tag","embeddable":true,"href":"https:\/\/agora.xtec.cat\/iesfontanelles\/wp-json\/wp\/v2\/tags?post=4811"}],"curies":[{"name":"wp","href":"https:\/\/api.w.org\/{rel}","templated":true}]}}