{"id":4806,"date":"2026-04-09T10:51:42","date_gmt":"2026-04-09T08:51:42","guid":{"rendered":"https:\/\/agora.xtec.cat\/iesfontanelles\/?p=4806"},"modified":"2026-04-09T10:51:42","modified_gmt":"2026-04-09T08:51:42","slug":"lalumnat-de-4t-deso-de-la-branca-cientifica-visita-el-parc-astronomic-de-prades","status":"publish","type":"post","link":"https:\/\/agora.xtec.cat\/iesfontanelles\/eso\/eso-4\/lalumnat-de-4t-deso-de-la-branca-cientifica-visita-el-parc-astronomic-de-prades\/","title":{"rendered":"L&#8217;alumnat de 4t d&#8217;ESO de la branca cient\u00edfica visita el Parc Astron\u00f2mic de Prades"},"content":{"rendered":"<p>L&#8217;alumnat de 4t d&#8217;ESO de la branca cient\u00edfica va visitar el passat dimarts el Parc Astron\u00f2mic de Prades on els hi van explicar l&#8217;\u00faltima hora de l&#8217;expedici\u00f3 Artemis II al voltant de la Lluna, aix\u00ed com fotografies d&#8217;altres expedicions per observar el cel estel\u00b7lar o aurores boreals.<\/p>\n<p>Tamb\u00e9 van poder disfrutar d&#8217;unes projeccions al planetari, aix\u00ed com l&#8217;observaci\u00f3 del Sol amb dos telescopis i ulleres solars d&#8217;eclipsi.<\/p>\n<p>Abans d&#8217;arribar a Prades van fer una parada a la pedrera d&#8217;Alforja on van poder diferenciar els diferents per\u00edodes geol\u00f2gics que constitueixen les muntanyes de Prades i on van comentar els riscos i impactes ambientals que generen aquest tipus d&#8217;activitat.<\/p>\n<p>La visita al Parc Astron\u00f2mic de Prades va ser enregistrada per TVE i alguns dels nostres alumnes van sortir als informatius del dimarts 7 d&#8217;abril.<\/p>\n<p>Adjuntem l&#8217;enlla\u00e7 dels informatius, on es pot veure la visita dels nostres alumnes a partir del minut 4&#8217;18&#8221;:<br \/>\n<a href=\"https:\/\/www.rtve.es\/play\/videos\/linformatiu\/linformatiu-07-04-2026\/17012490\/\">https:\/\/www.rtve.es\/play\/videos\/linformatiu\/linformatiu-07-04-2026\/17012490\/<\/a><\/p>\n","protected":false},"excerpt":{"rendered":"<p>L&#8217;alumnat de 4t d&#8217;ESO de la branca cient\u00edfica va visitar el passat dimarts el Parc Astron\u00f2mic de Prades on els hi van explicar l&#8217;\u00faltima hora de l&#8217;expedici\u00f3 Artemis II al voltant de la Lluna, aix\u00ed com fotografies d&#8217;altres expedicions per observar el cel estel\u00b7lar o&hellip;  <a href=\"https:\/\/agora.xtec.cat\/iesfontanelles\/eso\/eso-4\/lalumnat-de-4t-deso-de-la-branca-cientifica-visita-el-parc-astronomic-de-prades\/\" title=\"Read L&#8217;alumnat de 4t d&#8217;ESO de la branca cient\u00edfica visita el Parc Astron\u00f2mic de Prades\">Llegeix m\u00e9s\u00bb<\/a><\/p>\n","protected":false},"author":1,"featured_media":4807,"comment_status":"open","ping_status":"open","sticky":false,"template":"","format":"standard","meta":{"_bbp_topic_count":0,"_bbp_reply_count":0,"_bbp_total_topic_count":0,"_bbp_total_reply_count":0,"_bbp_voice_count":0,"_bbp_anonymous_reply_count":0,"_bbp_topic_count_hidden":0,"_bbp_reply_count_hidden":0,"_bbp_forum_subforum_count":0,"footnotes":""},"categories":[7,29],"tags":[],"class_list":["post-4806","post","type-post","status-publish","format-standard","has-post-thumbnail","hentry","category-eso-4","category-portada"],"post_mailing_queue_ids":[],"_links":{"self":[{"href":"https:\/\/agora.xtec.cat\/iesfontanelles\/wp-json\/wp\/v2\/posts\/4806","targetHints":{"allow":["GET"]}}],"collection":[{"href":"https:\/\/agora.xtec.cat\/iesfontanelles\/wp-json\/wp\/v2\/posts"}],"about":[{"href":"https:\/\/agora.xtec.cat\/iesfontanelles\/wp-json\/wp\/v2\/types\/post"}],"author":[{"embeddable":true,"href":"https:\/\/agora.xtec.cat\/iesfontanelles\/wp-json\/wp\/v2\/users\/1"}],"replies":[{"embeddable":true,"href":"https:\/\/agora.xtec.cat\/iesfontanelles\/wp-json\/wp\/v2\/comments?post=4806"}],"version-history":[{"count":1,"href":"https:\/\/agora.xtec.cat\/iesfontanelles\/wp-json\/wp\/v2\/posts\/4806\/revisions"}],"predecessor-version":[{"id":4808,"href":"https:\/\/agora.xtec.cat\/iesfontanelles\/wp-json\/wp\/v2\/posts\/4806\/revisions\/4808"}],"wp:featuredmedia":[{"embeddable":true,"href":"https:\/\/agora.xtec.cat\/iesfontanelles\/wp-json\/wp\/v2\/media\/4807"}],"wp:attachment":[{"href":"https:\/\/agora.xtec.cat\/iesfontanelles\/wp-json\/wp\/v2\/media?parent=4806"}],"wp:term":[{"taxonomy":"category","embeddable":true,"href":"https:\/\/agora.xtec.cat\/iesfontanelles\/wp-json\/wp\/v2\/categories?post=4806"},{"taxonomy":"post_tag","embeddable":true,"href":"https:\/\/agora.xtec.cat\/iesfontanelles\/wp-json\/wp\/v2\/tags?post=4806"}],"curies":[{"name":"wp","href":"https:\/\/api.w.org\/{rel}","templated":true}]}}