{"id":7810,"date":"2020-09-18T11:14:46","date_gmt":"2020-09-18T09:14:46","guid":{"rendered":"http:\/\/agora.xtec.cat\/iesfmompou\/?p=7810"},"modified":"2020-10-08T11:08:09","modified_gmt":"2020-10-08T09:08:09","slug":"reunions-de-families-dinici-de-curs","status":"publish","type":"post","link":"https:\/\/agora.xtec.cat\/iesfmompou\/general\/reunions-de-families-dinici-de-curs\/","title":{"rendered":"Reunions de fam\u00edlies d&#8217;inici de curs"},"content":{"rendered":"<p><a href=\"https:\/\/agora.xtec.cat\/iesfmompou\/wp-content\/uploads\/usu653\/2020\/09\/Reuni\u00f3-fam\u00edlies.jpg\"><img loading=\"lazy\" decoding=\"async\" class=\"size-medium wp-image-7817 alignleft\" src=\"https:\/\/agora.xtec.cat\/iesfmompou\/wp-content\/uploads\/usu653\/2020\/09\/Reuni\u00f3-fam\u00edlies-300x300.jpg\" alt=\"\" width=\"300\" height=\"300\" srcset=\"https:\/\/agora.xtec.cat\/iesfmompou\/wp-content\/uploads\/usu653\/2020\/09\/Reuni\u00f3-fam\u00edlies-300x300.jpg 300w, https:\/\/agora.xtec.cat\/iesfmompou\/wp-content\/uploads\/usu653\/2020\/09\/Reuni\u00f3-fam\u00edlies-150x150.jpg 150w, https:\/\/agora.xtec.cat\/iesfmompou\/wp-content\/uploads\/usu653\/2020\/09\/Reuni\u00f3-fam\u00edlies-768x768.jpg 768w, https:\/\/agora.xtec.cat\/iesfmompou\/wp-content\/uploads\/usu653\/2020\/09\/Reuni\u00f3-fam\u00edlies.jpg 940w\" sizes=\"auto, (max-width: 300px) 100vw, 300px\" \/><\/a>Publiquem els enlla\u00e7os per les reunions de fam\u00edlies d&#8217;inici de curs, que aquest any com sabeu hauran de ser telem\u00e0tiques a causa de les mesures per lluitar contra la pand\u00e8mia.<\/p>\n<p><strong>Primer, heu de clicar a l&#8217;<span style=\"text-decoration: underline;\">enlla\u00e7 de la reuni\u00f3 general<\/span> del vostre nivell. Quan aquesta reuni\u00f3 acabi, llavors heu de clicar sobre l&#8217;<span style=\"text-decoration: underline;\">enlla\u00e7 de la reuni\u00f3 amb el tutor<\/span> del grup corresponent.<\/strong><\/p>\n<table style=\"height: 521px; width: 615px;\" width=\"648\">\n<tbody>\n<tr style=\"height: 214px;\">\n<td style=\"width: 94px; height: 214px; text-align: center;\"><strong>1r ESO<\/strong><\/td>\n<td style=\"width: 265px; height: 214px;\">\n<p style=\"text-align: center;\"><strong>23 de setembre a les 18h<\/strong><\/p>\n<p style=\"text-align: center;\"><a href=\"https:\/\/meet.google.com\/vob-zqww-drw\" target=\"_blank\" rel=\"noopener noreferrer\"><span style=\"text-decoration: underline;\">Enlla\u00e7 a la reuni\u00f3 de 1r ESO general<\/span><\/a><\/p>\n<\/td>\n<td style=\"width: 246px; height: 214px;\">\n<p style=\"text-align: center;\"><a href=\"http:\/\/meet.google.com\/vob-zqww-drw\" target=\"_blank\" rel=\"noopener noreferrer\"><span style=\"text-decoration: underline;\">Reuni\u00f3 amb la tutora de 1r ESO A<\/span><\/a><\/p>\n<p style=\"text-align: center;\"><span style=\"text-decoration: underline;\"><a href=\"https:\/\/meet.google.com\/bfa-kngk-tdr\" target=\"_blank\" rel=\"noopener noreferrer\">Reuni\u00f3 amb el tutor de 1r ESO B<\/a><\/span><\/p>\n<p style=\"text-align: center;\"><a href=\"https:\/\/meet.google.com\/aia-eumi-ike\" target=\"_blank\" rel=\"noopener noreferrer\"><span style=\"text-decoration: underline;\">Reuni\u00f3 amb el tutor de 1r ESO C<\/span><\/a><\/p>\n<p style=\"text-align: center;\"><a href=\"http:\/\/meet.google.com\/gno-ghfb-ttr\" target=\"_blank\" rel=\"noopener noreferrer\"><span style=\"text-decoration: underline;\">Reuni\u00f3 amb la tutora de 1r ESO D<\/span><\/a><\/p>\n<p style=\"text-align: center;\"><a href=\"https:\/\/meet.google.com\/pvu-qqsc-bwq\" target=\"_blank\" rel=\"noopener noreferrer\"><span style=\"text-decoration: underline;\">Reuni\u00f3 amb la tutora de 1r ESO E<\/span><\/a><\/p>\n<\/td>\n<\/tr>\n<tr style=\"height: 214px;\">\n<td style=\"width: 94px; height: 214px; text-align: center;\"><strong>2n ESO<\/strong><\/td>\n<td style=\"width: 265px; height: 214px;\">\n<p style=\"text-align: center;\"><strong>23 de setembre a les 17h<\/strong><\/p>\n<p style=\"text-align: center;\"><span style=\"text-decoration: underline;\"><a href=\"https:\/\/meet.google.com\/tex-dtqv-jsw\" target=\"_blank\" rel=\"noopener noreferrer\">Enlla\u00e7 a la reuni\u00f3 de 2n ESO general<\/a><\/span><\/p>\n<\/td>\n<td style=\"width: 246px; height: 214px;\">\n<p style=\"text-align: center;\"><a href=\"http:\/\/meet.google.com\/xyk-aiew-ake\" target=\"_blank\" rel=\"noopener noreferrer\"><span style=\"text-decoration: underline;\">Reuni\u00f3 amb el tutor de 2n ESO A<\/span><\/a><\/p>\n<p style=\"text-align: center;\"><a href=\"http:\/\/meet.google.com\/ohd-raec-dqw\" target=\"_blank\" rel=\"noopener noreferrer\"><span style=\"text-decoration: underline;\">Reuni\u00f3 amb el tutor de 2n ESO B<\/span><\/a><\/p>\n<p style=\"text-align: center;\"><a href=\"https:\/\/meet.google.com\/dqq-emmt-dzd?pli=1&amp;authuser=0\" target=\"_blank\" rel=\"noopener noreferrer\"><span style=\"text-decoration: underline;\">Reuni\u00f3 amb la tutora de 2n ESO C<\/span><\/a><\/p>\n<p style=\"text-align: center;\"><span style=\"text-decoration: underline;\"><a href=\"https:\/\/meet.google.com\/sbi-yuxz-kyb?authuser=0\" target=\"_blank\" rel=\"noopener noreferrer\">Reuni\u00f3 amb la tutora de 2n ESO D<\/a><\/span><\/p>\n<p style=\"text-align: center;\"><span style=\"text-decoration: underline;\"><a href=\"https:\/\/meet.google.com\/oef-nizk-opa\" target=\"_blank\" rel=\"noopener noreferrer\">Reuni\u00f3 amb la tutora de 2n ESO E<\/a><\/span><\/p>\n<\/td>\n<\/tr>\n<tr style=\"height: 31px;\">\n<td style=\"width: 94px; height: 31px; text-align: center;\"><strong>3r ESO<\/strong><\/td>\n<td style=\"width: 265px; text-align: center; height: 31px;\"><strong>30 de setembre a les 17h<\/strong><\/p>\n<p><span style=\"text-decoration: underline;\"><a href=\"https:\/\/meet.google.com\/eck-qgan-cdu\" target=\"_blank\" rel=\"noopener noreferrer\">Enlla\u00e7 a la reuni\u00f3 de 3r ESO general<\/a><\/span><\/td>\n<td style=\"width: 246px; height: 31px;\"><span style=\"text-decoration: underline;\"><a href=\"https:\/\/meet.google.com\/ffx-dkhz-zni\" target=\"_blank\" rel=\"noopener noreferrer\">Reuni\u00f3 amb el tutor de 3r ESO A<\/a><\/span><\/p>\n<p><a href=\"https:\/\/meet.google.com\/vdj-hogn-orx?authuser=1\" target=\"_blank\" rel=\"noopener noreferrer\"><span style=\"text-decoration: underline;\">Reuni\u00f3 amb la tutora de 3r ESO AO<\/span><\/a><\/p>\n<p><span style=\"text-decoration: underline;\"><a href=\"https:\/\/meet.google.com\/gir-mvfo-jok\" target=\"_blank\" rel=\"noopener noreferrer\">Reuni\u00f3 amb el tutor de 3r ESO B<\/a><\/span><\/p>\n<p><a href=\"http:\/\/meet.google.com\/rxz-bury-azt\" target=\"_blank\" rel=\"noopener noreferrer\"><span style=\"text-decoration: underline;\">Reuni\u00f3 amb el tutor de 3r ESO C<\/span><\/a><\/p>\n<p><span style=\"text-decoration: underline;\"><a href=\"https:\/\/meet.google.com\/gxy-eocn-gtk\" target=\"_blank\" rel=\"noopener noreferrer\">Reuni\u00f3 amb la tutora de 3r ESO D<\/a><\/span><\/td>\n<\/tr>\n<tr style=\"height: 31px;\">\n<td style=\"width: 94px; height: 31px; text-align: center;\"><strong>4t ESO<\/strong><\/td>\n<td style=\"width: 265px; text-align: center; height: 31px;\"><strong>30 de setembre a les 18h<\/strong><\/p>\n<p><span style=\"text-decoration: underline;\"><a href=\"https:\/\/meet.google.com\/fbe-czqn-cbs\" target=\"_blank\" rel=\"noopener noreferrer\">Enlla\u00e7 a la reuni\u00f3 de 4t ESO general<\/a><\/span><\/td>\n<td style=\"width: 246px; height: 31px;\"><a href=\"http:\/\/meet.google.com\/ysb-ssbb-wqm\" target=\"_blank\" rel=\"noopener noreferrer\"><span style=\"text-decoration: underline;\">Reuni\u00f3 amb el tutor de 4t ESO A<\/span><\/a><\/p>\n<p><a href=\"http:\/\/meet.google.com\/cqc-jkyy-ovj\" target=\"_blank\" rel=\"noopener noreferrer\"><span style=\"text-decoration: underline;\">Reuni\u00f3 amb la tutora de 4t ESO AO<\/span><\/a><\/p>\n<p><span style=\"text-decoration: underline;\"><a href=\"https:\/\/meet.google.com\/cvc-feix-bsf\" target=\"_blank\" rel=\"noopener noreferrer\">Reuni\u00f3 amb la tutora de 4t ESO B<\/a><\/span><\/p>\n<p><a href=\"https:\/\/meet.google.com\/akg-yckx-eff\" target=\"_blank\" rel=\"noopener noreferrer\"><span style=\"text-decoration: underline;\">Reuni\u00f3 amb la tutora de 4t ESO C<\/span><\/a><\/p>\n<p><span style=\"text-decoration: underline;\"><a href=\"https:\/\/meet.google.com\/xfh-rueo-dok\" target=\"_blank\" rel=\"noopener noreferrer\">Reuni\u00f3 amb la tutora de 4t ESO D<\/a><\/span><\/td>\n<\/tr>\n<tr style=\"height: 31px;\">\n<td style=\"width: 94px; height: 31px; text-align: center;\"><strong>Batxillerat<\/strong><\/td>\n<td style=\"width: 265px; text-align: center; height: 31px;\"><strong>7 d&#8217;octubre a les 17h30<\/strong><\/p>\n<p><span style=\"text-decoration: underline;\"><a href=\"http:\/\/meet.google.com\/zrv-xsud-gso\" target=\"_blank\" rel=\"noopener noreferrer\">Enlla\u00e7 a la reuni\u00f3 de Batxillerat general<\/a><\/span><\/td>\n<td style=\"width: 246px; height: 31px;\"><a href=\"http:\/\/meet.google.com\/thy-gqon-ozg\" target=\"_blank\" rel=\"noopener noreferrer\"><span style=\"text-decoration: underline;\">Reuni\u00f3 amb la tutora de 1r Batx A<\/span><\/a><\/p>\n<p><span style=\"text-decoration: underline;\"><a href=\"http:\/\/meet.google.com\/xmt-prcv-dvu\" target=\"_blank\" rel=\"noopener noreferrer\">Reuni\u00f3 amb el tutor de 1r Batx B<\/a><\/span><\/p>\n<p><span style=\"text-decoration: underline;\"><a href=\"http:\/\/meet.google.com\/zit-qveg-hnr\" target=\"_blank\" rel=\"noopener noreferrer\">Reuni\u00f3 amb la tutora de 1r Batx C<\/a><\/span><\/p>\n<p><span style=\"text-decoration: underline;\"><a href=\"http:\/\/meet.google.com\/qwk-gqzw-pbe\" target=\"_blank\" rel=\"noopener noreferrer\">Reuni\u00f3 amb la tutora de 2n Batx A<\/a><\/span><\/p>\n<p><span style=\"text-decoration: underline;\"><a href=\"http:\/\/meet.google.com\/bww-hynz-gms\" target=\"_blank\" rel=\"noopener noreferrer\">Reuni\u00f3 amb la tutora de 2n Batx B<\/a><\/span><\/p>\n<p><span style=\"text-decoration: underline;\"><a href=\"http:\/\/meet.google.com\/jdb-cxmx-hkm\" target=\"_blank\" rel=\"noopener noreferrer\">Reuni\u00f3 amb la tutora de 2n Batx C<\/a><\/span><\/td>\n<\/tr>\n<\/tbody>\n<\/table>\n<p>&nbsp;<\/p>\n<p>&nbsp;<\/p>\n","protected":false},"excerpt":{"rendered":"<p>Publiquem els enlla\u00e7os per les reunions de fam\u00edlies d&#8217;inici de curs, que aquest any com sabeu hauran de ser telem\u00e0tiques a causa de les mesures per lluitar contra la pand\u00e8mia. Primer, heu de clicar a l&#8217;enlla\u00e7 de la reuni\u00f3 general del vostre nivell. Quan aquesta reuni\u00f3 acabi, llavors heu de clicar sobre l&#8217;enlla\u00e7 de la [&hellip;]<\/p>\n","protected":false},"author":1,"featured_media":7817,"comment_status":"open","ping_status":"closed","sticky":false,"template":"","format":"standard","meta":{"_bbp_topic_count":0,"_bbp_reply_count":0,"_bbp_total_topic_count":0,"_bbp_total_reply_count":0,"_bbp_voice_count":0,"_bbp_anonymous_reply_count":0,"_bbp_topic_count_hidden":0,"_bbp_reply_count_hidden":0,"_bbp_forum_subforum_count":0,"site-sidebar-layout":"default","site-content-layout":"","ast-site-content-layout":"","site-content-style":"default","site-sidebar-style":"default","ast-global-header-display":"","ast-banner-title-visibility":"","ast-main-header-display":"","ast-hfb-above-header-display":"","ast-hfb-below-header-display":"","ast-hfb-mobile-header-display":"","site-post-title":"","ast-breadcrumbs-content":"","ast-featured-img":"","footer-sml-layout":"","theme-transparent-header-meta":"","adv-header-id-meta":"","stick-header-meta":"","header-above-stick-meta":"","header-main-stick-meta":"","header-below-stick-meta":"","astra-migrate-meta-layouts":"default","ast-page-background-enabled":"default","ast-page-background-meta":{"desktop":{"background-color":"var(--ast-global-color-4)","background-image":"","background-repeat":"repeat","background-position":"center center","background-size":"auto","background-attachment":"scroll","background-type":"","background-media":"","overlay-type":"","overlay-color":"","overlay-opacity":"","overlay-gradient":""},"tablet":{"background-color":"","background-image":"","background-repeat":"repeat","background-position":"center center","background-size":"auto","background-attachment":"scroll","background-type":"","background-media":"","overlay-type":"","overlay-color":"","overlay-opacity":"","overlay-gradient":""},"mobile":{"background-color":"","background-image":"","background-repeat":"repeat","background-position":"center center","background-size":"auto","background-attachment":"scroll","background-type":"","background-media":"","overlay-type":"","overlay-color":"","overlay-opacity":"","overlay-gradient":""}},"ast-content-background-meta":{"desktop":{"background-color":"var(--ast-global-color-5)","background-image":"","background-repeat":"repeat","background-position":"center center","background-size":"auto","background-attachment":"scroll","background-type":"","background-media":"","overlay-type":"","overlay-color":"","overlay-opacity":"","overlay-gradient":""},"tablet":{"background-color":"var(--ast-global-color-5)","background-image":"","background-repeat":"repeat","background-position":"center center","background-size":"auto","background-attachment":"scroll","background-type":"","background-media":"","overlay-type":"","overlay-color":"","overlay-opacity":"","overlay-gradient":""},"mobile":{"background-color":"var(--ast-global-color-5)","background-image":"","background-repeat":"repeat","background-position":"center center","background-size":"auto","background-attachment":"scroll","background-type":"","background-media":"","overlay-type":"","overlay-color":"","overlay-opacity":"","overlay-gradient":""}},"footnotes":""},"categories":[4,5,6,7,8,3,1,29],"tags":[353],"class_list":["post-7810","post","type-post","status-publish","format-standard","has-post-thumbnail","hentry","category-1r-deso","category-2n-deso","category-3r-deso","category-4t-deso","category-batxillerat","category-eso","category-general","category-portada","tag-curs-20-21"],"post_mailing_queue_ids":[],"_links":{"self":[{"href":"https:\/\/agora.xtec.cat\/iesfmompou\/wp-json\/wp\/v2\/posts\/7810","targetHints":{"allow":["GET"]}}],"collection":[{"href":"https:\/\/agora.xtec.cat\/iesfmompou\/wp-json\/wp\/v2\/posts"}],"about":[{"href":"https:\/\/agora.xtec.cat\/iesfmompou\/wp-json\/wp\/v2\/types\/post"}],"author":[{"embeddable":true,"href":"https:\/\/agora.xtec.cat\/iesfmompou\/wp-json\/wp\/v2\/users\/1"}],"replies":[{"embeddable":true,"href":"https:\/\/agora.xtec.cat\/iesfmompou\/wp-json\/wp\/v2\/comments?post=7810"}],"version-history":[{"count":3,"href":"https:\/\/agora.xtec.cat\/iesfmompou\/wp-json\/wp\/v2\/posts\/7810\/revisions"}],"predecessor-version":[{"id":7888,"href":"https:\/\/agora.xtec.cat\/iesfmompou\/wp-json\/wp\/v2\/posts\/7810\/revisions\/7888"}],"wp:featuredmedia":[{"embeddable":true,"href":"https:\/\/agora.xtec.cat\/iesfmompou\/wp-json\/wp\/v2\/media\/7817"}],"wp:attachment":[{"href":"https:\/\/agora.xtec.cat\/iesfmompou\/wp-json\/wp\/v2\/media?parent=7810"}],"wp:term":[{"taxonomy":"category","embeddable":true,"href":"https:\/\/agora.xtec.cat\/iesfmompou\/wp-json\/wp\/v2\/categories?post=7810"},{"taxonomy":"post_tag","embeddable":true,"href":"https:\/\/agora.xtec.cat\/iesfmompou\/wp-json\/wp\/v2\/tags?post=7810"}],"curies":[{"name":"wp","href":"https:\/\/api.w.org\/{rel}","templated":true}]}}