{"id":6265,"date":"2019-05-08T13:53:16","date_gmt":"2019-05-08T11:53:16","guid":{"rendered":"http:\/\/agora.xtec.cat\/iesfmompou\/?p=6265"},"modified":"2019-09-15T21:35:41","modified_gmt":"2019-09-15T19:35:41","slug":"lintercanvi-amb-alemanya-en-primera-persona","status":"publish","type":"post","link":"https:\/\/agora.xtec.cat\/iesfmompou\/general\/lintercanvi-amb-alemanya-en-primera-persona\/","title":{"rendered":"L\u00b4intercanvi amb Alemanya en primera persona"},"content":{"rendered":"<p><a href=\"https:\/\/photos.app.goo.gl\/1eSsedxSTUGPLDTX7\" target=\"_blank\" rel=\"noopener noreferrer\">FOTOS AQU\u00cd<\/a><\/p>\n<p><span style=\"font-weight: 400;\"><a href=\"https:\/\/agora.xtec.cat\/iesfmompou\/wp-content\/uploads\/usu653\/2019\/05\/alemanys-ajuntament.jpg\"><img loading=\"lazy\" decoding=\"async\" class=\" wp-image-6283 alignleft\" src=\"https:\/\/agora.xtec.cat\/iesfmompou\/wp-content\/uploads\/usu653\/2019\/05\/alemanys-ajuntament-225x300.jpg\" alt=\"\" width=\"246\" height=\"328\" srcset=\"https:\/\/agora.xtec.cat\/iesfmompou\/wp-content\/uploads\/usu653\/2019\/05\/alemanys-ajuntament-225x300.jpg 225w, https:\/\/agora.xtec.cat\/iesfmompou\/wp-content\/uploads\/usu653\/2019\/05\/alemanys-ajuntament-768x1024.jpg 768w, https:\/\/agora.xtec.cat\/iesfmompou\/wp-content\/uploads\/usu653\/2019\/05\/alemanys-ajuntament.jpg 1200w\" sizes=\"auto, (max-width: 246px) 100vw, 246px\" \/><\/a>Els alumnes de 3r i 4t d\u2019ESO hem viscut una experi\u00e8ncia molt enriquidora en tots els \u00e0mbits possibles. Des del punt de vista ling\u00fc\u00edstic l\u2019intercanvi ens ha perm\u00e8s practicar la llengua de forma activa i a m\u00e9s, creiem que ens ha donat una motivaci\u00f3 extra quant a l\u2019aprenentatge d\u2019idiomes. Resulta molt atractiu i motivador veure que el que aprens a classe assegut en una cadira durant dos\/tres anys realment serveix per comunicar-te&#8230; i que hi ha gent que de veritat parla la llengua que aprens!\u00a0 \u00c9s un fet bastant simple, o curi\u00f3s, per\u00f2 \u00e9s una petita cosa que d\u2019alguna manera et d\u00f3na un impuls addicional que sempre va b\u00e9 per continuar aprenent.<a href=\"https:\/\/agora.xtec.cat\/iesfmompou\/wp-content\/uploads\/usu653\/2019\/05\/alemanys-aeroport.jpg\"><img loading=\"lazy\" decoding=\"async\" class=\" wp-image-6282 alignright\" src=\"https:\/\/agora.xtec.cat\/iesfmompou\/wp-content\/uploads\/usu653\/2019\/05\/alemanys-aeroport-300x169.jpg\" alt=\"\" width=\"382\" height=\"215\" srcset=\"https:\/\/agora.xtec.cat\/iesfmompou\/wp-content\/uploads\/usu653\/2019\/05\/alemanys-aeroport-300x169.jpg 300w, https:\/\/agora.xtec.cat\/iesfmompou\/wp-content\/uploads\/usu653\/2019\/05\/alemanys-aeroport-768x432.jpg 768w, https:\/\/agora.xtec.cat\/iesfmompou\/wp-content\/uploads\/usu653\/2019\/05\/alemanys-aeroport-1024x576.jpg 1024w, https:\/\/agora.xtec.cat\/iesfmompou\/wp-content\/uploads\/usu653\/2019\/05\/alemanys-aeroport.jpg 1600w\" sizes=\"auto, (max-width: 382px) 100vw, 382px\" \/><\/a><\/span><\/p>\n<p><span style=\"font-weight: 400;\">El millor de l\u2019intercanvi, per\u00f2, ha sigut poder con\u00e8ixer els alumnes alemanys i ficar-nos en la seva pell. Han sortit molt bons grups d\u2019aquest viatge i hem creat amistats molt estretes que esperem que siguin capaces de resistir la dist\u00e0ncia f\u00edsica que ens separar\u00e0 ara. Repetir\u00edem l\u2019experi\u00e8ncia mil vegades m\u00e9s i tenim molt\u00edssimes ganes de trobar-nos amb tots ells un altre cop.\u00a0<\/span><span style=\"font-weight: 400;\">A part d\u2019aix\u00f2 creiem que aquesta experi\u00e8ncia ha servit per refor\u00e7ar i establir relacions entre els propis alumnes de l\u2019institut que hem participat en l\u2019intercanvi.\u00a0<\/span><span style=\"font-weight: 400;\">La majoria de nosaltres ens atrevir\u00edem a dir que aquesta experi\u00e8ncia ha sigut una de les millors que hem viscut fins ara. L\u2019estada a Alemanya va ser genial i l\u2019estada aqu\u00ed no ha sigut menys. Hem apr\u00e8s, hem rigut i ens hem divertit molt. Hem gaudit! Gaireb\u00e9 no ens podem queixar de res i considerem la viv\u00e8ncia molt i molt positiva.<\/span><\/p>\n<p><span style=\"font-weight: 400;\">Esperem que els pr\u00f2xims alumnes d\u2019alemany puguin dir el mateix sobre l\u2019intercanvi i que l\u2019aprofitin al m\u00e0xim. Nosaltres, sense cap mena de dubte, ja ho hem fet i ho hem acabat. Ho trobarem molt a faltar!<\/span><\/p>\n","protected":false},"excerpt":{"rendered":"<p>FOTOS AQU\u00cd Els alumnes de 3r i 4t d\u2019ESO hem viscut una experi\u00e8ncia molt enriquidora en tots els \u00e0mbits possibles. Des del punt de vista ling\u00fc\u00edstic l\u2019intercanvi ens ha perm\u00e8s practicar la llengua de forma activa i a m\u00e9s, creiem que ens ha donat una motivaci\u00f3 extra quant a l\u2019aprenentatge d\u2019idiomes. Resulta molt atractiu i [&hellip;]<\/p>\n","protected":false},"author":14,"featured_media":6281,"comment_status":"open","ping_status":"closed","sticky":false,"template":"","format":"standard","meta":{"_bbp_topic_count":0,"_bbp_reply_count":0,"_bbp_total_topic_count":0,"_bbp_total_reply_count":0,"_bbp_voice_count":0,"_bbp_anonymous_reply_count":0,"_bbp_topic_count_hidden":0,"_bbp_reply_count_hidden":0,"_bbp_forum_subforum_count":0,"site-sidebar-layout":"default","site-content-layout":"","ast-site-content-layout":"","site-content-style":"default","site-sidebar-style":"default","ast-global-header-display":"","ast-banner-title-visibility":"","ast-main-header-display":"","ast-hfb-above-header-display":"","ast-hfb-below-header-display":"","ast-hfb-mobile-header-display":"","site-post-title":"","ast-breadcrumbs-content":"","ast-featured-img":"","footer-sml-layout":"","theme-transparent-header-meta":"","adv-header-id-meta":"","stick-header-meta":"","header-above-stick-meta":"","header-main-stick-meta":"","header-below-stick-meta":"","astra-migrate-meta-layouts":"default","ast-page-background-enabled":"default","ast-page-background-meta":{"desktop":{"background-color":"var(--ast-global-color-4)","background-image":"","background-repeat":"repeat","background-position":"center center","background-size":"auto","background-attachment":"scroll","background-type":"","background-media":"","overlay-type":"","overlay-color":"","overlay-opacity":"","overlay-gradient":""},"tablet":{"background-color":"","background-image":"","background-repeat":"repeat","background-position":"center center","background-size":"auto","background-attachment":"scroll","background-type":"","background-media":"","overlay-type":"","overlay-color":"","overlay-opacity":"","overlay-gradient":""},"mobile":{"background-color":"","background-image":"","background-repeat":"repeat","background-position":"center center","background-size":"auto","background-attachment":"scroll","background-type":"","background-media":"","overlay-type":"","overlay-color":"","overlay-opacity":"","overlay-gradient":""}},"ast-content-background-meta":{"desktop":{"background-color":"var(--ast-global-color-5)","background-image":"","background-repeat":"repeat","background-position":"center center","background-size":"auto","background-attachment":"scroll","background-type":"","background-media":"","overlay-type":"","overlay-color":"","overlay-opacity":"","overlay-gradient":""},"tablet":{"background-color":"var(--ast-global-color-5)","background-image":"","background-repeat":"repeat","background-position":"center center","background-size":"auto","background-attachment":"scroll","background-type":"","background-media":"","overlay-type":"","overlay-color":"","overlay-opacity":"","overlay-gradient":""},"mobile":{"background-color":"var(--ast-global-color-5)","background-image":"","background-repeat":"repeat","background-position":"center center","background-size":"auto","background-attachment":"scroll","background-type":"","background-media":"","overlay-type":"","overlay-color":"","overlay-opacity":"","overlay-gradient":""}},"footnotes":""},"categories":[6,7,150,1,286,29],"tags":[330],"class_list":["post-6265","post","type-post","status-publish","format-standard","has-post-thumbnail","hentry","category-3r-deso","category-4t-deso","category-departament-llengues-estrangeres","category-general","category-institut-plurilingue","category-portada","tag-curs-18-19"],"post_mailing_queue_ids":[],"_links":{"self":[{"href":"https:\/\/agora.xtec.cat\/iesfmompou\/wp-json\/wp\/v2\/posts\/6265","targetHints":{"allow":["GET"]}}],"collection":[{"href":"https:\/\/agora.xtec.cat\/iesfmompou\/wp-json\/wp\/v2\/posts"}],"about":[{"href":"https:\/\/agora.xtec.cat\/iesfmompou\/wp-json\/wp\/v2\/types\/post"}],"author":[{"embeddable":true,"href":"https:\/\/agora.xtec.cat\/iesfmompou\/wp-json\/wp\/v2\/users\/14"}],"replies":[{"embeddable":true,"href":"https:\/\/agora.xtec.cat\/iesfmompou\/wp-json\/wp\/v2\/comments?post=6265"}],"version-history":[{"count":3,"href":"https:\/\/agora.xtec.cat\/iesfmompou\/wp-json\/wp\/v2\/posts\/6265\/revisions"}],"predecessor-version":[{"id":6583,"href":"https:\/\/agora.xtec.cat\/iesfmompou\/wp-json\/wp\/v2\/posts\/6265\/revisions\/6583"}],"wp:featuredmedia":[{"embeddable":true,"href":"https:\/\/agora.xtec.cat\/iesfmompou\/wp-json\/wp\/v2\/media\/6281"}],"wp:attachment":[{"href":"https:\/\/agora.xtec.cat\/iesfmompou\/wp-json\/wp\/v2\/media?parent=6265"}],"wp:term":[{"taxonomy":"category","embeddable":true,"href":"https:\/\/agora.xtec.cat\/iesfmompou\/wp-json\/wp\/v2\/categories?post=6265"},{"taxonomy":"post_tag","embeddable":true,"href":"https:\/\/agora.xtec.cat\/iesfmompou\/wp-json\/wp\/v2\/tags?post=6265"}],"curies":[{"name":"wp","href":"https:\/\/api.w.org\/{rel}","templated":true}]}}