{"id":5641,"date":"2019-02-15T11:52:02","date_gmt":"2019-02-15T10:52:02","guid":{"rendered":"http:\/\/agora.xtec.cat\/iesfmompou\/?p=5641"},"modified":"2019-03-07T09:39:33","modified_gmt":"2019-03-07T08:39:33","slug":"ens-visiten-les-nenes-i-els-nens-de-sise","status":"publish","type":"post","link":"https:\/\/agora.xtec.cat\/iesfmompou\/general\/ens-visiten-les-nenes-i-els-nens-de-sise\/","title":{"rendered":"Ens visiten les nenes i els nens de sis\u00e8"},"content":{"rendered":"<p><a href=\"https:\/\/agora.xtec.cat\/iesfmompou\/wp-content\/uploads\/usu653\/2019\/02\/NENS.jpg\"><img loading=\"lazy\" decoding=\"async\" class=\" wp-image-5644 alignleft\" src=\"https:\/\/agora.xtec.cat\/iesfmompou\/wp-content\/uploads\/usu653\/2019\/02\/NENS-300x225.jpg\" alt=\"\" width=\"449\" height=\"337\" srcset=\"https:\/\/agora.xtec.cat\/iesfmompou\/wp-content\/uploads\/usu653\/2019\/02\/NENS-300x225.jpg 300w, https:\/\/agora.xtec.cat\/iesfmompou\/wp-content\/uploads\/usu653\/2019\/02\/NENS-768x576.jpg 768w, https:\/\/agora.xtec.cat\/iesfmompou\/wp-content\/uploads\/usu653\/2019\/02\/NENS-1024x768.jpg 1024w, https:\/\/agora.xtec.cat\/iesfmompou\/wp-content\/uploads\/usu653\/2019\/02\/NENS-200x150.jpg 200w, https:\/\/agora.xtec.cat\/iesfmompou\/wp-content\/uploads\/usu653\/2019\/02\/NENS.jpg 1292w\" sizes=\"auto, (max-width: 449px) 100vw, 449px\" \/><\/a>Hem tingut el goig de rebre els nens i les nenes de sis\u00e8 de les escoles Sant Josep, la Vinyala, Juncadella i Sant Antoni, que han vingut per con\u00e8ixer l&#8217;institut. Podeu veure fotos de la seva estada clicant als enlla\u00e7os seg\u00fcents.\u00a0Totes les nenes i els nens sou molt benvinguts!<\/p>\n<p><a href=\"https:\/\/photos.google.com\/u\/2\/share\/AF1QipMjQOBYXNdaxbT3qOJ9pf5kCicd-9l4wzHGkwc2TolIrTLdAwfRBjeuQLmv58g70w?key=bzFjOGdFZVhMZlZmVElGSE92a2dTQ1N6MEl4TEpB\" target=\"_blank\" rel=\"noopener\">FOTOS ESCOLA SANT JOSEP<\/a><\/p>\n<p><a href=\"https:\/\/photos.google.com\/u\/2\/share\/AF1QipO_KqMazuKUgyvUJUOCvNjFq1zogfmRTiaFD-XV55c7lJY0uTulm8EwWiv1i9cPAQ?key=UHRTUm5McHF1TllBUloxWU9jU21lcjRMWV9pTDRn\" target=\"_blank\" rel=\"noopener\">FOTOS ESCOLA LA VINYALA<\/a><\/p>\n<p><a href=\"https:\/\/photos.google.com\/share\/AF1QipP1vd1-nT5GVD9Ot_FCY7pwjK3WU-bwAT4rXvlFWyJv5b-5_-j1QdOEkmqTNxK4Dw?key=LWZsMVFKbUt4bGhGX3FiV192dWxMMnhNcm5zWFRn\" target=\"_blank\" rel=\"noopener\">FOTOS ESCOLA JUNCADELLA<\/a><\/p>\n<p><a href=\"https:\/\/photos.google.com\/u\/1\/share\/AF1QipMGLeCZyEEzR80iYKn7bNtlmyQ9M0VVq-Lxm9CoU1IkgqsNjLobGF14XvLUTTuAew?key=R1ZBNUlDdVdSUEtTOE1rWmpqZWIwcEt0RmtUU25B\" target=\"_blank\" rel=\"noopener\">FOTOS ESCOLA SANT ANTONI<\/a><\/p>\n","protected":false},"excerpt":{"rendered":"<p>Hem tingut el goig de rebre els nens i les nenes de sis\u00e8 de les escoles Sant Josep, la Vinyala, Juncadella i Sant Antoni, que han vingut per con\u00e8ixer l&#8217;institut. Podeu veure fotos de la seva estada clicant als enlla\u00e7os seg\u00fcents.\u00a0Totes les nenes i els nens sou molt benvinguts! FOTOS ESCOLA SANT JOSEP FOTOS ESCOLA [&hellip;]<\/p>\n","protected":false},"author":1,"featured_media":5644,"comment_status":"open","ping_status":"closed","sticky":false,"template":"","format":"standard","meta":{"_bbp_topic_count":0,"_bbp_reply_count":0,"_bbp_total_topic_count":0,"_bbp_total_reply_count":0,"_bbp_voice_count":0,"_bbp_anonymous_reply_count":0,"_bbp_topic_count_hidden":0,"_bbp_reply_count_hidden":0,"_bbp_forum_subforum_count":0,"site-sidebar-layout":"default","site-content-layout":"","ast-site-content-layout":"","site-content-style":"default","site-sidebar-style":"default","ast-global-header-display":"","ast-banner-title-visibility":"","ast-main-header-display":"","ast-hfb-above-header-display":"","ast-hfb-below-header-display":"","ast-hfb-mobile-header-display":"","site-post-title":"","ast-breadcrumbs-content":"","ast-featured-img":"","footer-sml-layout":"","theme-transparent-header-meta":"","adv-header-id-meta":"","stick-header-meta":"","header-above-stick-meta":"","header-main-stick-meta":"","header-below-stick-meta":"","astra-migrate-meta-layouts":"default","ast-page-background-enabled":"default","ast-page-background-meta":{"desktop":{"background-color":"var(--ast-global-color-4)","background-image":"","background-repeat":"repeat","background-position":"center center","background-size":"auto","background-attachment":"scroll","background-type":"","background-media":"","overlay-type":"","overlay-color":"","overlay-opacity":"","overlay-gradient":""},"tablet":{"background-color":"","background-image":"","background-repeat":"repeat","background-position":"center center","background-size":"auto","background-attachment":"scroll","background-type":"","background-media":"","overlay-type":"","overlay-color":"","overlay-opacity":"","overlay-gradient":""},"mobile":{"background-color":"","background-image":"","background-repeat":"repeat","background-position":"center center","background-size":"auto","background-attachment":"scroll","background-type":"","background-media":"","overlay-type":"","overlay-color":"","overlay-opacity":"","overlay-gradient":""}},"ast-content-background-meta":{"desktop":{"background-color":"var(--ast-global-color-5)","background-image":"","background-repeat":"repeat","background-position":"center center","background-size":"auto","background-attachment":"scroll","background-type":"","background-media":"","overlay-type":"","overlay-color":"","overlay-opacity":"","overlay-gradient":""},"tablet":{"background-color":"var(--ast-global-color-5)","background-image":"","background-repeat":"repeat","background-position":"center center","background-size":"auto","background-attachment":"scroll","background-type":"","background-media":"","overlay-type":"","overlay-color":"","overlay-opacity":"","overlay-gradient":""},"mobile":{"background-color":"var(--ast-global-color-5)","background-image":"","background-repeat":"repeat","background-position":"center center","background-size":"auto","background-attachment":"scroll","background-type":"","background-media":"","overlay-type":"","overlay-color":"","overlay-opacity":"","overlay-gradient":""}},"footnotes":""},"categories":[4,1,215,29],"tags":[330],"class_list":["post-5641","post","type-post","status-publish","format-standard","has-post-thumbnail","hentry","category-1r-deso","category-general","category-orientacio-academica-i-professional","category-portada","tag-curs-18-19"],"post_mailing_queue_ids":[],"_links":{"self":[{"href":"https:\/\/agora.xtec.cat\/iesfmompou\/wp-json\/wp\/v2\/posts\/5641","targetHints":{"allow":["GET"]}}],"collection":[{"href":"https:\/\/agora.xtec.cat\/iesfmompou\/wp-json\/wp\/v2\/posts"}],"about":[{"href":"https:\/\/agora.xtec.cat\/iesfmompou\/wp-json\/wp\/v2\/types\/post"}],"author":[{"embeddable":true,"href":"https:\/\/agora.xtec.cat\/iesfmompou\/wp-json\/wp\/v2\/users\/1"}],"replies":[{"embeddable":true,"href":"https:\/\/agora.xtec.cat\/iesfmompou\/wp-json\/wp\/v2\/comments?post=5641"}],"version-history":[{"count":3,"href":"https:\/\/agora.xtec.cat\/iesfmompou\/wp-json\/wp\/v2\/posts\/5641\/revisions"}],"predecessor-version":[{"id":5733,"href":"https:\/\/agora.xtec.cat\/iesfmompou\/wp-json\/wp\/v2\/posts\/5641\/revisions\/5733"}],"wp:featuredmedia":[{"embeddable":true,"href":"https:\/\/agora.xtec.cat\/iesfmompou\/wp-json\/wp\/v2\/media\/5644"}],"wp:attachment":[{"href":"https:\/\/agora.xtec.cat\/iesfmompou\/wp-json\/wp\/v2\/media?parent=5641"}],"wp:term":[{"taxonomy":"category","embeddable":true,"href":"https:\/\/agora.xtec.cat\/iesfmompou\/wp-json\/wp\/v2\/categories?post=5641"},{"taxonomy":"post_tag","embeddable":true,"href":"https:\/\/agora.xtec.cat\/iesfmompou\/wp-json\/wp\/v2\/tags?post=5641"}],"curies":[{"name":"wp","href":"https:\/\/api.w.org\/{rel}","templated":true}]}}