{"id":4915,"date":"2018-11-26T13:15:41","date_gmt":"2018-11-26T12:15:41","guid":{"rendered":"http:\/\/agora.xtec.cat\/iesfmompou\/?p=4915"},"modified":"2019-01-12T23:28:50","modified_gmt":"2019-01-12T22:28:50","slug":"dia-internacional-per-a-leliminacio-de-la-violencia-envers-les-dones","status":"publish","type":"post","link":"https:\/\/agora.xtec.cat\/iesfmompou\/general\/dia-internacional-per-a-leliminacio-de-la-violencia-envers-les-dones\/","title":{"rendered":"Dia internacional per a l&#8217;eliminaci\u00f3 de la viol\u00e8ncia envers les dones"},"content":{"rendered":"<p><a href=\"https:\/\/agora.xtec.cat\/iesfmompou\/wp-content\/uploads\/usu653\/2018\/11\/Eliminacio-violencia-envers-les-dones-11-2018.png\"><img loading=\"lazy\" decoding=\"async\" class=\" wp-image-4917 alignleft\" src=\"https:\/\/agora.xtec.cat\/iesfmompou\/wp-content\/uploads\/usu653\/2018\/11\/Eliminacio-violencia-envers-les-dones-11-2018-300x276.png\" alt=\"\" width=\"366\" height=\"337\" srcset=\"https:\/\/agora.xtec.cat\/iesfmompou\/wp-content\/uploads\/usu653\/2018\/11\/Eliminacio-violencia-envers-les-dones-11-2018-300x276.png 300w, https:\/\/agora.xtec.cat\/iesfmompou\/wp-content\/uploads\/usu653\/2018\/11\/Eliminacio-violencia-envers-les-dones-11-2018.png 453w\" sizes=\"auto, (max-width: 366px) 100vw, 366px\" \/><\/a>Del 12 al 30 de novembre del 2018 l&#8217;Institut Catal\u00e0 de les Dones\u00a0 far\u00e0 una <a href=\"http:\/\/dones.gencat.cat\/ca\/ambits\/sensibilitzacio\/campanyes\/dia-internacional-per-a-leliminacio-de-la-violencia-envers-les-dones\/#bloc1\">s\u00e8rie d&#8217;actes<\/a> per manifestar el rebuig envers la viol\u00e8ncia de qu\u00e8 s\u00f3n v\u00edctimes moltes dones.<\/p>\n<p>Avui 25 de novembre, a diferents ciutats, hi ha hagut un seguit de manifestacions per protestar sobre aquest fet, que \u00e9s una violaci\u00f3 dels drets humans<\/p>\n<p>Al nostre Institut,\u00a0 des del curs passat, estem realitzant diverses activitats per treballar i sensibilitzar sobre els fets que estan passant. La setmana passada, a les classes d&#8217;educaci\u00f3 f\u00edsica, vam llegir el <span style=\"color: #ff00ff;\"><a style=\"color: #ff00ff;\" href=\"http:\/\/esport.gencat.cat\/web\/.content\/home\/arees_dactuacio\/esport_i_genere\/violencia_mascilista_esport\/DiaIntern_Eliminacio_Violencia_Dones_2018\/DiaIntern_ViolMasc_251118_Manifest_Esport.pdf\">MANIFEST<\/a><\/span>\u00a0del m\u00f3n de l&#8217;esport i l&#8217;activitat f\u00edsica i vam fer una reflexi\u00f3, vam informar sobre aquests fets tan greus. Seguidament es va obrir un di\u00e0leg on van participar per poder expressar les seves opinions, q\u00fcestions i neguits.<\/p>\n<p>Al llarg del curs es faran uns tallers<em> d&#8217;habilitats per a la vida en equitat<\/em> a 1r i 3r d&#8217;ESO impartits per<a href=\"https:\/\/letswomen.com\/\" target=\"_blank\" rel=\"noopener\"><strong> Let&#8217;s Wo+Men<\/strong><\/a> en col\u00b7laboraci\u00f3 amb la Regidoria de Solidaritat, Cooperaci\u00f3 i Voluntaritat de l&#8217;Ajuntament de Sant Vicen\u00e7 dels Horts. M\u00e9s informaci\u00f3 <a href=\"http:\/\/esport.gencat.cat\/ca\/arees_dactuacio\/escolar-i-universitari\/esport-escolar\/programes-desport-escolar-\/pla-catala-desport-a-lescola-pcee\/tallers-i-xerrades\/#bloc3\">aqu\u00ed<\/a>.<\/p>\n<p>&nbsp;<\/p>\n<p>&nbsp;<\/p>\n<p>&nbsp;<\/p>\n<p>&nbsp;<\/p>\n<p><a href=\"https:\/\/agora.xtec.cat\/iesfmompou\/wp-content\/uploads\/usu653\/2018\/11\/IMG_6152.png\"><img loading=\"lazy\" decoding=\"async\" class=\"wp-image-4952 alignleft\" src=\"https:\/\/agora.xtec.cat\/iesfmompou\/wp-content\/uploads\/usu653\/2018\/11\/IMG_6152-577x1024.png\" alt=\"\" width=\"330\" height=\"586\" srcset=\"https:\/\/agora.xtec.cat\/iesfmompou\/wp-content\/uploads\/usu653\/2018\/11\/IMG_6152-577x1024.png 577w, https:\/\/agora.xtec.cat\/iesfmompou\/wp-content\/uploads\/usu653\/2018\/11\/IMG_6152-169x300.png 169w, https:\/\/agora.xtec.cat\/iesfmompou\/wp-content\/uploads\/usu653\/2018\/11\/IMG_6152.png 640w\" sizes=\"auto, (max-width: 330px) 100vw, 330px\" \/><\/a><a href=\"https:\/\/agora.xtec.cat\/iesfmompou\/wp-content\/uploads\/usu653\/2018\/11\/IMG_6154-2.jpg\"><img loading=\"lazy\" decoding=\"async\" class=\"size-full wp-image-4954 alignnone\" src=\"https:\/\/agora.xtec.cat\/iesfmompou\/wp-content\/uploads\/usu653\/2018\/11\/IMG_6154-2.jpg\" alt=\"\" width=\"312\" height=\"640\" srcset=\"https:\/\/agora.xtec.cat\/iesfmompou\/wp-content\/uploads\/usu653\/2018\/11\/IMG_6154-2.jpg 312w, https:\/\/agora.xtec.cat\/iesfmompou\/wp-content\/uploads\/usu653\/2018\/11\/IMG_6154-2-146x300.jpg 146w\" sizes=\"auto, (max-width: 312px) 100vw, 312px\" \/><\/a><a href=\"https:\/\/agora.xtec.cat\/iesfmompou\/wp-content\/uploads\/usu653\/2018\/11\/IMG_6029-e1543175790257.jpg\"><img loading=\"lazy\" decoding=\"async\" class=\"wp-image-4951 alignright\" src=\"https:\/\/agora.xtec.cat\/iesfmompou\/wp-content\/uploads\/usu653\/2018\/11\/IMG_6029-e1543175790257-576x1024.jpg\" alt=\"\" width=\"324\" height=\"576\" srcset=\"https:\/\/agora.xtec.cat\/iesfmompou\/wp-content\/uploads\/usu653\/2018\/11\/IMG_6029-e1543175790257-576x1024.jpg 576w, https:\/\/agora.xtec.cat\/iesfmompou\/wp-content\/uploads\/usu653\/2018\/11\/IMG_6029-e1543175790257-169x300.jpg 169w, https:\/\/agora.xtec.cat\/iesfmompou\/wp-content\/uploads\/usu653\/2018\/11\/IMG_6029-e1543175790257-768x1365.jpg 768w, https:\/\/agora.xtec.cat\/iesfmompou\/wp-content\/uploads\/usu653\/2018\/11\/IMG_6029-e1543175790257.jpg 1920w\" sizes=\"auto, (max-width: 324px) 100vw, 324px\" \/><\/a><\/p>\n","protected":false},"excerpt":{"rendered":"<p>Del 12 al 30 de novembre del 2018 l&#8217;Institut Catal\u00e0 de les Dones\u00a0 far\u00e0 una s\u00e8rie d&#8217;actes per manifestar el rebuig envers la viol\u00e8ncia de qu\u00e8 s\u00f3n v\u00edctimes moltes dones. Avui 25 de novembre, a diferents ciutats, hi ha hagut un seguit de manifestacions per protestar sobre aquest fet, que \u00e9s una violaci\u00f3 dels drets [&hellip;]<\/p>\n","protected":false},"author":22,"featured_media":4917,"comment_status":"open","ping_status":"closed","sticky":false,"template":"","format":"standard","meta":{"_bbp_topic_count":0,"_bbp_reply_count":0,"_bbp_total_topic_count":0,"_bbp_total_reply_count":0,"_bbp_voice_count":0,"_bbp_anonymous_reply_count":0,"_bbp_topic_count_hidden":0,"_bbp_reply_count_hidden":0,"_bbp_forum_subforum_count":0,"site-sidebar-layout":"default","site-content-layout":"","ast-site-content-layout":"","site-content-style":"default","site-sidebar-style":"default","ast-global-header-display":"","ast-banner-title-visibility":"","ast-main-header-display":"","ast-hfb-above-header-display":"","ast-hfb-below-header-display":"","ast-hfb-mobile-header-display":"","site-post-title":"","ast-breadcrumbs-content":"","ast-featured-img":"","footer-sml-layout":"","theme-transparent-header-meta":"","adv-header-id-meta":"","stick-header-meta":"","header-above-stick-meta":"","header-main-stick-meta":"","header-below-stick-meta":"","astra-migrate-meta-layouts":"default","ast-page-background-enabled":"default","ast-page-background-meta":{"desktop":{"background-color":"var(--ast-global-color-4)","background-image":"","background-repeat":"repeat","background-position":"center center","background-size":"auto","background-attachment":"scroll","background-type":"","background-media":"","overlay-type":"","overlay-color":"","overlay-opacity":"","overlay-gradient":""},"tablet":{"background-color":"","background-image":"","background-repeat":"repeat","background-position":"center center","background-size":"auto","background-attachment":"scroll","background-type":"","background-media":"","overlay-type":"","overlay-color":"","overlay-opacity":"","overlay-gradient":""},"mobile":{"background-color":"","background-image":"","background-repeat":"repeat","background-position":"center center","background-size":"auto","background-attachment":"scroll","background-type":"","background-media":"","overlay-type":"","overlay-color":"","overlay-opacity":"","overlay-gradient":""}},"ast-content-background-meta":{"desktop":{"background-color":"var(--ast-global-color-5)","background-image":"","background-repeat":"repeat","background-position":"center center","background-size":"auto","background-attachment":"scroll","background-type":"","background-media":"","overlay-type":"","overlay-color":"","overlay-opacity":"","overlay-gradient":""},"tablet":{"background-color":"var(--ast-global-color-5)","background-image":"","background-repeat":"repeat","background-position":"center center","background-size":"auto","background-attachment":"scroll","background-type":"","background-media":"","overlay-type":"","overlay-color":"","overlay-opacity":"","overlay-gradient":""},"mobile":{"background-color":"var(--ast-global-color-5)","background-image":"","background-repeat":"repeat","background-position":"center center","background-size":"auto","background-attachment":"scroll","background-type":"","background-media":"","overlay-type":"","overlay-color":"","overlay-opacity":"","overlay-gradient":""}},"footnotes":""},"categories":[3,1,29,296],"tags":[330],"class_list":["post-4915","post","type-post","status-publish","format-standard","has-post-thumbnail","hentry","category-eso","category-general","category-portada","category-tallers-activitats-xerrades","tag-curs-18-19"],"post_mailing_queue_ids":[],"_links":{"self":[{"href":"https:\/\/agora.xtec.cat\/iesfmompou\/wp-json\/wp\/v2\/posts\/4915","targetHints":{"allow":["GET"]}}],"collection":[{"href":"https:\/\/agora.xtec.cat\/iesfmompou\/wp-json\/wp\/v2\/posts"}],"about":[{"href":"https:\/\/agora.xtec.cat\/iesfmompou\/wp-json\/wp\/v2\/types\/post"}],"author":[{"embeddable":true,"href":"https:\/\/agora.xtec.cat\/iesfmompou\/wp-json\/wp\/v2\/users\/22"}],"replies":[{"embeddable":true,"href":"https:\/\/agora.xtec.cat\/iesfmompou\/wp-json\/wp\/v2\/comments?post=4915"}],"version-history":[{"count":4,"href":"https:\/\/agora.xtec.cat\/iesfmompou\/wp-json\/wp\/v2\/posts\/4915\/revisions"}],"predecessor-version":[{"id":4959,"href":"https:\/\/agora.xtec.cat\/iesfmompou\/wp-json\/wp\/v2\/posts\/4915\/revisions\/4959"}],"wp:featuredmedia":[{"embeddable":true,"href":"https:\/\/agora.xtec.cat\/iesfmompou\/wp-json\/wp\/v2\/media\/4917"}],"wp:attachment":[{"href":"https:\/\/agora.xtec.cat\/iesfmompou\/wp-json\/wp\/v2\/media?parent=4915"}],"wp:term":[{"taxonomy":"category","embeddable":true,"href":"https:\/\/agora.xtec.cat\/iesfmompou\/wp-json\/wp\/v2\/categories?post=4915"},{"taxonomy":"post_tag","embeddable":true,"href":"https:\/\/agora.xtec.cat\/iesfmompou\/wp-json\/wp\/v2\/tags?post=4915"}],"curies":[{"name":"wp","href":"https:\/\/api.w.org\/{rel}","templated":true}]}}