{"id":16090,"date":"2026-04-28T10:04:32","date_gmt":"2026-04-28T08:04:32","guid":{"rendered":"https:\/\/agora.xtec.cat\/iesfmompou\/?p=16090"},"modified":"2026-04-28T10:04:35","modified_gmt":"2026-04-28T08:04:35","slug":"are-you-ready-to-have-some-fun-arriba-lenglish-day","status":"publish","type":"post","link":"https:\/\/agora.xtec.cat\/iesfmompou\/general\/are-you-ready-to-have-some-fun-arriba-lenglish-day\/","title":{"rendered":"Are you ready to have some fun? Arriba l\u2019English Day!"},"content":{"rendered":"\n<p>El proper 15 de maig, el poliesportiu de la Barruana es convertir\u00e0 en un gran espai d\u2019aprenentatge, joc i conviv\u00e8ncia amb la celebraci\u00f3 de l\u2019English Day, una jornada pensada per gaudir de l\u2019angl\u00e8s d\u2019una manera viva, din\u00e0mica i significativa.<\/p>\n\n\n\n<p>Alumnes de prim\u00e0ria de les escoles St Jordi, St Josep, St Vicen\u00e7, la Vinyala, Joan Juncadella, la Gu\u00e0rdia i la Immaculada participaran en diverses activitats l\u00fadiques i cooperatives, totes elles en angl\u00e8s. Per\u00f2 el veritable motor de la jornada seran els i les alumnes de 4t d\u2019ESO acad\u00e8mic de l\u2019Institut Frederic Mompou, que assumiran el rol de monitors i monitores.<\/p>\n\n\n\n<p>Aquests estudiants posaran en pr\u00e0ctica les seves compet\u00e8ncies comunicatives en angl\u00e8s en situacions reals, dinamitzant jocs i activitats amb els m\u00e9s petits. Es tracta d\u2019una oportunitat \u00fanica per demostrar que l\u2019angl\u00e8s \u00e9s molt m\u00e9s que una assignatura: \u00e9s una eina essencial per comunicar-se, col\u00b7laborar i moure\u2019s en el m\u00f3n actual.<\/p>\n\n\n\n<p>L\u2019English Day tamb\u00e9 destaca per ser un projecte compartit entre etapes educatives. La mascota oficial, en DUX, una simp\u00e0tica guineu, \u00e9s el resultat d\u2019un concurs en qu\u00e8 han participat les escoles de prim\u00e0ria. A m\u00e9s, la falca publicit\u00e0ria de l\u2019esdeveniment ha estat creada per l\u2019alumnat de 4t d\u2019ESO del nostre institut, refor\u00e7ant aix\u00ed els vincles entre prim\u00e0ria i secund\u00e0ria a Sant Vicen\u00e7 dels Horts.<\/p>\n\n\n\n<p>Amb l\u2019esl\u00f2gan \u201cAre you ready to have some fun?\u201d, aquesta jornada promet ser una experi\u00e8ncia enriquidora, divertida i plena d\u2019aprenentatge compartit.<\/p>\n\n\n\n<p>Guardeu la data: 15 de maig. Us hi esperem!<\/p>\n\n\n\n<figure class=\"wp-block-video\"><video controls src=\"https:\/\/agora.xtec.cat\/iesfmompou\/wp-content\/uploads\/usu653\/2026\/04\/03-Dux_-_Mascot_SVH_2026-4.mp4\"><\/video><\/figure>\n","protected":false},"excerpt":{"rendered":"<p>El proper 15 de maig, el poliesportiu de la Barruana es convertir\u00e0 en un gran espai d\u2019aprenentatge, joc i conviv\u00e8ncia amb la celebraci\u00f3 de l\u2019English Day, una jornada pensada per gaudir de l\u2019angl\u00e8s d\u2019una manera viva, din\u00e0mica i significativa.<\/p>\n","protected":false},"author":191,"featured_media":16092,"comment_status":"open","ping_status":"open","sticky":false,"template":"","format":"standard","meta":{"_bbp_topic_count":0,"_bbp_reply_count":0,"_bbp_total_topic_count":0,"_bbp_total_reply_count":0,"_bbp_voice_count":0,"_bbp_anonymous_reply_count":0,"_bbp_topic_count_hidden":0,"_bbp_reply_count_hidden":0,"_bbp_forum_subforum_count":0,"site-sidebar-layout":"default","site-content-layout":"","ast-site-content-layout":"default","site-content-style":"default","site-sidebar-style":"default","ast-global-header-display":"","ast-banner-title-visibility":"","ast-main-header-display":"","ast-hfb-above-header-display":"","ast-hfb-below-header-display":"","ast-hfb-mobile-header-display":"","site-post-title":"","ast-breadcrumbs-content":"","ast-featured-img":"","footer-sml-layout":"","theme-transparent-header-meta":"","adv-header-id-meta":"","stick-header-meta":"","header-above-stick-meta":"","header-main-stick-meta":"","header-below-stick-meta":"","astra-migrate-meta-layouts":"set","ast-page-background-enabled":"default","ast-page-background-meta":{"desktop":{"background-color":"var(--ast-global-color-4)","background-image":"","background-repeat":"repeat","background-position":"center center","background-size":"auto","background-attachment":"scroll","background-type":"","background-media":"","overlay-type":"","overlay-color":"","overlay-opacity":"","overlay-gradient":""},"tablet":{"background-color":"","background-image":"","background-repeat":"repeat","background-position":"center center","background-size":"auto","background-attachment":"scroll","background-type":"","background-media":"","overlay-type":"","overlay-color":"","overlay-opacity":"","overlay-gradient":""},"mobile":{"background-color":"","background-image":"","background-repeat":"repeat","background-position":"center center","background-size":"auto","background-attachment":"scroll","background-type":"","background-media":"","overlay-type":"","overlay-color":"","overlay-opacity":"","overlay-gradient":""}},"ast-content-background-meta":{"desktop":{"background-color":"var(--ast-global-color-5)","background-image":"","background-repeat":"repeat","background-position":"center center","background-size":"auto","background-attachment":"scroll","background-type":"","background-media":"","overlay-type":"","overlay-color":"","overlay-opacity":"","overlay-gradient":""},"tablet":{"background-color":"var(--ast-global-color-5)","background-image":"","background-repeat":"repeat","background-position":"center center","background-size":"auto","background-attachment":"scroll","background-type":"","background-media":"","overlay-type":"","overlay-color":"","overlay-opacity":"","overlay-gradient":""},"mobile":{"background-color":"var(--ast-global-color-5)","background-image":"","background-repeat":"repeat","background-position":"center center","background-size":"auto","background-attachment":"scroll","background-type":"","background-media":"","overlay-type":"","overlay-color":"","overlay-opacity":"","overlay-gradient":""}},"footnotes":""},"categories":[7,150,26,92,424,1,286,29,383],"tags":[435],"class_list":["post-16090","post","type-post","status-publish","format-standard","has-post-thumbnail","hentry","category-4t-deso","category-departament-llengues-estrangeres","category-eso-4c","category-eso-4d","category-eso-4e","category-general","category-institut-plurilingue","category-portada","category-sortides","tag-curs-25-26"],"post_mailing_queue_ids":[],"_links":{"self":[{"href":"https:\/\/agora.xtec.cat\/iesfmompou\/wp-json\/wp\/v2\/posts\/16090","targetHints":{"allow":["GET"]}}],"collection":[{"href":"https:\/\/agora.xtec.cat\/iesfmompou\/wp-json\/wp\/v2\/posts"}],"about":[{"href":"https:\/\/agora.xtec.cat\/iesfmompou\/wp-json\/wp\/v2\/types\/post"}],"author":[{"embeddable":true,"href":"https:\/\/agora.xtec.cat\/iesfmompou\/wp-json\/wp\/v2\/users\/191"}],"replies":[{"embeddable":true,"href":"https:\/\/agora.xtec.cat\/iesfmompou\/wp-json\/wp\/v2\/comments?post=16090"}],"version-history":[{"count":5,"href":"https:\/\/agora.xtec.cat\/iesfmompou\/wp-json\/wp\/v2\/posts\/16090\/revisions"}],"predecessor-version":[{"id":16103,"href":"https:\/\/agora.xtec.cat\/iesfmompou\/wp-json\/wp\/v2\/posts\/16090\/revisions\/16103"}],"wp:featuredmedia":[{"embeddable":true,"href":"https:\/\/agora.xtec.cat\/iesfmompou\/wp-json\/wp\/v2\/media\/16092"}],"wp:attachment":[{"href":"https:\/\/agora.xtec.cat\/iesfmompou\/wp-json\/wp\/v2\/media?parent=16090"}],"wp:term":[{"taxonomy":"category","embeddable":true,"href":"https:\/\/agora.xtec.cat\/iesfmompou\/wp-json\/wp\/v2\/categories?post=16090"},{"taxonomy":"post_tag","embeddable":true,"href":"https:\/\/agora.xtec.cat\/iesfmompou\/wp-json\/wp\/v2\/tags?post=16090"}],"curies":[{"name":"wp","href":"https:\/\/api.w.org\/{rel}","templated":true}]}}