{"id":15768,"date":"2026-02-18T09:16:38","date_gmt":"2026-02-18T08:16:38","guid":{"rendered":"https:\/\/agora.xtec.cat\/iesfmompou\/?p=15768"},"modified":"2026-02-18T09:16:40","modified_gmt":"2026-02-18T08:16:40","slug":"27g-els-alumnes-del-mompou-fan-la-lectura-del-manifest-a-lajuntament-de-svh","status":"publish","type":"post","link":"https:\/\/agora.xtec.cat\/iesfmompou\/general\/27g-els-alumnes-del-mompou-fan-la-lectura-del-manifest-a-lajuntament-de-svh\/","title":{"rendered":"27G: Els alumnes del Mompou fan la lectura del Manifest a l&#8217;Ajuntament de SVH"},"content":{"rendered":"\n<p>El passat 27 de gener, un grup d&#8217;alumnes dels diferents nivells de l&#8217;ESO del nostre centre van ser convidats a fer la lectura del manifest de l&#8217;amical de Mauthausen en commemoraci\u00f3 del Dia Internacional en mem\u00f2ria de les v\u00edctimes de l&#8217;Holocaust que va tenir lloc a la sala de plens de l&#8217;Ajuntament de Sant Vicen\u00e7 dels Horts.<\/p>\n\n\n\n<p>Enguany el text ha tingut  com a lema l&#8217;alian\u00e7a entre generacions per ser conscients del passat, i posar l&#8217;accent en la defensa dels drets humans.<\/p>\n\n\n\n<p>Els nostres alumnes tamb\u00e9 van poder con\u00e8ixer i parlar amb el Ferran Casas, nebot de Baldiri Casas, represaliat i assassinat pel nazisme al camp de concentraci\u00f3 de Gusen i que aviat tindr\u00e0 una llamborda de mem\u00f2ria en el seu \u00faltim domicili conegut a Sant Vicen\u00e7 dels Horts.<\/p>\n\n\n\n<p>Us deixem algunes fotos d&#8217;aquesta jornada tan emotiva!<\/p>\n\n\n\n<figure class=\"wp-block-image size-large\"><a href=\"https:\/\/agora.xtec.cat\/iesfmompou\/wp-content\/uploads\/usu653\/2026\/02\/IMG-20260216-WA0007.jpg\"><img loading=\"lazy\" decoding=\"async\" width=\"1024\" height=\"768\" src=\"https:\/\/agora.xtec.cat\/iesfmompou\/wp-content\/uploads\/usu653\/2026\/02\/IMG-20260216-WA0007-1024x768.jpg\" alt=\"\" class=\"wp-image-15776\" srcset=\"https:\/\/agora.xtec.cat\/iesfmompou\/wp-content\/uploads\/usu653\/2026\/02\/IMG-20260216-WA0007-1024x768.jpg 1024w, https:\/\/agora.xtec.cat\/iesfmompou\/wp-content\/uploads\/usu653\/2026\/02\/IMG-20260216-WA0007-300x225.jpg 300w, https:\/\/agora.xtec.cat\/iesfmompou\/wp-content\/uploads\/usu653\/2026\/02\/IMG-20260216-WA0007-768x576.jpg 768w, https:\/\/agora.xtec.cat\/iesfmompou\/wp-content\/uploads\/usu653\/2026\/02\/IMG-20260216-WA0007-1536x1152.jpg 1536w, https:\/\/agora.xtec.cat\/iesfmompou\/wp-content\/uploads\/usu653\/2026\/02\/IMG-20260216-WA0007.jpg 2048w\" sizes=\"auto, (max-width: 1024px) 100vw, 1024px\" \/><\/a><\/figure>\n\n\n\n<figure class=\"wp-block-image size-large\"><a href=\"https:\/\/agora.xtec.cat\/iesfmompou\/wp-content\/uploads\/usu653\/2026\/02\/IMG-20260216-WA0004.jpg\"><img loading=\"lazy\" decoding=\"async\" width=\"1024\" height=\"768\" src=\"https:\/\/agora.xtec.cat\/iesfmompou\/wp-content\/uploads\/usu653\/2026\/02\/IMG-20260216-WA0004-1024x768.jpg\" alt=\"\" class=\"wp-image-15775\" srcset=\"https:\/\/agora.xtec.cat\/iesfmompou\/wp-content\/uploads\/usu653\/2026\/02\/IMG-20260216-WA0004-1024x768.jpg 1024w, https:\/\/agora.xtec.cat\/iesfmompou\/wp-content\/uploads\/usu653\/2026\/02\/IMG-20260216-WA0004-300x225.jpg 300w, https:\/\/agora.xtec.cat\/iesfmompou\/wp-content\/uploads\/usu653\/2026\/02\/IMG-20260216-WA0004-768x576.jpg 768w, https:\/\/agora.xtec.cat\/iesfmompou\/wp-content\/uploads\/usu653\/2026\/02\/IMG-20260216-WA0004-1536x1152.jpg 1536w, https:\/\/agora.xtec.cat\/iesfmompou\/wp-content\/uploads\/usu653\/2026\/02\/IMG-20260216-WA0004.jpg 2048w\" sizes=\"auto, (max-width: 1024px) 100vw, 1024px\" \/><\/a><\/figure>\n\n\n\n<figure class=\"wp-block-image size-large\"><a href=\"https:\/\/agora.xtec.cat\/iesfmompou\/wp-content\/uploads\/usu653\/2026\/02\/IMG-20260216-WA0002-4.jpg\"><img loading=\"lazy\" decoding=\"async\" width=\"1024\" height=\"768\" src=\"https:\/\/agora.xtec.cat\/iesfmompou\/wp-content\/uploads\/usu653\/2026\/02\/IMG-20260216-WA0002-4-1024x768.jpg\" alt=\"\" class=\"wp-image-15774\" srcset=\"https:\/\/agora.xtec.cat\/iesfmompou\/wp-content\/uploads\/usu653\/2026\/02\/IMG-20260216-WA0002-4-1024x768.jpg 1024w, https:\/\/agora.xtec.cat\/iesfmompou\/wp-content\/uploads\/usu653\/2026\/02\/IMG-20260216-WA0002-4-300x225.jpg 300w, https:\/\/agora.xtec.cat\/iesfmompou\/wp-content\/uploads\/usu653\/2026\/02\/IMG-20260216-WA0002-4-768x576.jpg 768w, https:\/\/agora.xtec.cat\/iesfmompou\/wp-content\/uploads\/usu653\/2026\/02\/IMG-20260216-WA0002-4-1536x1152.jpg 1536w, https:\/\/agora.xtec.cat\/iesfmompou\/wp-content\/uploads\/usu653\/2026\/02\/IMG-20260216-WA0002-4.jpg 2048w\" sizes=\"auto, (max-width: 1024px) 100vw, 1024px\" \/><\/a><\/figure>\n","protected":false},"excerpt":{"rendered":"<p>El passat 27 de gener, un grup d&#8217;alumnes dels diferents nivells de l&#8217;ESO del nostre centre van ser convidats a fer la lectura del manifest de l&#8217;amical de Mauthausen en commemoraci\u00f3 del Dia Internacional en mem\u00f2ria de les v\u00edctimes de l&#8217;Holocaust que va tenir lloc a la sala de plens de l&#8217;Ajuntament de Sant Vicen\u00e7 [&hellip;]<\/p>\n","protected":false},"author":124,"featured_media":15776,"comment_status":"open","ping_status":"open","sticky":false,"template":"","format":"standard","meta":{"_bbp_topic_count":0,"_bbp_reply_count":0,"_bbp_total_topic_count":0,"_bbp_total_reply_count":0,"_bbp_voice_count":0,"_bbp_anonymous_reply_count":0,"_bbp_topic_count_hidden":0,"_bbp_reply_count_hidden":0,"_bbp_forum_subforum_count":0,"site-sidebar-layout":"default","site-content-layout":"","ast-site-content-layout":"default","site-content-style":"default","site-sidebar-style":"default","ast-global-header-display":"","ast-banner-title-visibility":"","ast-main-header-display":"","ast-hfb-above-header-display":"","ast-hfb-below-header-display":"","ast-hfb-mobile-header-display":"","site-post-title":"","ast-breadcrumbs-content":"","ast-featured-img":"","footer-sml-layout":"","theme-transparent-header-meta":"","adv-header-id-meta":"","stick-header-meta":"","header-above-stick-meta":"","header-main-stick-meta":"","header-below-stick-meta":"","astra-migrate-meta-layouts":"set","ast-page-background-enabled":"default","ast-page-background-meta":{"desktop":{"background-color":"var(--ast-global-color-4)","background-image":"","background-repeat":"repeat","background-position":"center center","background-size":"auto","background-attachment":"scroll","background-type":"","background-media":"","overlay-type":"","overlay-color":"","overlay-opacity":"","overlay-gradient":""},"tablet":{"background-color":"","background-image":"","background-repeat":"repeat","background-position":"center center","background-size":"auto","background-attachment":"scroll","background-type":"","background-media":"","overlay-type":"","overlay-color":"","overlay-opacity":"","overlay-gradient":""},"mobile":{"background-color":"","background-image":"","background-repeat":"repeat","background-position":"center center","background-size":"auto","background-attachment":"scroll","background-type":"","background-media":"","overlay-type":"","overlay-color":"","overlay-opacity":"","overlay-gradient":""}},"ast-content-background-meta":{"desktop":{"background-color":"var(--ast-global-color-5)","background-image":"","background-repeat":"repeat","background-position":"center center","background-size":"auto","background-attachment":"scroll","background-type":"","background-media":"","overlay-type":"","overlay-color":"","overlay-opacity":"","overlay-gradient":""},"tablet":{"background-color":"var(--ast-global-color-5)","background-image":"","background-repeat":"repeat","background-position":"center center","background-size":"auto","background-attachment":"scroll","background-type":"","background-media":"","overlay-type":"","overlay-color":"","overlay-opacity":"","overlay-gradient":""},"mobile":{"background-color":"var(--ast-global-color-5)","background-image":"","background-repeat":"repeat","background-position":"center center","background-size":"auto","background-attachment":"scroll","background-type":"","background-media":"","overlay-type":"","overlay-color":"","overlay-opacity":"","overlay-gradient":""}},"footnotes":""},"categories":[299,1,29],"tags":[],"class_list":["post-15768","post","type-post","status-publish","format-standard","has-post-thumbnail","hentry","category-departament-humanitats","category-general","category-portada"],"post_mailing_queue_ids":[],"_links":{"self":[{"href":"https:\/\/agora.xtec.cat\/iesfmompou\/wp-json\/wp\/v2\/posts\/15768","targetHints":{"allow":["GET"]}}],"collection":[{"href":"https:\/\/agora.xtec.cat\/iesfmompou\/wp-json\/wp\/v2\/posts"}],"about":[{"href":"https:\/\/agora.xtec.cat\/iesfmompou\/wp-json\/wp\/v2\/types\/post"}],"author":[{"embeddable":true,"href":"https:\/\/agora.xtec.cat\/iesfmompou\/wp-json\/wp\/v2\/users\/124"}],"replies":[{"embeddable":true,"href":"https:\/\/agora.xtec.cat\/iesfmompou\/wp-json\/wp\/v2\/comments?post=15768"}],"version-history":[{"count":3,"href":"https:\/\/agora.xtec.cat\/iesfmompou\/wp-json\/wp\/v2\/posts\/15768\/revisions"}],"predecessor-version":[{"id":15829,"href":"https:\/\/agora.xtec.cat\/iesfmompou\/wp-json\/wp\/v2\/posts\/15768\/revisions\/15829"}],"wp:featuredmedia":[{"embeddable":true,"href":"https:\/\/agora.xtec.cat\/iesfmompou\/wp-json\/wp\/v2\/media\/15776"}],"wp:attachment":[{"href":"https:\/\/agora.xtec.cat\/iesfmompou\/wp-json\/wp\/v2\/media?parent=15768"}],"wp:term":[{"taxonomy":"category","embeddable":true,"href":"https:\/\/agora.xtec.cat\/iesfmompou\/wp-json\/wp\/v2\/categories?post=15768"},{"taxonomy":"post_tag","embeddable":true,"href":"https:\/\/agora.xtec.cat\/iesfmompou\/wp-json\/wp\/v2\/tags?post=15768"}],"curies":[{"name":"wp","href":"https:\/\/api.w.org\/{rel}","templated":true}]}}