{"id":15040,"date":"2025-06-20T20:39:04","date_gmt":"2025-06-20T18:39:04","guid":{"rendered":"https:\/\/agora.xtec.cat\/iesfmompou\/?p=15040"},"modified":"2025-09-05T10:20:13","modified_gmt":"2025-09-05T08:20:13","slug":"llistat-de-llibres-i-material-escolar-per-al-curs-25-26","status":"publish","type":"post","link":"https:\/\/agora.xtec.cat\/iesfmompou\/general\/llistat-de-llibres-i-material-escolar-per-al-curs-25-26\/","title":{"rendered":"Llistat de llibres i material escolar per al curs 25-26"},"content":{"rendered":"<p><a href=\"https:\/\/drive.google.com\/file\/d\/1T6hG8EsqZ1awnSFzzoz82lAf0weq5xCG\/view?usp=sharing\"><img loading=\"lazy\" decoding=\"async\" class=\"wp-image-15043 alignright\" src=\"https:\/\/agora.xtec.cat\/iesfmompou\/wp-content\/uploads\/usu653\/2025\/06\/Llistat-de-llibres-de-text-i-material-escolar-724x1024.jpg\" alt=\"\" width=\"290\" height=\"410\" srcset=\"https:\/\/agora.xtec.cat\/iesfmompou\/wp-content\/uploads\/usu653\/2025\/06\/Llistat-de-llibres-de-text-i-material-escolar-724x1024.jpg 724w, https:\/\/agora.xtec.cat\/iesfmompou\/wp-content\/uploads\/usu653\/2025\/06\/Llistat-de-llibres-de-text-i-material-escolar-212x300.jpg 212w, https:\/\/agora.xtec.cat\/iesfmompou\/wp-content\/uploads\/usu653\/2025\/06\/Llistat-de-llibres-de-text-i-material-escolar-768x1086.jpg 768w, https:\/\/agora.xtec.cat\/iesfmompou\/wp-content\/uploads\/usu653\/2025\/06\/Llistat-de-llibres-de-text-i-material-escolar-1086x1536.jpg 1086w, https:\/\/agora.xtec.cat\/iesfmompou\/wp-content\/uploads\/usu653\/2025\/06\/Llistat-de-llibres-de-text-i-material-escolar.jpg 1414w\" sizes=\"auto, (max-width: 290px) 100vw, 290px\" \/><\/a>Ja tenim disponible el<strong> llistat de llibres de text i material<\/strong> del nostre institut per al curs 2025-2026, al qual podeu accedir <strong><a href=\"https:\/\/drive.google.com\/file\/d\/1T6hG8EsqZ1awnSFzzoz82lAf0weq5xCG\/view?usp=sharing\">clicant en aquest enlla\u00e7<\/a>\u00a0<\/strong>o al damunt de la imatge amb la portada del llistat.<\/p>\n<p>\u00c9s imprescindible que, abans de fer cap despesa en llibres o material escolar, llegiu atentament les\u00a0<em>Instruccions per a una compra correcta<\/em>, que podreu trobar de les p\u00e0gines 1 a la 3 del document. All\u00e0 hi resolem dubtes freq\u00fcents que podeu tenir i us expliquem detalladament el proc\u00e9s de compra de llibres i material escolar per al curs vinent.<\/p>\n<p><span style=\"font-family: inherit; font-size: 1em;\">Recordeu que heu de buscar el curs del vostre fill <strong>fixant-vos en els seg\u00fcents detalls<\/strong>: si va a desdoblament en el cas de 2n d\u2019ESO, si fa MOP a 3r d&#8217;ESO o si va a<\/span><span style=\"font-family: inherit; font-size: 1em;\">l grup acad\u00e8mic o professional en el cas de 4t d\u2019ESO. Tamb\u00e9 haureu de mirar les mat\u00e8ries optatives i de modalitat que cursa en el cas de 4t d&#8217;ESO i de batxillerat. Tal com s&#8217;indica en el llistat, tampoc no heu de comprar cap llibre de mat\u00e8ries optatives de 1r ni 2n d\u2019ESO fins que als vostres fills no els hagi sigut assignada una optativa al setembre.<\/span><\/p>\n<p>A les <strong>fam\u00edlies de 1r d\u2019ESO<\/strong> us recomanem que espereu a la <strong>reuni\u00f3 del dimecres 9 de juliol<\/strong> per resoldre tots els dubtes que tingueu respecte als llibres de text i el material.<\/p>\n<p>En el cas de <strong>2n d&#8217;ESO<\/strong>, com que ja ten\u00edeu comprat el llibre de <strong>Tecnologia<\/strong> de 1r d&#8217;ESO, el reaprofitareu tamb\u00e9 a 2n.<\/p>\n<p>En el cas de<strong> 2n de Batxillerat<\/strong>, volem informar-vos d&#8217;un detall relatiu als<strong> llibres de Llengua Catalana\u00a0<\/strong>i <strong>Llengua Castellana<\/strong>: tal com us vam informar el curs passat, el llibre \u00e9s el mateix tant a 1r com a 2n de Batxillerat. Per tant, si ja ten\u00edeu el llibre de 1r, no cal que compreu el nou a 2n. En el cas del llibre de Catal\u00e0, hem introdu\u00eft un llibre nou perqu\u00e8 \u00e9s la reedici\u00f3 del que hi havia, que est\u00e0 descatalogat.<\/p>\n<p><img loading=\"lazy\" decoding=\"async\" class=\"wp-image-14115 alignleft\" src=\"https:\/\/agora.xtec.cat\/iesfmompou\/wp-content\/uploads\/usu653\/2024\/07\/2-1024x1024.png\" alt=\"\" width=\"297\" height=\"297\" srcset=\"https:\/\/agora.xtec.cat\/iesfmompou\/wp-content\/uploads\/usu653\/2024\/07\/2-1024x1024.png 1024w, https:\/\/agora.xtec.cat\/iesfmompou\/wp-content\/uploads\/usu653\/2024\/07\/2-300x300.png 300w, https:\/\/agora.xtec.cat\/iesfmompou\/wp-content\/uploads\/usu653\/2024\/07\/2-150x150.png 150w, https:\/\/agora.xtec.cat\/iesfmompou\/wp-content\/uploads\/usu653\/2024\/07\/2-768x768.png 768w, https:\/\/agora.xtec.cat\/iesfmompou\/wp-content\/uploads\/usu653\/2024\/07\/2.png 1080w\" sizes=\"auto, (max-width: 297px) 100vw, 297px\" \/><\/p>\n<p><span style=\"font-family: inherit; font-size: 1em;\"><br \/>\n<strong>PROC\u00c9S DE COMPRA DELS LLIBRES A TRAV\u00c9S D&#8217;IDDINK<br \/>\n<\/strong><br \/>\nSi voleu fer les comandes a trav\u00e9s d\u2019<\/span><strong style=\"font-family: inherit; font-size: 1em;\">Iddink<\/strong><span style=\"font-family: inherit; font-size: 1em;\">, necessitareu el codi del nostre centre per realitzar-les: <\/span><strong style=\"font-family: inherit; font-size: 1em;\">461JA8<\/strong><span style=\"font-family: inherit; font-size: 1em;\">. Podeu trobar les instruccions per fer la comanda clicant<\/span><strong style=\"font-family: inherit; font-size: 1em;\">\u00a0<a href=\"https:\/\/drive.google.com\/file\/d\/1Z1sXvAW_Yxe4T_nMpqPu-PfQh6XKPkJH\/view?usp=sharing\" target=\"_blank\" rel=\"noopener\">AQU\u00cd.<\/a><\/strong><\/p>\n<p>Comprant els llibres a trav\u00e9s d&#8217;Iddink podreu tamb\u00e9 <a href=\"https:\/\/drive.google.com\/file\/d\/1ItiKEY-HX__M6zauskL4XIfvaijB9GGq\/view?usp=sharing\"><strong>aplicar-hi el val escolar de la Generalitat<\/strong><\/a> per reduir l&#8217;import de la comanda.<\/p>\n<p>&nbsp;<\/p>\n<p>&nbsp;<\/p>\n<h3><strong><br \/>\nVAL ESCOLAR DE LA GENERALITAT<br \/>\n<a href=\"https:\/\/www.valescolar.cat\/\"><img loading=\"lazy\" decoding=\"async\" class=\"alignnone wp-image-15045\" src=\"https:\/\/agora.xtec.cat\/iesfmompou\/wp-content\/uploads\/usu653\/2025\/06\/val-escolar.jpg\" alt=\"\" width=\"377\" height=\"100\" srcset=\"https:\/\/agora.xtec.cat\/iesfmompou\/wp-content\/uploads\/usu653\/2025\/06\/val-escolar.jpg 847w, https:\/\/agora.xtec.cat\/iesfmompou\/wp-content\/uploads\/usu653\/2025\/06\/val-escolar-300x80.jpg 300w, https:\/\/agora.xtec.cat\/iesfmompou\/wp-content\/uploads\/usu653\/2025\/06\/val-escolar-768x204.jpg 768w\" sizes=\"auto, (max-width: 377px) 100vw, 377px\" \/><\/a><br \/>\n<\/strong><\/h3>\n<p><span style=\"font-weight: 400;\">Un any m\u00e9s, despr\u00e9s de la campanya iniciada el curs 2024-2025, la Generalitat de Catalunya proveeix a totes les fam\u00edlies amb alumnat de secund\u00e0ria dels centres p\u00fablics o concertats un <\/span><b>val escolar per un import de 60 euros <\/b><span style=\"font-weight: 400;\">que es pot fer en els establiments comercials adherits a la campanya.<\/span><\/p>\n<p><span style=\"font-weight: 400;\">Tot i que tamb\u00e9 hi ha la possibilitat de cedir el val al centre educatiu per reduir l\u2019aportaci\u00f3 en concepte de material escolar, <\/span><b>des de l\u2019Institut Frederic Mompou us recomanem que bescanvieu el val en un comer\u00e7 adherit<\/b><span style=\"font-weight: 400;\">. Cal tenir en compte que la cessi\u00f3 dels vals als centres educatius \u00e9s irrevocable un cop est\u00e0 confirmada per la persona benefici\u00e0ria.<\/span><\/p>\n<p><span style=\"font-weight: 400;\">\u00c9s per tot aix\u00f2 que us recomanem una de les seg\u00fcents opcions:<\/span><\/p>\n<ol>\n<li style=\"font-weight: 400;\" aria-level=\"1\"><span style=\"font-weight: 400;\"><strong>Doneu suport al comer\u00e7 local de Sant Vicen\u00e7 dels Horts<\/strong> i feu \u00fas del val escolar en qualsevol dels <\/span><a href=\"https:\/\/www.valescolar.cat\/establiments-adherits?nom=&amp;municipality=248\"><span style=\"font-weight: 400;\">comer\u00e7os vicentins adherits a la campanya<\/span><\/a><span style=\"font-weight: 400;\">: SV Papereria Copisteria; Papers i Llibres Marta; Nova Papereria; Kimondo Papereria; El Gripau Blau; Barra Llibre.\u00a0\u00a0<\/span><\/li>\n<li style=\"font-weight: 400;\" aria-level=\"1\"><span style=\"font-weight: 400;\">Si feu la <strong>comanda dels llibres de text a trav\u00e9s d\u2019Iddink<\/strong>, podreu tamb\u00e9 aplicar-hi el val escolar per reduir l\u2019import de la comanda. <\/span><a href=\"https:\/\/drive.google.com\/file\/d\/1ItiKEY-HX__M6zauskL4XIfvaijB9GGq\/view?usp=sharing\"><span style=\"font-weight: 400;\">En aquest document<\/span><\/a><span style=\"font-weight: 400;\"> us expliquem com fer-ho.<\/span><\/li>\n<\/ol>\n<p><span style=\"font-weight: 400;\">Tingueu en compte que, tal com s\u2019especifica al web del val, es pot comprar material escolar en un sentit ampli, \u00e9s a dir, elements d&#8217;escriptura, papereria, llibres de text, literatura infantil i juvenil, diccionaris, petits instruments musicals, motxilles, estoigs, jocs educatius, calculadores, auriculars, teclats i ratolins. Tamb\u00e9 es poden adquirir llic\u00e8ncies de continguts educatius digitals. En canvi, no es pot comprar roba, cal\u00e7at, ni tampoc material electr\u00f2nic, com ordinadors port\u00e0tils, tauletes o videojocs.<\/span><\/p>\n<p><span style=\"font-weight: 400;\">Podeu consultar tots els establiments adherits i resoldre tots els dubtes relatius al val escolar al web <\/span><a href=\"https:\/\/www.valescolar.cat\/\"><span style=\"font-weight: 400;\">https:\/\/www.valescolar.cat\/<\/span><\/a><span style=\"font-weight: 400;\">.\u00a0<\/span><\/p>\n","protected":false},"excerpt":{"rendered":"<p>Ja tenim disponible el llistat de llibres de text i material del nostre institut per al curs 2025-2026, al qual podeu accedir clicant en aquest enlla\u00e7\u00a0o al damunt de la imatge amb la portada del llistat. \u00c9s imprescindible que, abans de fer cap despesa en llibres o material escolar, llegiu atentament les\u00a0Instruccions per a una [&hellip;]<\/p>\n","protected":false},"author":145,"featured_media":15041,"comment_status":"open","ping_status":"open","sticky":true,"template":"","format":"standard","meta":{"_bbp_topic_count":0,"_bbp_reply_count":0,"_bbp_total_topic_count":0,"_bbp_total_reply_count":0,"_bbp_voice_count":0,"_bbp_anonymous_reply_count":0,"_bbp_topic_count_hidden":0,"_bbp_reply_count_hidden":0,"_bbp_forum_subforum_count":0,"site-sidebar-layout":"default","site-content-layout":"","ast-site-content-layout":"default","site-content-style":"default","site-sidebar-style":"default","ast-global-header-display":"","ast-banner-title-visibility":"","ast-main-header-display":"","ast-hfb-above-header-display":"","ast-hfb-below-header-display":"","ast-hfb-mobile-header-display":"","site-post-title":"","ast-breadcrumbs-content":"","ast-featured-img":"","footer-sml-layout":"","theme-transparent-header-meta":"default","adv-header-id-meta":"","stick-header-meta":"","header-above-stick-meta":"","header-main-stick-meta":"","header-below-stick-meta":"","astra-migrate-meta-layouts":"set","ast-page-background-enabled":"default","ast-page-background-meta":{"desktop":{"background-color":"var(--ast-global-color-4)","background-image":"","background-repeat":"repeat","background-position":"center center","background-size":"auto","background-attachment":"scroll","background-type":"","background-media":"","overlay-type":"","overlay-color":"","overlay-opacity":"","overlay-gradient":""},"tablet":{"background-color":"","background-image":"","background-repeat":"repeat","background-position":"center center","background-size":"auto","background-attachment":"scroll","background-type":"","background-media":"","overlay-type":"","overlay-color":"","overlay-opacity":"","overlay-gradient":""},"mobile":{"background-color":"","background-image":"","background-repeat":"repeat","background-position":"center center","background-size":"auto","background-attachment":"scroll","background-type":"","background-media":"","overlay-type":"","overlay-color":"","overlay-opacity":"","overlay-gradient":""}},"ast-content-background-meta":{"desktop":{"background-color":"var(--ast-global-color-5)","background-image":"","background-repeat":"repeat","background-position":"center center","background-size":"auto","background-attachment":"scroll","background-type":"","background-media":"","overlay-type":"","overlay-color":"","overlay-opacity":"","overlay-gradient":""},"tablet":{"background-color":"var(--ast-global-color-5)","background-image":"","background-repeat":"repeat","background-position":"center center","background-size":"auto","background-attachment":"scroll","background-type":"","background-media":"","overlay-type":"","overlay-color":"","overlay-opacity":"","overlay-gradient":""},"mobile":{"background-color":"var(--ast-global-color-5)","background-image":"","background-repeat":"repeat","background-position":"center center","background-size":"auto","background-attachment":"scroll","background-type":"","background-media":"","overlay-type":"","overlay-color":"","overlay-opacity":"","overlay-gradient":""}},"footnotes":""},"categories":[31,8,3,1,29],"tags":[],"class_list":["post-15040","post","type-post","status-publish","format-standard","has-post-thumbnail","hentry","category-afa","category-batxillerat","category-eso","category-general","category-portada"],"post_mailing_queue_ids":[],"_links":{"self":[{"href":"https:\/\/agora.xtec.cat\/iesfmompou\/wp-json\/wp\/v2\/posts\/15040","targetHints":{"allow":["GET"]}}],"collection":[{"href":"https:\/\/agora.xtec.cat\/iesfmompou\/wp-json\/wp\/v2\/posts"}],"about":[{"href":"https:\/\/agora.xtec.cat\/iesfmompou\/wp-json\/wp\/v2\/types\/post"}],"author":[{"embeddable":true,"href":"https:\/\/agora.xtec.cat\/iesfmompou\/wp-json\/wp\/v2\/users\/145"}],"replies":[{"embeddable":true,"href":"https:\/\/agora.xtec.cat\/iesfmompou\/wp-json\/wp\/v2\/comments?post=15040"}],"version-history":[{"count":6,"href":"https:\/\/agora.xtec.cat\/iesfmompou\/wp-json\/wp\/v2\/posts\/15040\/revisions"}],"predecessor-version":[{"id":15189,"href":"https:\/\/agora.xtec.cat\/iesfmompou\/wp-json\/wp\/v2\/posts\/15040\/revisions\/15189"}],"wp:featuredmedia":[{"embeddable":true,"href":"https:\/\/agora.xtec.cat\/iesfmompou\/wp-json\/wp\/v2\/media\/15041"}],"wp:attachment":[{"href":"https:\/\/agora.xtec.cat\/iesfmompou\/wp-json\/wp\/v2\/media?parent=15040"}],"wp:term":[{"taxonomy":"category","embeddable":true,"href":"https:\/\/agora.xtec.cat\/iesfmompou\/wp-json\/wp\/v2\/categories?post=15040"},{"taxonomy":"post_tag","embeddable":true,"href":"https:\/\/agora.xtec.cat\/iesfmompou\/wp-json\/wp\/v2\/tags?post=15040"}],"curies":[{"name":"wp","href":"https:\/\/api.w.org\/{rel}","templated":true}]}}