{"id":228,"count":4,"description":"<span style=\"font-weight: 400;\">Projecte interdisciplinari i d\u2019entorn que recrea una fira medieval amb la implicaci\u00f3 de diferents mat\u00e8ries i nivells educatius. Aquesta activitat permet treballar de manera competencial els continguts hist\u00f2rics, culturals i art\u00edstics, alhora que afavoreix la participaci\u00f3 de les fam\u00edlies i la comunitat local.<\/span>","link":"https:\/\/agora.xtec.cat\/iesfedericamontseny\/categoria\/fira-medieval\/","name":"Fira Medieval","slug":"fira-medieval","taxonomy":"category","parent":0,"meta":[],"_links":{"self":[{"href":"https:\/\/agora.xtec.cat\/iesfedericamontseny\/wp-json\/wp\/v2\/categories\/228","targetHints":{"allow":["GET"]}}],"collection":[{"href":"https:\/\/agora.xtec.cat\/iesfedericamontseny\/wp-json\/wp\/v2\/categories"}],"about":[{"href":"https:\/\/agora.xtec.cat\/iesfedericamontseny\/wp-json\/wp\/v2\/taxonomies\/category"}],"wp:post_type":[{"href":"https:\/\/agora.xtec.cat\/iesfedericamontseny\/wp-json\/wp\/v2\/posts?categories=228"}],"curies":[{"name":"wp","href":"https:\/\/api.w.org\/{rel}","templated":true}]}}