{"id":9637,"date":"2021-06-01T18:53:18","date_gmt":"2021-06-01T16:53:18","guid":{"rendered":"http:\/\/agora.xtec.cat\/iesesteveterradas\/?p=9637"},"modified":"2021-06-01T18:53:18","modified_gmt":"2021-06-01T16:53:18","slug":"les-llengues-serveixen-per-parlar","status":"publish","type":"post","link":"https:\/\/agora.xtec.cat\/iesesteveterradas\/general\/les-llengues-serveixen-per-parlar\/","title":{"rendered":"Les lleng\u00fces serveixen per parlar"},"content":{"rendered":"<p>Al llarg de tot aquest curs, a l&#8217;institut hem pogut gaudir de la pres\u00e8ncia de la Cindy, una auxiliar de conversa en llengua anglesa que ens ha ajudat a treballar la comunicaci\u00f3 oral a l&#8217;aula. La Cindy, que venia de Chicago, s&#8217;ha adaptat molt b\u00e9 al nostre institut i al nostre alumnat.<\/p>\n<p><img loading=\"lazy\" decoding=\"async\" class=\"wp-image-9638 alignleft\" src=\"https:\/\/agora.xtec.cat\/iesesteveterradas\/wp-content\/uploads\/usu855\/Cindyinaction-1024x576.jpg\" alt=\"\" width=\"620\" height=\"348\" srcset=\"https:\/\/agora.xtec.cat\/iesesteveterradas\/wp-content\/uploads\/usu855\/Cindyinaction-1024x576.jpg 1024w, https:\/\/agora.xtec.cat\/iesesteveterradas\/wp-content\/uploads\/usu855\/Cindyinaction-300x169.jpg 300w, https:\/\/agora.xtec.cat\/iesesteveterradas\/wp-content\/uploads\/usu855\/Cindyinaction-768x432.jpg 768w\" sizes=\"auto, (max-width: 620px) 100vw, 620px\" \/><\/p>\n<p>Per a les persones que hem pogut treballar amb ella, a banda de tot el que ens ha aportat en l&#8217;objectiu d&#8217;atrevir-nos a parlar i a entendre l&#8217;angl\u00e8s oral, ha estat un plaer conviure amb el seu bon humor i la seva positivitat, especialment valuosa en un any com aquest. Com deia aquell vel blues (de Chicago)&#8230; &#8220;We&#8217;re gonna miss you when you&#8217;re gone&#8221;&#8230;<\/p>\n","protected":false},"excerpt":{"rendered":"<p>Al llarg de tot aquest curs, a l&#8217;institut hem pogut gaudir de la pres\u00e8ncia de la Cindy, una auxiliar de conversa en llengua anglesa que ens ha ajudat a treballar la comunicaci\u00f3 oral a l&#8217;aula. La Cindy, que venia de Chicago, s&#8217;ha adaptat molt b\u00e9&hellip;  <a href=\"https:\/\/agora.xtec.cat\/iesesteveterradas\/general\/les-llengues-serveixen-per-parlar\/\" title=\"Read Les lleng\u00fces serveixen per parlar\">Llegeix m\u00e9s\u00bb<\/a><\/p>\n","protected":false},"author":35,"featured_media":0,"comment_status":"closed","ping_status":"closed","sticky":false,"template":"","format":"standard","meta":{"_bbp_topic_count":0,"_bbp_reply_count":0,"_bbp_total_topic_count":0,"_bbp_total_reply_count":0,"_bbp_voice_count":0,"_bbp_anonymous_reply_count":0,"_bbp_topic_count_hidden":0,"_bbp_reply_count_hidden":0,"_bbp_forum_subforum_count":0,"footnotes":""},"categories":[1,29,368],"tags":[],"class_list":["post-9637","post","type-post","status-publish","format-standard","hentry","category-general","category-portada","category-portada-ca"],"post_mailing_queue_ids":[],"_links":{"self":[{"href":"https:\/\/agora.xtec.cat\/iesesteveterradas\/wp-json\/wp\/v2\/posts\/9637","targetHints":{"allow":["GET"]}}],"collection":[{"href":"https:\/\/agora.xtec.cat\/iesesteveterradas\/wp-json\/wp\/v2\/posts"}],"about":[{"href":"https:\/\/agora.xtec.cat\/iesesteveterradas\/wp-json\/wp\/v2\/types\/post"}],"author":[{"embeddable":true,"href":"https:\/\/agora.xtec.cat\/iesesteveterradas\/wp-json\/wp\/v2\/users\/35"}],"replies":[{"embeddable":true,"href":"https:\/\/agora.xtec.cat\/iesesteveterradas\/wp-json\/wp\/v2\/comments?post=9637"}],"version-history":[{"count":1,"href":"https:\/\/agora.xtec.cat\/iesesteveterradas\/wp-json\/wp\/v2\/posts\/9637\/revisions"}],"predecessor-version":[{"id":9639,"href":"https:\/\/agora.xtec.cat\/iesesteveterradas\/wp-json\/wp\/v2\/posts\/9637\/revisions\/9639"}],"wp:attachment":[{"href":"https:\/\/agora.xtec.cat\/iesesteveterradas\/wp-json\/wp\/v2\/media?parent=9637"}],"wp:term":[{"taxonomy":"category","embeddable":true,"href":"https:\/\/agora.xtec.cat\/iesesteveterradas\/wp-json\/wp\/v2\/categories?post=9637"},{"taxonomy":"post_tag","embeddable":true,"href":"https:\/\/agora.xtec.cat\/iesesteveterradas\/wp-json\/wp\/v2\/tags?post=9637"}],"curies":[{"name":"wp","href":"https:\/\/api.w.org\/{rel}","templated":true}]}}