{"id":925,"date":"2018-10-08T11:56:24","date_gmt":"2018-10-08T09:56:24","guid":{"rendered":"http:\/\/agora.xtec.cat\/iesesteveterradas\/?p=925"},"modified":"2018-10-08T12:02:14","modified_gmt":"2018-10-08T10:02:14","slug":"avaluacio-de-les-sollicituds-de-participacio-a-3d-robo-challenge","status":"publish","type":"post","link":"https:\/\/agora.xtec.cat\/iesesteveterradas\/eso\/eso-4\/avaluacio-de-les-sollicituds-de-participacio-a-3d-robo-challenge\/","title":{"rendered":"Avaluaci\u00f3 de les sol\u00b7licituds de participaci\u00f3 a 3D ROBO CHALLENGE"},"content":{"rendered":"<p class=\"western\" lang=\"ca-ES\" align=\"justify\"><span style=\"color: #333333;\"><span style=\"font-family: Verdana, sans-serif;\"><span style=\"font-size: medium;\">El passat dia 3 d&#8217;octubre es va reunir la comissi\u00f3 d\u2019avaluaci\u00f3 de les sol\u00b7licituds de participaci\u00f3 del projecte europeu \u201c3D ROBO CHALLENGE\u201d .<\/span><\/span><\/span><\/p>\n<p class=\"western\" lang=\"ca-ES\"><span style=\"font-family: Verdana, sans-serif;\"><span style=\"font-size: medium;\"><span style=\"color: #333333;\">Atenent els requisits, aspectes importants i criteris de selecci\u00f3 anteriorment publicats en la convocat\u00f2ria del projecte, la comissi\u00f3 va avaluar i qualificar totes les candidatures.\u00a0A continuaci\u00f3 detallem les candidatures seleccionades i candidatures de reserva:<\/span><\/span><\/span><\/p>\n<p class=\"western\" lang=\"ca-ES\"><span style=\"color: #333333;\"><span style=\"font-family: Verdana, sans-serif;\"><span style=\"font-size: medium;\"><strong>Alumnes sel\u00b7leccionats:<\/strong><\/span><\/span><\/span><\/p>\n<p class=\"western\" lang=\"ca-ES\"><span style=\"color: #333333;\"><span style=\"font-family: Verdana, sans-serif;\"><span style=\"font-size: medium;\">Lidia Chicano S\u00e1nchez<br \/>\n<\/span><\/span><\/span><span style=\"color: #333333;\"><span style=\"font-family: Verdana, sans-serif;\"><span style=\"font-size: medium;\">Lorenzo Rusu<br \/>\n<\/span><\/span><\/span><span style=\"color: #333333;\"><span style=\"font-family: Verdana, sans-serif;\"><span style=\"font-size: medium;\">Anas Bentaleb<br \/>\n<\/span><\/span><\/span><span style=\"color: #333333;\"><span style=\"font-family: Verdana, sans-serif;\"><span style=\"font-size: medium;\">Eduard Fern\u00e1ndez Ramirez<br \/>\n<\/span><\/span><\/span><span style=\"font-size: medium; font-family: Verdana, sans-serif; color: #333333;\">Mohamed Nabil Ben\u00a0<\/span><span style=\"color: #222222;\">Rouain\u00a0Teyar<br \/>\n<\/span><span style=\"color: #333333;\"><span style=\"font-family: Verdana, sans-serif;\"><span style=\"font-size: medium;\">Ismael\u00a0<span style=\"color: #222222;\">Ben Rouain\u00a0Rouain<\/span><\/span><\/span><\/span><\/p>\n<p class=\"western\" lang=\"ca-ES\"><span style=\"color: #333333;\"><span style=\"font-family: Verdana, sans-serif;\"><span style=\"font-size: medium;\"><strong>Alumnes reserva:<\/strong><\/p>\n<p><\/span><\/span><\/span><span style=\"color: #333333;\"><span style=\"font-family: Verdana, sans-serif;\"><span style=\"font-size: medium;\">Mar\u00eda Beili Mene Dorado<br \/>\nMarta Carrasco<br \/>\n<\/span><\/span><\/span><span style=\"color: #333333;\"><span style=\"font-family: Verdana, sans-serif;\"><span style=\"font-size: medium;\">Pau Rius Noriega<br \/>\n<\/span><\/span><\/span><span style=\"color: #333333;\"><span style=\"font-family: Verdana, sans-serif;\"><span style=\"font-size: medium;\">Hamza Baslem<br \/>\n<\/span><\/span><\/span><span style=\"font-family: Verdana, sans-serif;\"><span style=\"font-size: medium;\">Brahim el Ghazi<\/span><\/span><\/p>\n<p class=\"western\" lang=\"ca-ES\"><span style=\"color: #333333;\"><span style=\"font-family: Verdana, sans-serif;\"><span style=\"font-size: medium;\">Tots els alumnes que han presentat candidatura i que no participaran enguany en el projecte, si l\u2019any seg\u00fcent estan cursant primer de batxillerat tecnol\u00f2gic o cicle formatiu de grau mitja en fabricaci\u00f3 mec\u00e0nica podran tornar a presentar-se a la convocat\u00f2ria de selecci\u00f3. Haver-se presentat anteriorment a la convocat\u00f2ria aportar\u00e0 puntuaci\u00f3 extra (per determinar) en el proc\u00e9s de selecci\u00f3 sempre que es compleixi el pre-requisit ling\u00fc\u00edstic.<\/span><\/span><\/span><\/p>\n","protected":false},"excerpt":{"rendered":"<p>Avaluaci\u00f3 de les sol\u00b7licituds de participaci\u00f3 a 3D ROBO CHALLENGE&hellip;  <a href=\"https:\/\/agora.xtec.cat\/iesesteveterradas\/eso\/eso-4\/avaluacio-de-les-sollicituds-de-participacio-a-3d-robo-challenge\/\" title=\"Read Avaluaci\u00f3 de les sol\u00b7licituds de participaci\u00f3 a 3D ROBO CHALLENGE\">Llegeix m\u00e9s\u00bb<\/a><\/p>\n","protected":false},"author":1,"featured_media":0,"comment_status":"closed","ping_status":"closed","sticky":false,"template":"","format":"standard","meta":{"_bbp_topic_count":0,"_bbp_reply_count":0,"_bbp_total_topic_count":0,"_bbp_total_reply_count":0,"_bbp_voice_count":0,"_bbp_anonymous_reply_count":0,"_bbp_topic_count_hidden":0,"_bbp_reply_count_hidden":0,"_bbp_forum_subforum_count":0,"footnotes":""},"categories":[7,117,29,143,144],"tags":[],"class_list":["post-925","post","type-post","status-publish","format-standard","hentry","category-eso-4","category-fabricacion_mecanica","category-portada","category-tecnologia","category-tecnologia-batxillerat"],"post_mailing_queue_ids":[],"_links":{"self":[{"href":"https:\/\/agora.xtec.cat\/iesesteveterradas\/wp-json\/wp\/v2\/posts\/925","targetHints":{"allow":["GET"]}}],"collection":[{"href":"https:\/\/agora.xtec.cat\/iesesteveterradas\/wp-json\/wp\/v2\/posts"}],"about":[{"href":"https:\/\/agora.xtec.cat\/iesesteveterradas\/wp-json\/wp\/v2\/types\/post"}],"author":[{"embeddable":true,"href":"https:\/\/agora.xtec.cat\/iesesteveterradas\/wp-json\/wp\/v2\/users\/1"}],"replies":[{"embeddable":true,"href":"https:\/\/agora.xtec.cat\/iesesteveterradas\/wp-json\/wp\/v2\/comments?post=925"}],"version-history":[{"count":2,"href":"https:\/\/agora.xtec.cat\/iesesteveterradas\/wp-json\/wp\/v2\/posts\/925\/revisions"}],"predecessor-version":[{"id":927,"href":"https:\/\/agora.xtec.cat\/iesesteveterradas\/wp-json\/wp\/v2\/posts\/925\/revisions\/927"}],"wp:attachment":[{"href":"https:\/\/agora.xtec.cat\/iesesteveterradas\/wp-json\/wp\/v2\/media?parent=925"}],"wp:term":[{"taxonomy":"category","embeddable":true,"href":"https:\/\/agora.xtec.cat\/iesesteveterradas\/wp-json\/wp\/v2\/categories?post=925"},{"taxonomy":"post_tag","embeddable":true,"href":"https:\/\/agora.xtec.cat\/iesesteveterradas\/wp-json\/wp\/v2\/tags?post=925"}],"curies":[{"name":"wp","href":"https:\/\/api.w.org\/{rel}","templated":true}]}}