{"id":8074,"date":"2021-01-10T23:24:38","date_gmt":"2021-01-10T22:24:38","guid":{"rendered":"http:\/\/agora.xtec.cat\/iesesteveterradas\/?p=8074"},"modified":"2021-01-25T09:39:46","modified_gmt":"2021-01-25T08:39:46","slug":"dynamic-la-beguda-oficial-de-lesteve-terradas","status":"publish","type":"post","link":"https:\/\/agora.xtec.cat\/iesesteveterradas\/general\/dynamic-la-beguda-oficial-de-lesteve-terradas\/","title":{"rendered":"Dynamic: la beguda oficial de l&#8217;Esteve Terradas"},"content":{"rendered":"<p>El 2020 finalitza amb una molt bona not\u00edcia: ha nascut Dynamic, la beguda refrescant oficial de @iesteveterradas fruit del treball de les fam\u00edlies professionals de la formaci\u00f3 professional del nostre centre educatiu.<\/p>\n<p>Pensada i dissenyada a les aules del nostre institut, i fabricada a Sant Vicen\u00e7 dels Horts, aquesta beguda pret\u00e9n ser un punt d&#8217;uni\u00f3 entre les diferents branques d&#8217;FP de l&#8217;Esteve ja que fins a 5 Cicles Formatius de Grau Superior, amb 70 estudiants, han participat directament en el projecte amb el vistiplau de la xarxa ActivaFP de la Generalitat de Catalunya.<\/p>\n<p>Amb un disseny transgressor i disruptiu, amb la uni\u00f3 del concepte Dynamic (<em><span title=\"Transliteraci\u00f3n de \u03b4\u03cd\u03bd\u03b1\u03bc\u03b9\u03c2 al alfabeto latino\">dynamis<\/span><\/em> &#8211; for\u00e7a en grec) i el D\u00e9u dels D\u00e9us Zeus aquesta innovadora col.laboraci\u00f3 interCircles tot just inicia el seu cam\u00ed.<\/p>\n<p>L&#8217;Esteve Terradas i Illa esdev\u00e9 el primer Institut d&#8217;Espanya en tenir una beguda oficial; som \u00fanics.<\/p>\n<p>A la venda a principis del #2021<\/p>\n<p><img loading=\"lazy\" decoding=\"async\" class=\"alignnone wp-image-8075\" src=\"https:\/\/agora.xtec.cat\/iesesteveterradas\/wp-content\/uploads\/usu855\/LogoDynamic.jpg\" alt=\"\" width=\"384\" height=\"343\" srcset=\"https:\/\/agora.xtec.cat\/iesesteveterradas\/wp-content\/uploads\/usu855\/LogoDynamic.jpg 425w, https:\/\/agora.xtec.cat\/iesesteveterradas\/wp-content\/uploads\/usu855\/LogoDynamic-300x268.jpg 300w\" sizes=\"auto, (max-width: 384px) 100vw, 384px\" \/> <img loading=\"lazy\" decoding=\"async\" class=\"alignnone wp-image-8076\" src=\"https:\/\/agora.xtec.cat\/iesesteveterradas\/wp-content\/uploads\/usu855\/Llaunes.jpg\" alt=\"\" width=\"320\" height=\"347\" srcset=\"https:\/\/agora.xtec.cat\/iesesteveterradas\/wp-content\/uploads\/usu855\/Llaunes.jpg 558w, https:\/\/agora.xtec.cat\/iesesteveterradas\/wp-content\/uploads\/usu855\/Llaunes-277x300.jpg 277w\" sizes=\"auto, (max-width: 320px) 100vw, 320px\" \/><\/p>\n","protected":false},"excerpt":{"rendered":"<p>El 2020 finalitza amb una molt bona not\u00edcia: ha nascut Dynamic, la beguda refrescant oficial de @iesteveterradas fruit del treball de les fam\u00edlies professionals de la formaci\u00f3 professional del nostre centre educatiu.<br \/>\nPensada i dissenyada a les aules del nostre institut, i fabricada a Sant Vicen\u00e7&hellip;  <a href=\"https:\/\/agora.xtec.cat\/iesesteveterradas\/general\/dynamic-la-beguda-oficial-de-lesteve-terradas\/\" title=\"Read Dynamic: la beguda oficial de l&#8217;Esteve Terradas\">Llegeix m\u00e9s\u00bb<\/a><\/p>\n","protected":false},"author":14,"featured_media":0,"comment_status":"closed","ping_status":"closed","sticky":false,"template":"","format":"standard","meta":{"_bbp_topic_count":0,"_bbp_reply_count":0,"_bbp_total_topic_count":0,"_bbp_total_reply_count":0,"_bbp_voice_count":0,"_bbp_anonymous_reply_count":0,"_bbp_topic_count_hidden":0,"_bbp_reply_count_hidden":0,"_bbp_forum_subforum_count":0,"footnotes":""},"categories":[113,120,151,1,159,29,368,148],"tags":[],"class_list":["post-8074","post","type-post","status-publish","format-standard","hentry","category-administracio_empreses","category-coordinacio_fp","category-emprenedoria","category-general","category-innovacio","category-portada","category-portada-ca","category-serveis_empreses"],"post_mailing_queue_ids":[],"_links":{"self":[{"href":"https:\/\/agora.xtec.cat\/iesesteveterradas\/wp-json\/wp\/v2\/posts\/8074","targetHints":{"allow":["GET"]}}],"collection":[{"href":"https:\/\/agora.xtec.cat\/iesesteveterradas\/wp-json\/wp\/v2\/posts"}],"about":[{"href":"https:\/\/agora.xtec.cat\/iesesteveterradas\/wp-json\/wp\/v2\/types\/post"}],"author":[{"embeddable":true,"href":"https:\/\/agora.xtec.cat\/iesesteveterradas\/wp-json\/wp\/v2\/users\/14"}],"replies":[{"embeddable":true,"href":"https:\/\/agora.xtec.cat\/iesesteveterradas\/wp-json\/wp\/v2\/comments?post=8074"}],"version-history":[{"count":3,"href":"https:\/\/agora.xtec.cat\/iesesteveterradas\/wp-json\/wp\/v2\/posts\/8074\/revisions"}],"predecessor-version":[{"id":8080,"href":"https:\/\/agora.xtec.cat\/iesesteveterradas\/wp-json\/wp\/v2\/posts\/8074\/revisions\/8080"}],"wp:attachment":[{"href":"https:\/\/agora.xtec.cat\/iesesteveterradas\/wp-json\/wp\/v2\/media?parent=8074"}],"wp:term":[{"taxonomy":"category","embeddable":true,"href":"https:\/\/agora.xtec.cat\/iesesteveterradas\/wp-json\/wp\/v2\/categories?post=8074"},{"taxonomy":"post_tag","embeddable":true,"href":"https:\/\/agora.xtec.cat\/iesesteveterradas\/wp-json\/wp\/v2\/tags?post=8074"}],"curies":[{"name":"wp","href":"https:\/\/api.w.org\/{rel}","templated":true}]}}