{"id":7741,"date":"2020-10-20T08:15:04","date_gmt":"2020-10-20T06:15:04","guid":{"rendered":"http:\/\/agora.xtec.cat\/iesesteveterradas\/?p=7741"},"modified":"2020-10-20T08:15:04","modified_gmt":"2020-10-20T06:15:04","slug":"el-das-2-i-lads2-treballen-en-equip","status":"publish","type":"post","link":"https:\/\/agora.xtec.cat\/iesesteveterradas\/general\/el-das-2-i-lads2-treballen-en-equip\/","title":{"rendered":"El DAS-2 i l&#8217;ADS2 treballen en equip"},"content":{"rendered":"<p>L\u2019alumnat del MP DUAL de DAS-2 i ADS-2 ha practicat la coordinaci\u00f3 en equips de treball mitjan\u00e7ant la resoluci\u00f3 de dos trencaclosques de mil peces.<\/p>\n<p>Un bon equip divideix la feina i multiplica els resultats. Per\u00f2, alerta! Un mal treball en equip pot acabar reduint l\u2019esfor\u00e7 individual, multiplicant les tasques o, fins i tot, frenant la creativitat individual per por a ser rebutjat. \u00a0El treball en equip \u00e9s POSITIU, s\u00ed. Per\u00f2 NOM\u00c9S si est\u00e0 estrictament organitzat i coordinat.<\/p>\n<p>Aquesta din\u00e0mica forma part del projecte Intercicles que durant aquest curs portaran a terme les fam\u00edlies d&#8217;Arts Gr\u00e0fiques, Inform\u00e0tica i Administraci\u00f3 d&#8217;Empreses.<\/p>\n<p><img loading=\"lazy\" decoding=\"async\" class=\"alignnone wp-image-7742\" src=\"https:\/\/agora.xtec.cat\/iesesteveterradas\/wp-content\/uploads\/usu855\/Foto1_puzz-1024x768.jpg\" alt=\"\" width=\"385\" height=\"289\" srcset=\"https:\/\/agora.xtec.cat\/iesesteveterradas\/wp-content\/uploads\/usu855\/Foto1_puzz-1024x768.jpg 1024w, https:\/\/agora.xtec.cat\/iesesteveterradas\/wp-content\/uploads\/usu855\/Foto1_puzz-300x225.jpg 300w, https:\/\/agora.xtec.cat\/iesesteveterradas\/wp-content\/uploads\/usu855\/Foto1_puzz-768x576.jpg 768w, https:\/\/agora.xtec.cat\/iesesteveterradas\/wp-content\/uploads\/usu855\/Foto1_puzz-200x150.jpg 200w\" sizes=\"auto, (max-width: 385px) 100vw, 385px\" \/> <img loading=\"lazy\" decoding=\"async\" class=\"alignnone wp-image-7744\" src=\"https:\/\/agora.xtec.cat\/iesesteveterradas\/wp-content\/uploads\/usu855\/Puzz3-768x1024.jpg\" alt=\"\" width=\"217\" height=\"290\" srcset=\"https:\/\/agora.xtec.cat\/iesesteveterradas\/wp-content\/uploads\/usu855\/Puzz3-768x1024.jpg 768w, https:\/\/agora.xtec.cat\/iesesteveterradas\/wp-content\/uploads\/usu855\/Puzz3-225x300.jpg 225w\" sizes=\"auto, (max-width: 217px) 100vw, 217px\" \/><\/p>\n<p>&nbsp;<\/p>\n","protected":false},"excerpt":{"rendered":"<p>L\u2019alumnat del MP DUAL de DAS-2 i ADS-2 ha practicat la coordinaci\u00f3 en equips de treball mitjan\u00e7ant la resoluci\u00f3 de dos trencaclosques de mil peces.<br \/>\nUn bon equip divideix la feina i multiplica els resultats. Per\u00f2, alerta! Un mal treball en equip pot acabar reduint l\u2019esfor\u00e7&hellip;  <a href=\"https:\/\/agora.xtec.cat\/iesesteveterradas\/general\/el-das-2-i-lads2-treballen-en-equip\/\" title=\"Read El DAS-2 i l&#8217;ADS2 treballen en equip\">Llegeix m\u00e9s\u00bb<\/a><\/p>\n","protected":false},"author":14,"featured_media":0,"comment_status":"closed","ping_status":"closed","sticky":false,"template":"","format":"standard","meta":{"_bbp_topic_count":0,"_bbp_reply_count":0,"_bbp_total_topic_count":0,"_bbp_total_reply_count":0,"_bbp_voice_count":0,"_bbp_anonymous_reply_count":0,"_bbp_topic_count_hidden":0,"_bbp_reply_count_hidden":0,"_bbp_forum_subforum_count":0,"footnotes":""},"categories":[113,151,1,159,29,368],"tags":[],"class_list":["post-7741","post","type-post","status-publish","format-standard","hentry","category-administracio_empreses","category-emprenedoria","category-general","category-innovacio","category-portada","category-portada-ca"],"post_mailing_queue_ids":[],"_links":{"self":[{"href":"https:\/\/agora.xtec.cat\/iesesteveterradas\/wp-json\/wp\/v2\/posts\/7741","targetHints":{"allow":["GET"]}}],"collection":[{"href":"https:\/\/agora.xtec.cat\/iesesteveterradas\/wp-json\/wp\/v2\/posts"}],"about":[{"href":"https:\/\/agora.xtec.cat\/iesesteveterradas\/wp-json\/wp\/v2\/types\/post"}],"author":[{"embeddable":true,"href":"https:\/\/agora.xtec.cat\/iesesteveterradas\/wp-json\/wp\/v2\/users\/14"}],"replies":[{"embeddable":true,"href":"https:\/\/agora.xtec.cat\/iesesteveterradas\/wp-json\/wp\/v2\/comments?post=7741"}],"version-history":[{"count":3,"href":"https:\/\/agora.xtec.cat\/iesesteveterradas\/wp-json\/wp\/v2\/posts\/7741\/revisions"}],"predecessor-version":[{"id":7748,"href":"https:\/\/agora.xtec.cat\/iesesteveterradas\/wp-json\/wp\/v2\/posts\/7741\/revisions\/7748"}],"wp:attachment":[{"href":"https:\/\/agora.xtec.cat\/iesesteveterradas\/wp-json\/wp\/v2\/media?parent=7741"}],"wp:term":[{"taxonomy":"category","embeddable":true,"href":"https:\/\/agora.xtec.cat\/iesesteveterradas\/wp-json\/wp\/v2\/categories?post=7741"},{"taxonomy":"post_tag","embeddable":true,"href":"https:\/\/agora.xtec.cat\/iesesteveterradas\/wp-json\/wp\/v2\/tags?post=7741"}],"curies":[{"name":"wp","href":"https:\/\/api.w.org\/{rel}","templated":true}]}}