{"id":7104,"date":"2020-06-23T20:32:30","date_gmt":"2020-06-23T18:32:30","guid":{"rendered":"http:\/\/agora.xtec.cat\/iesesteveterradas\/?p=7104"},"modified":"2020-06-23T20:32:30","modified_gmt":"2020-06-23T18:32:30","slug":"lads-2-es-proclama-vencedor-del-metropolisfp-lab-2","status":"publish","type":"post","link":"https:\/\/agora.xtec.cat\/iesesteveterradas\/general\/lads-2-es-proclama-vencedor-del-metropolisfp-lab-2\/","title":{"rendered":"L&#8217;ADS-2 es proclama vencedor del MetropolisFP Lab 2"},"content":{"rendered":"<p>Un equip format per tres estudiants del 2n curs d&#8217;Administraci\u00f3 i Finances es proclama vencedor del concurs d&#8217;innovaci\u00f3 MetropolisFP Lab 2 en el repte proposat per l&#8217;Institut Catal\u00e0 d&#8217;Oncologia (ICO).<\/p>\n<p>Despr\u00e9s de 8 mesos de treball intens amb metodologies i eines creatives, com el Brain Storming i la lona Canva, l&#8217;equip del nostre institut va dissenyar i presentar la seg\u00fcent idea disruptiva: https:\/\/youtu.be\/KmQ0YzYwtfw<\/p>\n<p>Aquest canvi de paradigma quant a documentaci\u00f3 hospital\u00e0ria s&#8217;implementar\u00e0, mitjan\u00e7ant una beca entre l&#8217;ICO i el nostre alumnat, durant el darrer trimestre de 2020.<\/p>\n<p>Tamb\u00e9 cal destacar tota la feina que ha dut a terme l&#8217;<em>staff<\/em> del MetropolisFP, en aquests moments d&#8217;incertesa i confinament que viu actualment la comunitat educativa.<\/p>\n<p>Miguel, Judit i Jesica, moltes felicitats i enhorabona pel projecte!<\/p>\n<p><img loading=\"lazy\" decoding=\"async\" class=\"wp-image-7105 aligncenter\" src=\"https:\/\/agora.xtec.cat\/iesesteveterradas\/wp-content\/uploads\/usu855\/VencedorsMetropolisFP.jpg\" alt=\"\" width=\"466\" height=\"265\" srcset=\"https:\/\/agora.xtec.cat\/iesesteveterradas\/wp-content\/uploads\/usu855\/VencedorsMetropolisFP.jpg 766w, https:\/\/agora.xtec.cat\/iesesteveterradas\/wp-content\/uploads\/usu855\/VencedorsMetropolisFP-300x171.jpg 300w\" sizes=\"auto, (max-width: 466px) 100vw, 466px\" \/><\/p>\n","protected":false},"excerpt":{"rendered":"<p>Un equip format per tres estudiants del 2n curs d&#8217;Administraci\u00f3 i Finances es proclama vencedor del concurs d&#8217;innovaci\u00f3 MetropolisFP Lab 2 en el repte proposat per l&#8217;Institut Catal\u00e0 d&#8217;Oncologia (ICO).&hellip;  <a href=\"https:\/\/agora.xtec.cat\/iesesteveterradas\/general\/lads-2-es-proclama-vencedor-del-metropolisfp-lab-2\/\" title=\"Read L&#8217;ADS-2 es proclama vencedor del MetropolisFP Lab 2\">Llegeix m\u00e9s\u00bb<\/a><\/p>\n","protected":false},"author":14,"featured_media":7105,"comment_status":"closed","ping_status":"closed","sticky":false,"template":"","format":"standard","meta":{"_bbp_topic_count":0,"_bbp_reply_count":0,"_bbp_total_topic_count":0,"_bbp_total_reply_count":0,"_bbp_voice_count":0,"_bbp_anonymous_reply_count":0,"_bbp_topic_count_hidden":0,"_bbp_reply_count_hidden":0,"_bbp_forum_subforum_count":0,"footnotes":""},"categories":[113,30,147,151,1,159,29,368,148],"tags":[],"class_list":["post-7104","post","type-post","status-publish","format-standard","has-post-thumbnail","hentry","category-administracio_empreses","category-cicles-formatius","category-coordinacions","category-emprenedoria","category-general","category-innovacio","category-portada","category-portada-ca","category-serveis_empreses"],"post_mailing_queue_ids":[],"_links":{"self":[{"href":"https:\/\/agora.xtec.cat\/iesesteveterradas\/wp-json\/wp\/v2\/posts\/7104","targetHints":{"allow":["GET"]}}],"collection":[{"href":"https:\/\/agora.xtec.cat\/iesesteveterradas\/wp-json\/wp\/v2\/posts"}],"about":[{"href":"https:\/\/agora.xtec.cat\/iesesteveterradas\/wp-json\/wp\/v2\/types\/post"}],"author":[{"embeddable":true,"href":"https:\/\/agora.xtec.cat\/iesesteveterradas\/wp-json\/wp\/v2\/users\/14"}],"replies":[{"embeddable":true,"href":"https:\/\/agora.xtec.cat\/iesesteveterradas\/wp-json\/wp\/v2\/comments?post=7104"}],"version-history":[{"count":4,"href":"https:\/\/agora.xtec.cat\/iesesteveterradas\/wp-json\/wp\/v2\/posts\/7104\/revisions"}],"predecessor-version":[{"id":7210,"href":"https:\/\/agora.xtec.cat\/iesesteveterradas\/wp-json\/wp\/v2\/posts\/7104\/revisions\/7210"}],"wp:featuredmedia":[{"embeddable":true,"href":"https:\/\/agora.xtec.cat\/iesesteveterradas\/wp-json\/wp\/v2\/media\/7105"}],"wp:attachment":[{"href":"https:\/\/agora.xtec.cat\/iesesteveterradas\/wp-json\/wp\/v2\/media?parent=7104"}],"wp:term":[{"taxonomy":"category","embeddable":true,"href":"https:\/\/agora.xtec.cat\/iesesteveterradas\/wp-json\/wp\/v2\/categories?post=7104"},{"taxonomy":"post_tag","embeddable":true,"href":"https:\/\/agora.xtec.cat\/iesesteveterradas\/wp-json\/wp\/v2\/tags?post=7104"}],"curies":[{"name":"wp","href":"https:\/\/api.w.org\/{rel}","templated":true}]}}