{"id":6933,"date":"2020-05-27T11:50:56","date_gmt":"2020-05-27T09:50:56","guid":{"rendered":"http:\/\/agora.xtec.cat\/iesesteveterradas\/?p=6933"},"modified":"2020-05-27T11:50:56","modified_gmt":"2020-05-27T09:50:56","slug":"lads-2-es-classifica-per-a-la-final-del-metropolisfp-lab-2","status":"publish","type":"post","link":"https:\/\/agora.xtec.cat\/iesesteveterradas\/general\/lads-2-es-classifica-per-a-la-final-del-metropolisfp-lab-2\/","title":{"rendered":"L&#8217;ADS-2 es classifica per a la final del MetropolisFP Lab 2"},"content":{"rendered":"<p>Un grup format per tres estudiants del MP DUAL de 2n curs d\u2019Administraci\u00f3 i Finances ha quedat classificat per a la Fase Final del concurs d\u2019emprenedoria i creativitat MetropolisFP Lab 2, programada pel dilluns 1 de juny de 2020.<\/p>\n<p>La idea classificada \u00e9s un tornado innovador i disruptiu en l\u2019\u00e0mbit m\u00e8dic ja que consisteix en la creaci\u00f3 d&#8217;una documentaci\u00f3 cl\u00ednica m\u00e9s visual, motivadora i pr\u00e0ctica per a tots els malalts de c\u00e0ncer que tenen un perfil no tecnol\u00f2gic i que necessiten un recolzament important per entendre les instruccions i els procediments que requereix el tractament de la malaltia. En aquesta edici\u00f3, el concurs est\u00e0 apadrinat per l&#8217;Institut Catal\u00e0 d&#8217;Oncologia (ICO).<\/p>\n<p>El Departament d\u2019Administraci\u00f3 d\u2019Empreses de l\u2019Esteve Terradas i Illa impulsa el seu alumnat, en aquest MP DUAL, a participar en diferents concursos per poder anar m\u00e9s enll\u00e0 del que \u00e9s estrictament curricular i permetre viure, als estudiants interessats, experi\u00e8ncies compartides amb altres centres educatius de Catalunya.<\/p>\n<p><img loading=\"lazy\" decoding=\"async\" class=\"wp-image-6935 aligncenter\" src=\"https:\/\/agora.xtec.cat\/iesesteveterradas\/wp-content\/uploads\/usu855\/ICOClassificat-1024x379.jpg\" alt=\"\" width=\"725\" height=\"268\" srcset=\"https:\/\/agora.xtec.cat\/iesesteveterradas\/wp-content\/uploads\/usu855\/ICOClassificat-1024x379.jpg 1024w, https:\/\/agora.xtec.cat\/iesesteveterradas\/wp-content\/uploads\/usu855\/ICOClassificat-300x111.jpg 300w, https:\/\/agora.xtec.cat\/iesesteveterradas\/wp-content\/uploads\/usu855\/ICOClassificat-768x285.jpg 768w, https:\/\/agora.xtec.cat\/iesesteveterradas\/wp-content\/uploads\/usu855\/ICOClassificat.jpg 1174w\" sizes=\"auto, (max-width: 725px) 100vw, 725px\" \/><\/p>\n","protected":false},"excerpt":{"rendered":"<p>Un grup format per tres estudiants del MP DUAL de 2n curs d\u2019Administraci\u00f3 i Finances ha quedat classificat per a la Fase Final del concurs d\u2019emprenedoria i creativitat MetropolisFP Lab 2, programada pel dilluns 1 de juny de 2020.&hellip;  <a href=\"https:\/\/agora.xtec.cat\/iesesteveterradas\/general\/lads-2-es-classifica-per-a-la-final-del-metropolisfp-lab-2\/\" title=\"Read L&#8217;ADS-2 es classifica per a la final del MetropolisFP Lab 2\">Llegeix m\u00e9s\u00bb<\/a><\/p>\n","protected":false},"author":14,"featured_media":7004,"comment_status":"closed","ping_status":"closed","sticky":false,"template":"","format":"standard","meta":{"_bbp_topic_count":0,"_bbp_reply_count":0,"_bbp_total_topic_count":0,"_bbp_total_reply_count":0,"_bbp_voice_count":0,"_bbp_anonymous_reply_count":0,"_bbp_topic_count_hidden":0,"_bbp_reply_count_hidden":0,"_bbp_forum_subforum_count":0,"footnotes":""},"categories":[113,30,147,151,115,1,159,29,148],"tags":[],"class_list":["post-6933","post","type-post","status-publish","format-standard","has-post-thumbnail","hentry","category-administracio_empreses","category-cicles-formatius","category-coordinacions","category-emprenedoria","category-escola_empresa","category-general","category-innovacio","category-portada","category-serveis_empreses"],"post_mailing_queue_ids":[],"_links":{"self":[{"href":"https:\/\/agora.xtec.cat\/iesesteveterradas\/wp-json\/wp\/v2\/posts\/6933","targetHints":{"allow":["GET"]}}],"collection":[{"href":"https:\/\/agora.xtec.cat\/iesesteveterradas\/wp-json\/wp\/v2\/posts"}],"about":[{"href":"https:\/\/agora.xtec.cat\/iesesteveterradas\/wp-json\/wp\/v2\/types\/post"}],"author":[{"embeddable":true,"href":"https:\/\/agora.xtec.cat\/iesesteveterradas\/wp-json\/wp\/v2\/users\/14"}],"replies":[{"embeddable":true,"href":"https:\/\/agora.xtec.cat\/iesesteveterradas\/wp-json\/wp\/v2\/comments?post=6933"}],"version-history":[{"count":4,"href":"https:\/\/agora.xtec.cat\/iesesteveterradas\/wp-json\/wp\/v2\/posts\/6933\/revisions"}],"predecessor-version":[{"id":7005,"href":"https:\/\/agora.xtec.cat\/iesesteveterradas\/wp-json\/wp\/v2\/posts\/6933\/revisions\/7005"}],"wp:featuredmedia":[{"embeddable":true,"href":"https:\/\/agora.xtec.cat\/iesesteveterradas\/wp-json\/wp\/v2\/media\/7004"}],"wp:attachment":[{"href":"https:\/\/agora.xtec.cat\/iesesteveterradas\/wp-json\/wp\/v2\/media?parent=6933"}],"wp:term":[{"taxonomy":"category","embeddable":true,"href":"https:\/\/agora.xtec.cat\/iesesteveterradas\/wp-json\/wp\/v2\/categories?post=6933"},{"taxonomy":"post_tag","embeddable":true,"href":"https:\/\/agora.xtec.cat\/iesesteveterradas\/wp-json\/wp\/v2\/tags?post=6933"}],"curies":[{"name":"wp","href":"https:\/\/api.w.org\/{rel}","templated":true}]}}