{"id":6143,"date":"2020-03-05T13:16:31","date_gmt":"2020-03-05T12:16:31","guid":{"rendered":"http:\/\/agora.xtec.cat\/iesesteveterradas\/?p=6143"},"modified":"2020-03-05T13:16:31","modified_gmt":"2020-03-05T12:16:31","slug":"sinergia-municipal-das-1-i-rcde","status":"publish","type":"post","link":"https:\/\/agora.xtec.cat\/iesesteveterradas\/general\/sinergia-municipal-das-1-i-rcde\/","title":{"rendered":"Sin\u00e8rgia municipal: DAS-1 i RCDE"},"content":{"rendered":"<p>El Reial Club Deportiu Espanyol de Barcelona i el primer curs del cicle superior d\u2019Assist\u00e8ncia a la Direcci\u00f3 de l\u2019Esteve Terradas i Illa han arribat a un acord de col\u00b7laboraci\u00f3 de cara a la formaci\u00f3 de l\u2019alumnat en la branca d\u2019organitzaci\u00f3 i gesti\u00f3 d\u2019esdeveniments esportius.<\/p>\n<p>En els darrers anys, el m\u00f3n de l\u2019esport ha traspassat l\u2019\u00e0mbit merament ludicoesportiu i s\u2019ha convertit en un important motor econ\u00f2mic i de desenvolupament territorial. Aix\u00ed, cada vegada s\u00f3n m\u00e9s els municipis, com Cornell\u00e0, que aposten per l\u2019esport com una font de riquesa, tant pel seu impacte econ\u00f2mic com per la dinamitzaci\u00f3 social que genera i tamb\u00e9 pel gran potencial de promoci\u00f3 que t\u00e9 per al municipi.<\/p>\n<p>La primera activitat conjunta es va portar a terme el diumenge 1 de mar\u00e7 al RCDE Stadium de Cornell\u00e0-El Prat amb la participaci\u00f3 d\u2019un grup d\u2019estudiants del DAS-1 en el marc de l\u2019enfrontament de Lliga entre l\u2019Espanyol i l\u2019Atletico de Madrid. Ha estat una gran experi\u00e8ncia formativa en un esdeveniment amb m\u00e9s de 20.000 persones a les graderies.<\/p>\n<p><img loading=\"lazy\" decoding=\"async\" class=\"alignnone wp-image-6144\" src=\"https:\/\/agora.xtec.cat\/iesesteveterradas\/wp-content\/uploads\/usu855\/Espa0-1024x768.jpg\" alt=\"\" width=\"335\" height=\"251\" srcset=\"https:\/\/agora.xtec.cat\/iesesteveterradas\/wp-content\/uploads\/usu855\/Espa0-1024x768.jpg 1024w, https:\/\/agora.xtec.cat\/iesesteveterradas\/wp-content\/uploads\/usu855\/Espa0-300x225.jpg 300w, https:\/\/agora.xtec.cat\/iesesteveterradas\/wp-content\/uploads\/usu855\/Espa0-768x576.jpg 768w, https:\/\/agora.xtec.cat\/iesesteveterradas\/wp-content\/uploads\/usu855\/Espa0-200x150.jpg 200w, https:\/\/agora.xtec.cat\/iesesteveterradas\/wp-content\/uploads\/usu855\/Espa0.jpg 1600w\" sizes=\"auto, (max-width: 335px) 100vw, 335px\" \/> <img loading=\"lazy\" decoding=\"async\" class=\"alignnone wp-image-6146\" src=\"https:\/\/agora.xtec.cat\/iesesteveterradas\/wp-content\/uploads\/usu855\/Espa3.jpg\" alt=\"\" width=\"241\" height=\"252\" srcset=\"https:\/\/agora.xtec.cat\/iesesteveterradas\/wp-content\/uploads\/usu855\/Espa3.jpg 449w, https:\/\/agora.xtec.cat\/iesesteveterradas\/wp-content\/uploads\/usu855\/Espa3-287x300.jpg 287w\" sizes=\"auto, (max-width: 241px) 100vw, 241px\" \/><\/p>\n","protected":false},"excerpt":{"rendered":"<p>El Reial Club Deportiu Espanyol de Barcelona i el primer curs del cicle superior d\u2019Assist\u00e8ncia a la Direcci\u00f3 de l\u2019Esteve Terradas i Illa han arribat a un acord de col\u00b7laboraci\u00f3 de cara a la formaci\u00f3 de l\u2019alumnat en la branca d\u2019organitzaci\u00f3 i gesti\u00f3 d\u2019esdeveniments esportius.&hellip;  <a href=\"https:\/\/agora.xtec.cat\/iesesteveterradas\/general\/sinergia-municipal-das-1-i-rcde\/\" title=\"Read Sin\u00e8rgia municipal: DAS-1 i RCDE\">Llegeix m\u00e9s\u00bb<\/a><\/p>\n","protected":false},"author":14,"featured_media":6174,"comment_status":"closed","ping_status":"closed","sticky":false,"template":"","format":"standard","meta":{"_bbp_topic_count":0,"_bbp_reply_count":0,"_bbp_total_topic_count":0,"_bbp_total_reply_count":0,"_bbp_voice_count":0,"_bbp_anonymous_reply_count":0,"_bbp_topic_count_hidden":0,"_bbp_reply_count_hidden":0,"_bbp_forum_subforum_count":0,"footnotes":""},"categories":[113,30,151,150,1,29],"tags":[],"class_list":["post-6143","post","type-post","status-publish","format-standard","has-post-thumbnail","hentry","category-administracio_empreses","category-cicles-formatius","category-emprenedoria","category-extraescolars","category-general","category-portada"],"post_mailing_queue_ids":[],"_links":{"self":[{"href":"https:\/\/agora.xtec.cat\/iesesteveterradas\/wp-json\/wp\/v2\/posts\/6143","targetHints":{"allow":["GET"]}}],"collection":[{"href":"https:\/\/agora.xtec.cat\/iesesteveterradas\/wp-json\/wp\/v2\/posts"}],"about":[{"href":"https:\/\/agora.xtec.cat\/iesesteveterradas\/wp-json\/wp\/v2\/types\/post"}],"author":[{"embeddable":true,"href":"https:\/\/agora.xtec.cat\/iesesteveterradas\/wp-json\/wp\/v2\/users\/14"}],"replies":[{"embeddable":true,"href":"https:\/\/agora.xtec.cat\/iesesteveterradas\/wp-json\/wp\/v2\/comments?post=6143"}],"version-history":[{"count":3,"href":"https:\/\/agora.xtec.cat\/iesesteveterradas\/wp-json\/wp\/v2\/posts\/6143\/revisions"}],"predecessor-version":[{"id":6175,"href":"https:\/\/agora.xtec.cat\/iesesteveterradas\/wp-json\/wp\/v2\/posts\/6143\/revisions\/6175"}],"wp:featuredmedia":[{"embeddable":true,"href":"https:\/\/agora.xtec.cat\/iesesteveterradas\/wp-json\/wp\/v2\/media\/6174"}],"wp:attachment":[{"href":"https:\/\/agora.xtec.cat\/iesesteveterradas\/wp-json\/wp\/v2\/media?parent=6143"}],"wp:term":[{"taxonomy":"category","embeddable":true,"href":"https:\/\/agora.xtec.cat\/iesesteveterradas\/wp-json\/wp\/v2\/categories?post=6143"},{"taxonomy":"post_tag","embeddable":true,"href":"https:\/\/agora.xtec.cat\/iesesteveterradas\/wp-json\/wp\/v2\/tags?post=6143"}],"curies":[{"name":"wp","href":"https:\/\/api.w.org\/{rel}","templated":true}]}}