{"id":5197,"date":"2019-11-05T11:26:57","date_gmt":"2019-11-05T10:26:57","guid":{"rendered":"http:\/\/agora.xtec.cat\/iesesteveterradas\/?p=5197"},"modified":"2019-11-05T11:26:57","modified_gmt":"2019-11-05T10:26:57","slug":"ads-1-visita-opera-passio-poder-i-politica-al-caixa-forum","status":"publish","type":"post","link":"https:\/\/agora.xtec.cat\/iesesteveterradas\/general\/ads-1-visita-opera-passio-poder-i-politica-al-caixa-forum\/","title":{"rendered":"ADS-1 visita \u00d2pera, passi\u00f3, poder i pol\u00edtica al Caixa F\u00f2rum"},"content":{"rendered":"<p>L\u2019alumnat del primer curs d\u2019Administraci\u00f3 i Finances ha visitat l\u2019exposici\u00f3 <strong>\u00d2pera, passi\u00f3, poder i pol\u00edtica<\/strong> al Caixa F\u00f2rum de Barcelona.<\/p>\n<p>L&#8217;\u00f2pera ha estat i \u00e9s el reflex de moments hist\u00f2rics de canvi i revoluci\u00f3. Al llarg del temps, diferents ciutats han acollit i impulsat obres en les quals la pol\u00edtica conflueix amb la m\u00fasica, el disseny i la producci\u00f3. L\u2019exposici\u00f3 esdev\u00e9 una experi\u00e8ncia immersiva que apel\u00b7la directament a l\u2019emoci\u00f3, amb fragments de diferents \u00f2peres que acompanyen el visitant en un recorregut per Ven\u00e8cia, Londres, Viena, Mil\u00e0, Par\u00eds, Dresden, Barcelona i Leningrad.<\/p>\n<p>Podeu consultar-ne els horaris i altres detalls a: <a href=\"https:\/\/caixaforum.es\/ca\/barcelona\">https:\/\/caixaforum.es\/ca\/barcelona<\/a><\/p>\n<p><a href=\"https:\/\/caixaforum.es\/ca\/barcelona\"><img loading=\"lazy\" decoding=\"async\" class=\"alignnone wp-image-5198\" src=\"https:\/\/agora.xtec.cat\/iesesteveterradas\/wp-content\/uploads\/usu855\/ADS1-Opera-CaixaForum-1024x768.jpg\" alt=\"\" width=\"425\" height=\"319\" srcset=\"https:\/\/agora.xtec.cat\/iesesteveterradas\/wp-content\/uploads\/usu855\/ADS1-Opera-CaixaForum-1024x768.jpg 1024w, https:\/\/agora.xtec.cat\/iesesteveterradas\/wp-content\/uploads\/usu855\/ADS1-Opera-CaixaForum-300x225.jpg 300w, https:\/\/agora.xtec.cat\/iesesteveterradas\/wp-content\/uploads\/usu855\/ADS1-Opera-CaixaForum-768x576.jpg 768w, https:\/\/agora.xtec.cat\/iesesteveterradas\/wp-content\/uploads\/usu855\/ADS1-Opera-CaixaForum-200x150.jpg 200w, https:\/\/agora.xtec.cat\/iesesteveterradas\/wp-content\/uploads\/usu855\/ADS1-Opera-CaixaForum.jpg 1600w\" sizes=\"auto, (max-width: 425px) 100vw, 425px\" \/> <img loading=\"lazy\" decoding=\"async\" class=\"alignnone wp-image-5199\" src=\"https:\/\/agora.xtec.cat\/iesesteveterradas\/wp-content\/uploads\/usu855\/ADS1-Opera-CaixaForum-2.jpg\" alt=\"\" width=\"229\" height=\"320\" srcset=\"https:\/\/agora.xtec.cat\/iesesteveterradas\/wp-content\/uploads\/usu855\/ADS1-Opera-CaixaForum-2.jpg 374w, https:\/\/agora.xtec.cat\/iesesteveterradas\/wp-content\/uploads\/usu855\/ADS1-Opera-CaixaForum-2-215x300.jpg 215w\" sizes=\"auto, (max-width: 229px) 100vw, 229px\" \/><\/a><\/p>\n","protected":false},"excerpt":{"rendered":"<p>L\u2019alumnat del primer curs d\u2019Administraci\u00f3 i Finances ha visitat l\u2019exposici\u00f3 \u00d2pera, passi\u00f3, poder i pol\u00edtica al Caixa F\u00f2rum de Barcelona.&hellip;  <a href=\"https:\/\/agora.xtec.cat\/iesesteveterradas\/general\/ads-1-visita-opera-passio-poder-i-politica-al-caixa-forum\/\" title=\"Read ADS-1 visita \u00d2pera, passi\u00f3, poder i pol\u00edtica al Caixa F\u00f2rum\">Llegeix m\u00e9s\u00bb<\/a><\/p>\n","protected":false},"author":14,"featured_media":5239,"comment_status":"closed","ping_status":"closed","sticky":false,"template":"","format":"standard","meta":{"_bbp_topic_count":0,"_bbp_reply_count":0,"_bbp_total_topic_count":0,"_bbp_total_reply_count":0,"_bbp_voice_count":0,"_bbp_anonymous_reply_count":0,"_bbp_topic_count_hidden":0,"_bbp_reply_count_hidden":0,"_bbp_forum_subforum_count":0,"footnotes":""},"categories":[113,30,1,159,131,29],"tags":[],"class_list":["post-5197","post","type-post","status-publish","format-standard","has-post-thumbnail","hentry","category-administracio_empreses","category-cicles-formatius","category-general","category-innovacio","category-musica","category-portada"],"post_mailing_queue_ids":[],"_links":{"self":[{"href":"https:\/\/agora.xtec.cat\/iesesteveterradas\/wp-json\/wp\/v2\/posts\/5197","targetHints":{"allow":["GET"]}}],"collection":[{"href":"https:\/\/agora.xtec.cat\/iesesteveterradas\/wp-json\/wp\/v2\/posts"}],"about":[{"href":"https:\/\/agora.xtec.cat\/iesesteveterradas\/wp-json\/wp\/v2\/types\/post"}],"author":[{"embeddable":true,"href":"https:\/\/agora.xtec.cat\/iesesteveterradas\/wp-json\/wp\/v2\/users\/14"}],"replies":[{"embeddable":true,"href":"https:\/\/agora.xtec.cat\/iesesteveterradas\/wp-json\/wp\/v2\/comments?post=5197"}],"version-history":[{"count":2,"href":"https:\/\/agora.xtec.cat\/iesesteveterradas\/wp-json\/wp\/v2\/posts\/5197\/revisions"}],"predecessor-version":[{"id":5240,"href":"https:\/\/agora.xtec.cat\/iesesteveterradas\/wp-json\/wp\/v2\/posts\/5197\/revisions\/5240"}],"wp:featuredmedia":[{"embeddable":true,"href":"https:\/\/agora.xtec.cat\/iesesteveterradas\/wp-json\/wp\/v2\/media\/5239"}],"wp:attachment":[{"href":"https:\/\/agora.xtec.cat\/iesesteveterradas\/wp-json\/wp\/v2\/media?parent=5197"}],"wp:term":[{"taxonomy":"category","embeddable":true,"href":"https:\/\/agora.xtec.cat\/iesesteveterradas\/wp-json\/wp\/v2\/categories?post=5197"},{"taxonomy":"post_tag","embeddable":true,"href":"https:\/\/agora.xtec.cat\/iesesteveterradas\/wp-json\/wp\/v2\/tags?post=5197"}],"curies":[{"name":"wp","href":"https:\/\/api.w.org\/{rel}","templated":true}]}}