{"id":3778,"date":"2019-05-10T09:17:20","date_gmt":"2019-05-10T07:17:20","guid":{"rendered":"http:\/\/agora.xtec.cat\/iesesteveterradas\/?p=3778"},"modified":"2019-05-12T20:42:47","modified_gmt":"2019-05-12T18:42:47","slug":"el-modul-dual-de-finances-visita-procornella","status":"publish","type":"post","link":"https:\/\/agora.xtec.cat\/iesesteveterradas\/general\/el-modul-dual-de-finances-visita-procornella\/","title":{"rendered":"El m\u00f2dul DUAL de finances visita ProCornell\u00e0"},"content":{"rendered":"<p>L\u2019alumnat del m\u00f2dul DUAL de les fam\u00edlies d&#8217;Assist\u00e8ncia a la Direcci\u00f3 i Administraci\u00f3 i Finances va visitar les depend\u00e8ncies del Centre d&#8217;Empreses del Baix Llobregat el passat dimarts 30 d&#8217;abril.\u00a0Aquest centre de tarann\u00e0 municipalista \u00e9s l&#8217;\u00e0rea de\u00a0<span style=\"font-family: inherit; font-size: 1em;\">promoci\u00f3 econ\u00f2mica de l\u2019empresa municipal de promoci\u00f3 social, urbana i econ\u00f2mica de Cornell\u00e0 de Llobregat, ProCornell\u00e0, que t\u00e9 com a finalitat<\/span><strong style=\"font-family: inherit; font-size: 1em;\">\u00a0crear i mantenir ocupaci\u00f3<\/strong><span style=\"font-family: inherit; font-size: 1em;\">\u00a0a trav\u00e9s del foment de l\u2019<\/span><strong style=\"font-family: inherit; font-size: 1em;\">esperit emprenedor i innovador<\/strong><span style=\"font-family: inherit; font-size: 1em;\">\u00a0i del suport a la<\/span><strong style=\"font-family: inherit; font-size: 1em;\">\u00a0creaci\u00f3 i consolidaci\u00f3 d\u2019empreses\u00a0<\/strong><span style=\"font-family: inherit; font-size: 1em;\">a Cornell\u00e0 de Llobregat.<\/span><\/p>\n<p>Gr\u00e0cies\u00a0a la seva continuada tasca de suport a l&#8217;emprenedoria, aquest viver d&#8217;empreses\u00a0accelera les petites i grans iniciatives econ\u00f2miques i socials que peri\u00f2dicament neixen a Cornell\u00e0, com ho exemplifica les m\u00e9s de 30 empreses que gaudeixen actualment\u00a0les infraestructures i serveis que ofereix el centre.<\/p>\n<p>Doneu un cop d&#8217;ull a tot el seu cat\u00e0leg de serveis:\u00a0https:\/\/www.centredempresesprocornella.cat<\/p>\n<p><img loading=\"lazy\" decoding=\"async\" class=\"alignnone wp-image-3779\" src=\"https:\/\/agora.xtec.cat\/iesesteveterradas\/wp-content\/uploads\/usu855\/ProCornella1-1024x768.jpg\" alt=\"\" width=\"364\" height=\"273\" srcset=\"https:\/\/agora.xtec.cat\/iesesteveterradas\/wp-content\/uploads\/usu855\/ProCornella1-1024x768.jpg 1024w, https:\/\/agora.xtec.cat\/iesesteveterradas\/wp-content\/uploads\/usu855\/ProCornella1-300x225.jpg 300w, https:\/\/agora.xtec.cat\/iesesteveterradas\/wp-content\/uploads\/usu855\/ProCornella1-768x576.jpg 768w, https:\/\/agora.xtec.cat\/iesesteveterradas\/wp-content\/uploads\/usu855\/ProCornella1-200x150.jpg 200w, https:\/\/agora.xtec.cat\/iesesteveterradas\/wp-content\/uploads\/usu855\/ProCornella1.jpg 1280w\" sizes=\"auto, (max-width: 364px) 100vw, 364px\" \/>\u00a0<img loading=\"lazy\" decoding=\"async\" class=\"alignnone wp-image-3780\" src=\"https:\/\/agora.xtec.cat\/iesesteveterradas\/wp-content\/uploads\/usu855\/ProCornella3.jpg\" alt=\"\" width=\"315\" height=\"270\" srcset=\"https:\/\/agora.xtec.cat\/iesesteveterradas\/wp-content\/uploads\/usu855\/ProCornella3.jpg 701w, https:\/\/agora.xtec.cat\/iesesteveterradas\/wp-content\/uploads\/usu855\/ProCornella3-300x257.jpg 300w\" sizes=\"auto, (max-width: 315px) 100vw, 315px\" \/><\/p>\n<p>&nbsp;<\/p>\n","protected":false},"excerpt":{"rendered":"<p>L\u2019alumnat del m\u00f2dul DUAL de les fam\u00edlies d&#8217;Assist\u00e8ncia a la Direcci\u00f3 i Administraci\u00f3 i Finances va visitar les depend\u00e8ncies del Centre d&#8217;Empreses del Baix Llobregat el passat dimarts 30 d&#8217;abril.\u00a0Aquest centre de tarann\u00e0 municipalista \u00e9s l&#8217;\u00e0rea de\u00a0promoci\u00f3 econ\u00f2mica de l\u2019empresa municipal de promoci\u00f3 social, urbana&hellip;  <a href=\"https:\/\/agora.xtec.cat\/iesesteveterradas\/general\/el-modul-dual-de-finances-visita-procornella\/\" title=\"Read El m\u00f2dul DUAL de finances visita ProCornell\u00e0\">Llegeix m\u00e9s\u00bb<\/a><\/p>\n","protected":false},"author":14,"featured_media":0,"comment_status":"closed","ping_status":"closed","sticky":false,"template":"","format":"standard","meta":{"_bbp_topic_count":0,"_bbp_reply_count":0,"_bbp_total_topic_count":0,"_bbp_total_reply_count":0,"_bbp_voice_count":0,"_bbp_anonymous_reply_count":0,"_bbp_topic_count_hidden":0,"_bbp_reply_count_hidden":0,"_bbp_forum_subforum_count":0,"footnotes":""},"categories":[113,151,1,159,29,148],"tags":[],"class_list":["post-3778","post","type-post","status-publish","format-standard","hentry","category-administracio_empreses","category-emprenedoria","category-general","category-innovacio","category-portada","category-serveis_empreses"],"post_mailing_queue_ids":[],"_links":{"self":[{"href":"https:\/\/agora.xtec.cat\/iesesteveterradas\/wp-json\/wp\/v2\/posts\/3778","targetHints":{"allow":["GET"]}}],"collection":[{"href":"https:\/\/agora.xtec.cat\/iesesteveterradas\/wp-json\/wp\/v2\/posts"}],"about":[{"href":"https:\/\/agora.xtec.cat\/iesesteveterradas\/wp-json\/wp\/v2\/types\/post"}],"author":[{"embeddable":true,"href":"https:\/\/agora.xtec.cat\/iesesteveterradas\/wp-json\/wp\/v2\/users\/14"}],"replies":[{"embeddable":true,"href":"https:\/\/agora.xtec.cat\/iesesteveterradas\/wp-json\/wp\/v2\/comments?post=3778"}],"version-history":[{"count":2,"href":"https:\/\/agora.xtec.cat\/iesesteveterradas\/wp-json\/wp\/v2\/posts\/3778\/revisions"}],"predecessor-version":[{"id":3840,"href":"https:\/\/agora.xtec.cat\/iesesteveterradas\/wp-json\/wp\/v2\/posts\/3778\/revisions\/3840"}],"wp:attachment":[{"href":"https:\/\/agora.xtec.cat\/iesesteveterradas\/wp-json\/wp\/v2\/media?parent=3778"}],"wp:term":[{"taxonomy":"category","embeddable":true,"href":"https:\/\/agora.xtec.cat\/iesesteveterradas\/wp-json\/wp\/v2\/categories?post=3778"},{"taxonomy":"post_tag","embeddable":true,"href":"https:\/\/agora.xtec.cat\/iesesteveterradas\/wp-json\/wp\/v2\/tags?post=3778"}],"curies":[{"name":"wp","href":"https:\/\/api.w.org\/{rel}","templated":true}]}}