{"id":3693,"date":"2019-04-24T13:11:00","date_gmt":"2019-04-24T11:11:00","guid":{"rendered":"http:\/\/agora.xtec.cat\/iesesteveterradas\/?p=3693"},"modified":"2019-04-25T14:00:34","modified_gmt":"2019-04-25T12:00:34","slug":"el-das-2-dual-visita-el-centre-logistic-damazon","status":"publish","type":"post","link":"https:\/\/agora.xtec.cat\/iesesteveterradas\/general\/el-das-2-dual-visita-el-centre-logistic-damazon\/","title":{"rendered":"El DAS-2 Dual visita el centre log\u00edstic d&#8217;Amazon"},"content":{"rendered":"<p>El passat 23 d\u2019abril el grup DAS-2 Dual va visitar el centre log\u00edstic d&#8217;Amazon al Prat de Llobregat, centre que distribueix productes arreu de l&#8217;Estat i d&#8217;Europa amb un volum operatiu de 210.000 metres quadrats. La nau industrial, que es troba a poca dist\u00e0ncia de l&#8217;aeroport i del port de Barcelona, est\u00e0 en funcionament des d&#8217;octubre de 2017 i t\u00e9 una capacitat d&#8217;emmagatzematge de 25 milions de productes, amb 22,5 km de cintes transportadores i 50.000 prestatgeries m\u00f2bils.<\/p>\n<p>La visita va tractar aspectes relacionats amb <strong>les condicions de treball dels empleats de la companyia <\/strong>i<strong> els robots<\/strong>. Aquests darrers, mitjan\u00e7ant una seq\u00fcenciaci\u00f3 a partir d\u2019una ruta de codis QR <strong>recullen, empaqueten i envien els articles<\/strong>, ja sigui llibres, productes d\u2019electr\u00f2nica o b\u00e9 de consum de manera aut\u00f2noma.<\/p>\n<p>El que va quedar pal\u00e8s despr\u00e9s de realitzar l&#8217;activitat Amazon Tour \u00e9s que el gegant nord-americ\u00e0 ha aterrat a Catalunya per implantar una log\u00edstica integral 4.0 que liderar\u00e0 en els propers anys el sector de l\u2019<em>e-comer\u00e7<\/em> al sud d\u2019Europa.<\/p>\n<p><img loading=\"lazy\" decoding=\"async\" class=\"alignnone wp-image-3694\" src=\"https:\/\/agora.xtec.cat\/iesesteveterradas\/wp-content\/uploads\/usu855\/Amazon2.jpg\" alt=\"\" width=\"462\" height=\"308\" srcset=\"https:\/\/agora.xtec.cat\/iesesteveterradas\/wp-content\/uploads\/usu855\/Amazon2.jpg 630w, https:\/\/agora.xtec.cat\/iesesteveterradas\/wp-content\/uploads\/usu855\/Amazon2-300x200.jpg 300w\" sizes=\"auto, (max-width: 462px) 100vw, 462px\" \/> <img loading=\"lazy\" decoding=\"async\" class=\"alignnone wp-image-3695\" src=\"https:\/\/agora.xtec.cat\/iesesteveterradas\/wp-content\/uploads\/usu855\/Amazon23DAS2.jpg\" alt=\"\" width=\"413\" height=\"310\" srcset=\"https:\/\/agora.xtec.cat\/iesesteveterradas\/wp-content\/uploads\/usu855\/Amazon23DAS2.jpg 800w, https:\/\/agora.xtec.cat\/iesesteveterradas\/wp-content\/uploads\/usu855\/Amazon23DAS2-300x225.jpg 300w, https:\/\/agora.xtec.cat\/iesesteveterradas\/wp-content\/uploads\/usu855\/Amazon23DAS2-768x576.jpg 768w, https:\/\/agora.xtec.cat\/iesesteveterradas\/wp-content\/uploads\/usu855\/Amazon23DAS2-200x150.jpg 200w\" sizes=\"auto, (max-width: 413px) 100vw, 413px\" \/><\/p>\n","protected":false},"excerpt":{"rendered":"<p>El passat 23 d\u2019abril el grup DAS-2 Dual va visitar el centre log\u00edstic d&#8217;Amazon al Prat de Llobregat, centre que distribueix productes arreu de l&#8217;Estat i d&#8217;Europa amb un volum operatiu de 210.000 metres quadrats. La nau industrial, que es troba a poca dist\u00e0ncia de&hellip;  <a href=\"https:\/\/agora.xtec.cat\/iesesteveterradas\/general\/el-das-2-dual-visita-el-centre-logistic-damazon\/\" title=\"Read El DAS-2 Dual visita el centre log\u00edstic d&#8217;Amazon\">Llegeix m\u00e9s\u00bb<\/a><\/p>\n","protected":false},"author":14,"featured_media":0,"comment_status":"closed","ping_status":"closed","sticky":false,"template":"","format":"standard","meta":{"_bbp_topic_count":0,"_bbp_reply_count":0,"_bbp_total_topic_count":0,"_bbp_total_reply_count":0,"_bbp_voice_count":0,"_bbp_anonymous_reply_count":0,"_bbp_topic_count_hidden":0,"_bbp_reply_count_hidden":0,"_bbp_forum_subforum_count":0,"footnotes":""},"categories":[113,30,110,1,159,29],"tags":[],"class_list":["post-3693","post","type-post","status-publish","format-standard","hentry","category-administracio_empreses","category-cicles-formatius","category-fol","category-general","category-innovacio","category-portada"],"post_mailing_queue_ids":[],"_links":{"self":[{"href":"https:\/\/agora.xtec.cat\/iesesteveterradas\/wp-json\/wp\/v2\/posts\/3693","targetHints":{"allow":["GET"]}}],"collection":[{"href":"https:\/\/agora.xtec.cat\/iesesteveterradas\/wp-json\/wp\/v2\/posts"}],"about":[{"href":"https:\/\/agora.xtec.cat\/iesesteveterradas\/wp-json\/wp\/v2\/types\/post"}],"author":[{"embeddable":true,"href":"https:\/\/agora.xtec.cat\/iesesteveterradas\/wp-json\/wp\/v2\/users\/14"}],"replies":[{"embeddable":true,"href":"https:\/\/agora.xtec.cat\/iesesteveterradas\/wp-json\/wp\/v2\/comments?post=3693"}],"version-history":[{"count":3,"href":"https:\/\/agora.xtec.cat\/iesesteveterradas\/wp-json\/wp\/v2\/posts\/3693\/revisions"}],"predecessor-version":[{"id":3715,"href":"https:\/\/agora.xtec.cat\/iesesteveterradas\/wp-json\/wp\/v2\/posts\/3693\/revisions\/3715"}],"wp:attachment":[{"href":"https:\/\/agora.xtec.cat\/iesesteveterradas\/wp-json\/wp\/v2\/media?parent=3693"}],"wp:term":[{"taxonomy":"category","embeddable":true,"href":"https:\/\/agora.xtec.cat\/iesesteveterradas\/wp-json\/wp\/v2\/categories?post=3693"},{"taxonomy":"post_tag","embeddable":true,"href":"https:\/\/agora.xtec.cat\/iesesteveterradas\/wp-json\/wp\/v2\/tags?post=3693"}],"curies":[{"name":"wp","href":"https:\/\/api.w.org\/{rel}","templated":true}]}}