{"id":2920,"date":"2019-03-12T16:45:12","date_gmt":"2019-03-12T15:45:12","guid":{"rendered":"http:\/\/agora.xtec.cat\/iesesteveterradas\/?p=2920"},"modified":"2019-03-12T16:45:12","modified_gmt":"2019-03-12T15:45:12","slug":"segona-edicio-dels-campaments-dinnovacio","status":"publish","type":"post","link":"https:\/\/agora.xtec.cat\/iesesteveterradas\/portada\/segona-edicio-dels-campaments-dinnovacio\/","title":{"rendered":"Segona edici\u00f3 dels Campaments d&#8217;Innovaci\u00f3"},"content":{"rendered":"<p style=\"text-align: justify;\"><span style=\"color: #000000;\">El passat 5 de mar\u00e7, un combinat d\u2019estudiants de primer curs d\u2019Administraci\u00f3 i Finances ha sigut protagonista en la segona edici\u00f3 dels Campament d\u2019Innovaci\u00f3 celebrat a les depend\u00e8ncies de l\u2019Institut Salvador Segu\u00ed de Barcelona (@SalvadorSegui) amb el patrocini de l\u2019empresa de reprografia Soficat (@SoficatXerox) <\/span><\/p>\n<p style=\"text-align: justify;\"><span style=\"color: #000000;\">Aquesta activitat que ha sigut organitzada per la Xarxa d\u2019Innovaci\u00f3 de la Generalitat de Catalunya tamb\u00e9 ha comptat amb la pres\u00e8ncia de l\u2019Institut Poblenou (@INSPoblenou) i l\u2019Institut Proven\u00e7ana (@ProvenCoeduca) \u00a0. A partir del model de negoci Scope, creat per l\u2019empresari catal\u00e0 Jordi Puigdell\u00edvol, l\u2019alumnat participant va haver de resoldre un repte vinculat a la modernitzaci\u00f3 del maquinari d\u2019impressi\u00f3. <\/span><\/p>\n<p style=\"text-align: justify;\"><span style=\"color: #000000;\">El treball en equip va donar els seus fruits i els diferents grups van generar una desena de l\u00ednies de negoci per situar a Soficat en la Vanguardia de la modernitat del mercat de les impressores. El jurat va quedar ben impressionat per la qualitat i creativitat de les exposicions de cada grup. <\/span><\/p>\n<p style=\"text-align: justify;\"><span style=\"color: #000000;\">Enhorabona a tots: organitzadors, patrocinadors i participants, per fomentar la innovaci\u00f3.<\/span><\/p>\n<p style=\"text-align: center;\"><a href=\"https:\/\/agora.xtec.cat\/iesesteveterradas\/wp-content\/uploads\/usu855\/Campaments1.jpg\"><img loading=\"lazy\" decoding=\"async\" class=\"alignnone size-large wp-image-2921\" src=\"https:\/\/agora.xtec.cat\/iesesteveterradas\/wp-content\/uploads\/usu855\/Campaments1-768x1024.jpg\" alt=\"\" width=\"768\" height=\"1024\" srcset=\"https:\/\/agora.xtec.cat\/iesesteveterradas\/wp-content\/uploads\/usu855\/Campaments1-768x1024.jpg 768w, https:\/\/agora.xtec.cat\/iesesteveterradas\/wp-content\/uploads\/usu855\/Campaments1-225x300.jpg 225w\" sizes=\"auto, (max-width: 768px) 100vw, 768px\" \/><\/a> <a href=\"https:\/\/agora.xtec.cat\/iesesteveterradas\/wp-content\/uploads\/usu855\/Campaments2.jpg\"><img loading=\"lazy\" decoding=\"async\" class=\"alignnone size-large wp-image-2922\" src=\"https:\/\/agora.xtec.cat\/iesesteveterradas\/wp-content\/uploads\/usu855\/Campaments2-1024x768.jpg\" alt=\"\" width=\"1024\" height=\"768\" srcset=\"https:\/\/agora.xtec.cat\/iesesteveterradas\/wp-content\/uploads\/usu855\/Campaments2-1024x768.jpg 1024w, https:\/\/agora.xtec.cat\/iesesteveterradas\/wp-content\/uploads\/usu855\/Campaments2-300x225.jpg 300w, https:\/\/agora.xtec.cat\/iesesteveterradas\/wp-content\/uploads\/usu855\/Campaments2-768x576.jpg 768w, https:\/\/agora.xtec.cat\/iesesteveterradas\/wp-content\/uploads\/usu855\/Campaments2-200x150.jpg 200w\" sizes=\"auto, (max-width: 1024px) 100vw, 1024px\" \/><\/a> <a href=\"https:\/\/agora.xtec.cat\/iesesteveterradas\/wp-content\/uploads\/usu855\/Campaments3.jpg\"><img loading=\"lazy\" decoding=\"async\" class=\"alignnone size-large wp-image-2923\" src=\"https:\/\/agora.xtec.cat\/iesesteveterradas\/wp-content\/uploads\/usu855\/Campaments3-1024x768.jpg\" alt=\"\" width=\"1024\" height=\"768\" srcset=\"https:\/\/agora.xtec.cat\/iesesteveterradas\/wp-content\/uploads\/usu855\/Campaments3-1024x768.jpg 1024w, https:\/\/agora.xtec.cat\/iesesteveterradas\/wp-content\/uploads\/usu855\/Campaments3-300x225.jpg 300w, https:\/\/agora.xtec.cat\/iesesteveterradas\/wp-content\/uploads\/usu855\/Campaments3-768x576.jpg 768w, https:\/\/agora.xtec.cat\/iesesteveterradas\/wp-content\/uploads\/usu855\/Campaments3-200x150.jpg 200w\" sizes=\"auto, (max-width: 1024px) 100vw, 1024px\" \/><\/a><\/p>\n","protected":false},"excerpt":{"rendered":"<p>El passat 5 de mar\u00e7, un combinat d\u2019estudiants de primer curs d\u2019Administraci\u00f3 i Finances ha sigut protagonista en la segona edici\u00f3 dels Campament d\u2019Innovaci\u00f3 celebrat a les depend\u00e8ncies de l\u2019Institut Salvador Segu\u00ed de Barcelona (@SalvadorSegui) amb el patrocini de l\u2019empresa de reprografia Soficat (@SoficatXerox)<br \/>\nAquesta&hellip;  <a href=\"https:\/\/agora.xtec.cat\/iesesteveterradas\/portada\/segona-edicio-dels-campaments-dinnovacio\/\" title=\"Read Segona edici\u00f3 dels Campaments d&#8217;Innovaci\u00f3\">Llegeix m\u00e9s\u00bb<\/a><\/p>\n","protected":false},"author":1,"featured_media":0,"comment_status":"closed","ping_status":"closed","sticky":false,"template":"","format":"standard","meta":{"_bbp_topic_count":0,"_bbp_reply_count":0,"_bbp_total_topic_count":0,"_bbp_total_reply_count":0,"_bbp_voice_count":0,"_bbp_anonymous_reply_count":0,"_bbp_topic_count_hidden":0,"_bbp_reply_count_hidden":0,"_bbp_forum_subforum_count":0,"footnotes":""},"categories":[113,30,29],"tags":[],"class_list":["post-2920","post","type-post","status-publish","format-standard","hentry","category-administracio_empreses","category-cicles-formatius","category-portada"],"post_mailing_queue_ids":[],"_links":{"self":[{"href":"https:\/\/agora.xtec.cat\/iesesteveterradas\/wp-json\/wp\/v2\/posts\/2920","targetHints":{"allow":["GET"]}}],"collection":[{"href":"https:\/\/agora.xtec.cat\/iesesteveterradas\/wp-json\/wp\/v2\/posts"}],"about":[{"href":"https:\/\/agora.xtec.cat\/iesesteveterradas\/wp-json\/wp\/v2\/types\/post"}],"author":[{"embeddable":true,"href":"https:\/\/agora.xtec.cat\/iesesteveterradas\/wp-json\/wp\/v2\/users\/1"}],"replies":[{"embeddable":true,"href":"https:\/\/agora.xtec.cat\/iesesteveterradas\/wp-json\/wp\/v2\/comments?post=2920"}],"version-history":[{"count":1,"href":"https:\/\/agora.xtec.cat\/iesesteveterradas\/wp-json\/wp\/v2\/posts\/2920\/revisions"}],"predecessor-version":[{"id":2924,"href":"https:\/\/agora.xtec.cat\/iesesteveterradas\/wp-json\/wp\/v2\/posts\/2920\/revisions\/2924"}],"wp:attachment":[{"href":"https:\/\/agora.xtec.cat\/iesesteveterradas\/wp-json\/wp\/v2\/media?parent=2920"}],"wp:term":[{"taxonomy":"category","embeddable":true,"href":"https:\/\/agora.xtec.cat\/iesesteveterradas\/wp-json\/wp\/v2\/categories?post=2920"},{"taxonomy":"post_tag","embeddable":true,"href":"https:\/\/agora.xtec.cat\/iesesteveterradas\/wp-json\/wp\/v2\/tags?post=2920"}],"curies":[{"name":"wp","href":"https:\/\/api.w.org\/{rel}","templated":true}]}}