{"id":19413,"date":"2026-04-14T10:15:12","date_gmt":"2026-04-14T08:15:12","guid":{"rendered":"https:\/\/agora.xtec.cat\/iesesteveterradas\/?p=19413"},"modified":"2026-04-14T10:15:13","modified_gmt":"2026-04-14T08:15:13","slug":"entrevista-a-neus-pons-directora-i-gerent-de-fundacio-bcn-fp","status":"publish","type":"post","link":"https:\/\/agora.xtec.cat\/iesesteveterradas\/portada\/entrevista-a-neus-pons-directora-i-gerent-de-fundacio-bcn-fp\/","title":{"rendered":"Entrevista a Neus Pons, directora i gerent de Fundaci\u00f3 BCN FP"},"content":{"rendered":"<p>L\u2019alumnat del cicle formatiu d\u2019Administraci\u00f3 i Finances de l\u2019Institut Esteve Terradas i Illa ha tingut l\u2019oportunitat d\u2019entrevistar en directe a Neus Pons, directora i gerent de la Fundaci\u00f3 BCN FP, en una emissi\u00f3 realitzada a trav\u00e9s del canal THE IETI SHOW a la plataforma YouTube.<\/p>\n<p>Aquesta entrevista s\u2019ha dut a terme en el marc de la visita de la directora al centre, coincidint amb la celebraci\u00f3 de la segona fira simulada de l&#8217;INS Esteve Terradas i Illa, una iniciativa que permet a l\u2019alumnat posar en pr\u00e0ctica els seus coneixements de la plataforma SEFED en un entorn empresarial simulat.<\/p>\n<p>Durant la conversa, s\u2019han abordat q\u00fcestions de gran inter\u00e8s per a l\u2019alumnat, com ara el futur de la Formaci\u00f3 Professional, les oportunitats laborals i els reptes del sector en els propers anys. Neus Pons ha compartit la seva visi\u00f3 i experi\u00e8ncia, aportant una perspectiva valuosa sobre el paper clau de l\u2019FP en el desenvolupament professional dels joves.<\/p>\n<p style=\"text-align: center\"><iframe loading=\"lazy\" src=\"\/\/www.youtube.com\/embed\/nvlK1i79mTs\" width=\"560\" height=\"314\"><\/iframe><\/p>\n<p>L\u2019activitat ha estat molt ben valorada per l\u2019alumnat, que ha pogut participar activament en l\u2019entrevista i con\u00e8ixer de primera m\u00e0 la realitat del m\u00f3n professional, refor\u00e7ant aix\u00ed el vincle entre la formaci\u00f3 acad\u00e8mica i l\u2019entorn laboral.<\/p>\n<p>&nbsp;<\/p>\n<p>&nbsp;<\/p>\n<p>&nbsp;<\/p>\n","protected":false},"excerpt":{"rendered":"<p>L\u2019alumnat del cicle formatiu d\u2019Administraci\u00f3 i Finances de l\u2019Institut Esteve Terradas i Illa ha tingut l\u2019oportunitat d\u2019entrevistar en directe a Neus Pons, directora i gerent de la Fundaci\u00f3 BCN FP, en una emissi\u00f3 realitzada a trav\u00e9s del canal THE IETI SHOW a la plataforma YouTube.&hellip;  <a href=\"https:\/\/agora.xtec.cat\/iesesteveterradas\/portada\/entrevista-a-neus-pons-directora-i-gerent-de-fundacio-bcn-fp\/\" title=\"Read Entrevista a Neus Pons, directora i gerent de Fundaci\u00f3 BCN FP\">Llegeix m\u00e9s\u00bb<\/a><\/p>\n","protected":false},"author":14,"featured_media":19414,"comment_status":"closed","ping_status":"open","sticky":false,"template":"","format":"standard","meta":{"_bbp_topic_count":0,"_bbp_reply_count":0,"_bbp_total_topic_count":0,"_bbp_total_reply_count":0,"_bbp_voice_count":0,"_bbp_anonymous_reply_count":0,"_bbp_topic_count_hidden":0,"_bbp_reply_count_hidden":0,"_bbp_forum_subforum_count":0,"footnotes":""},"categories":[113,390,416,30,396,29,368,384,605],"tags":[738,754,760,758,746,752,740,218,742,674,736,744,756,750,748],"class_list":["post-19413","post","type-post","status-publish","format-standard","has-post-thumbnail","hentry","category-administracio_empreses","category-administracio-dempreses","category-administratiu","category-cicles-formatius","category-cicles-formatius-en","category-portada","category-portada-ca","category-portada-en","category-portada-en-portada-en","tag-administracio-i-finances","tag-alumnat","tag-barcelona","tag-educacio","tag-entrevista","tag-fira-simulada","tag-formacio-professional","tag-fp","tag-fundacio-bcn-fp","tag-insercio-laboral","tag-institut-esteve-terradas-i-illa","tag-neus-pons","tag-orientacio-professional","tag-sefed","tag-youtube"],"post_mailing_queue_ids":[],"_links":{"self":[{"href":"https:\/\/agora.xtec.cat\/iesesteveterradas\/wp-json\/wp\/v2\/posts\/19413","targetHints":{"allow":["GET"]}}],"collection":[{"href":"https:\/\/agora.xtec.cat\/iesesteveterradas\/wp-json\/wp\/v2\/posts"}],"about":[{"href":"https:\/\/agora.xtec.cat\/iesesteveterradas\/wp-json\/wp\/v2\/types\/post"}],"author":[{"embeddable":true,"href":"https:\/\/agora.xtec.cat\/iesesteveterradas\/wp-json\/wp\/v2\/users\/14"}],"replies":[{"embeddable":true,"href":"https:\/\/agora.xtec.cat\/iesesteveterradas\/wp-json\/wp\/v2\/comments?post=19413"}],"version-history":[{"count":1,"href":"https:\/\/agora.xtec.cat\/iesesteveterradas\/wp-json\/wp\/v2\/posts\/19413\/revisions"}],"predecessor-version":[{"id":19415,"href":"https:\/\/agora.xtec.cat\/iesesteveterradas\/wp-json\/wp\/v2\/posts\/19413\/revisions\/19415"}],"wp:featuredmedia":[{"embeddable":true,"href":"https:\/\/agora.xtec.cat\/iesesteveterradas\/wp-json\/wp\/v2\/media\/19414"}],"wp:attachment":[{"href":"https:\/\/agora.xtec.cat\/iesesteveterradas\/wp-json\/wp\/v2\/media?parent=19413"}],"wp:term":[{"taxonomy":"category","embeddable":true,"href":"https:\/\/agora.xtec.cat\/iesesteveterradas\/wp-json\/wp\/v2\/categories?post=19413"},{"taxonomy":"post_tag","embeddable":true,"href":"https:\/\/agora.xtec.cat\/iesesteveterradas\/wp-json\/wp\/v2\/tags?post=19413"}],"curies":[{"name":"wp","href":"https:\/\/api.w.org\/{rel}","templated":true}]}}