{"id":19241,"date":"2026-03-01T17:44:05","date_gmt":"2026-03-01T16:44:05","guid":{"rendered":"https:\/\/agora.xtec.cat\/iesesteveterradas\/?p=19241"},"modified":"2026-03-01T17:49:00","modified_gmt":"2026-03-01T16:49:00","slug":"dia-internacional-de-la-llengua-materna","status":"publish","type":"post","link":"https:\/\/agora.xtec.cat\/iesesteveterradas\/general\/dia-internacional-de-la-llengua-materna\/","title":{"rendered":"Dia Internacional de la Llengua Materna"},"content":{"rendered":"<p>El <strong>21 de febrer<\/strong> se celebra el <strong>Dia Internacional de la Llengua Materna<\/strong>. Una data que posa de manifest la import\u00e0ncia de les lleng\u00fces que conviuen arreu del m\u00f3n i que t\u00e9 l\u2019objectiu de destacar la import\u00e0ncia de la diversitat ling\u00fc\u00edstica i de l\u2019educaci\u00f3 multiling\u00fce.<\/p>\n<p>Des de l\u2019<strong>Aula d\u2019Acollida i<\/strong> la <strong>Coordinaci\u00f3 LIC<\/strong> s\u2019ha organitzat a la biblioteca del centre una <strong>exposici\u00f3 de llibres<\/strong> en <strong>lleng\u00fces diverses<\/strong> que parlen <strong>fam\u00edlies del nostre centre<\/strong>. A m\u00e9s a m\u00e9s, tamb\u00e9 podeu <strong>aprendre a saludar-hi<\/strong>&#8230;\u00a0Tothom est\u00e0 convidat a participar!!<\/p>\n<table style=\"border-collapse: collapse;width: 100%\">\n<tbody>\n<tr>\n<td style=\"width: 50%\"><a href=\"https:\/\/agora.xtec.cat\/iesesteveterradas\/wp-content\/uploads\/usu855\/foto-dia-int-llengua-materna-02-scaled.jpg\"><img loading=\"lazy\" decoding=\"async\" class=\"aligncenter wp-image-19243 \" src=\"https:\/\/agora.xtec.cat\/iesesteveterradas\/wp-content\/uploads\/usu855\/foto-dia-int-llengua-materna-02-1024x1013.jpg\" alt=\"\" width=\"402\" height=\"398\" srcset=\"https:\/\/agora.xtec.cat\/iesesteveterradas\/wp-content\/uploads\/usu855\/foto-dia-int-llengua-materna-02-1024x1013.jpg 1024w, https:\/\/agora.xtec.cat\/iesesteveterradas\/wp-content\/uploads\/usu855\/foto-dia-int-llengua-materna-02-300x297.jpg 300w, https:\/\/agora.xtec.cat\/iesesteveterradas\/wp-content\/uploads\/usu855\/foto-dia-int-llengua-materna-02-150x150.jpg 150w, https:\/\/agora.xtec.cat\/iesesteveterradas\/wp-content\/uploads\/usu855\/foto-dia-int-llengua-materna-02-768x760.jpg 768w, https:\/\/agora.xtec.cat\/iesesteveterradas\/wp-content\/uploads\/usu855\/foto-dia-int-llengua-materna-02-1536x1520.jpg 1536w, https:\/\/agora.xtec.cat\/iesesteveterradas\/wp-content\/uploads\/usu855\/foto-dia-int-llengua-materna-02-2048x2027.jpg 2048w\" sizes=\"auto, (max-width: 402px) 100vw, 402px\" \/><\/a><\/td>\n<td style=\"width: 50%\"><a href=\"https:\/\/agora.xtec.cat\/iesesteveterradas\/wp-content\/uploads\/usu855\/foto-dia-int-llengua-materna-01-scaled.jpg\"><img loading=\"lazy\" decoding=\"async\" class=\"aligncenter wp-image-19244 size-full\" src=\"https:\/\/agora.xtec.cat\/iesesteveterradas\/wp-content\/uploads\/usu855\/foto-dia-int-llengua-materna-01-scaled.jpg\" alt=\"\" width=\"2560\" height=\"1447\" srcset=\"https:\/\/agora.xtec.cat\/iesesteveterradas\/wp-content\/uploads\/usu855\/foto-dia-int-llengua-materna-01-scaled.jpg 2560w, https:\/\/agora.xtec.cat\/iesesteveterradas\/wp-content\/uploads\/usu855\/foto-dia-int-llengua-materna-01-300x170.jpg 300w, https:\/\/agora.xtec.cat\/iesesteveterradas\/wp-content\/uploads\/usu855\/foto-dia-int-llengua-materna-01-1024x579.jpg 1024w, https:\/\/agora.xtec.cat\/iesesteveterradas\/wp-content\/uploads\/usu855\/foto-dia-int-llengua-materna-01-768x434.jpg 768w, https:\/\/agora.xtec.cat\/iesesteveterradas\/wp-content\/uploads\/usu855\/foto-dia-int-llengua-materna-01-1536x868.jpg 1536w, https:\/\/agora.xtec.cat\/iesesteveterradas\/wp-content\/uploads\/usu855\/foto-dia-int-llengua-materna-01-2048x1158.jpg 2048w\" sizes=\"auto, (max-width: 2560px) 100vw, 2560px\" \/><\/a><\/td>\n<\/tr>\n<\/tbody>\n<\/table>\n","protected":false},"excerpt":{"rendered":"<p>Hola! \u043f\u0440\u0438\u0432\u0435\u0442! \u017divjo! Salut! \u4f60\u597d El 21 de febrer se celebra el Dia Internacional de la Llengua Materna. Des de l\u2019Aula d\u2019Acollida i la Coordinaci\u00f3 LIC s\u2019ha organitzat a la biblioteca del centre una exposici\u00f3 de llibres en lleng\u00fces diverses que parlen fam\u00edlies del nostre centre. A m\u00e9s a m\u00e9s, tamb\u00e9 podeu aprendre a saludar-hi&#8230; Tothom est\u00e0 convidat a participar!!&hellip;  <a href=\"https:\/\/agora.xtec.cat\/iesesteveterradas\/general\/dia-internacional-de-la-llengua-materna\/\" title=\"Read Dia Internacional de la Llengua Materna\">Llegeix m\u00e9s\u00bb<\/a><\/p>\n","protected":false},"author":65,"featured_media":19242,"comment_status":"closed","ping_status":"open","sticky":false,"template":"","format":"standard","meta":{"_bbp_topic_count":0,"_bbp_reply_count":0,"_bbp_total_topic_count":0,"_bbp_total_reply_count":0,"_bbp_voice_count":0,"_bbp_anonymous_reply_count":0,"_bbp_topic_count_hidden":0,"_bbp_reply_count_hidden":0,"_bbp_forum_subforum_count":0,"footnotes":""},"categories":[133,8,30,3,152,1,29],"tags":[440,682,438,684,218],"class_list":["post-19241","post","type-post","status-publish","format-standard","has-post-thumbnail","hentry","category-aula_acollida","category-batxillerat","category-cicles-formatius","category-eso","category-foment_lectura","category-general","category-portada","tag-batxillerat","tag-biblioteca","tag-eso","tag-foment-lectura","tag-fp"],"post_mailing_queue_ids":[],"_links":{"self":[{"href":"https:\/\/agora.xtec.cat\/iesesteveterradas\/wp-json\/wp\/v2\/posts\/19241","targetHints":{"allow":["GET"]}}],"collection":[{"href":"https:\/\/agora.xtec.cat\/iesesteveterradas\/wp-json\/wp\/v2\/posts"}],"about":[{"href":"https:\/\/agora.xtec.cat\/iesesteveterradas\/wp-json\/wp\/v2\/types\/post"}],"author":[{"embeddable":true,"href":"https:\/\/agora.xtec.cat\/iesesteveterradas\/wp-json\/wp\/v2\/users\/65"}],"replies":[{"embeddable":true,"href":"https:\/\/agora.xtec.cat\/iesesteveterradas\/wp-json\/wp\/v2\/comments?post=19241"}],"version-history":[{"count":1,"href":"https:\/\/agora.xtec.cat\/iesesteveterradas\/wp-json\/wp\/v2\/posts\/19241\/revisions"}],"predecessor-version":[{"id":19245,"href":"https:\/\/agora.xtec.cat\/iesesteveterradas\/wp-json\/wp\/v2\/posts\/19241\/revisions\/19245"}],"wp:featuredmedia":[{"embeddable":true,"href":"https:\/\/agora.xtec.cat\/iesesteveterradas\/wp-json\/wp\/v2\/media\/19242"}],"wp:attachment":[{"href":"https:\/\/agora.xtec.cat\/iesesteveterradas\/wp-json\/wp\/v2\/media?parent=19241"}],"wp:term":[{"taxonomy":"category","embeddable":true,"href":"https:\/\/agora.xtec.cat\/iesesteveterradas\/wp-json\/wp\/v2\/categories?post=19241"},{"taxonomy":"post_tag","embeddable":true,"href":"https:\/\/agora.xtec.cat\/iesesteveterradas\/wp-json\/wp\/v2\/tags?post=19241"}],"curies":[{"name":"wp","href":"https:\/\/api.w.org\/{rel}","templated":true}]}}