{"id":17131,"date":"2025-03-10T18:46:32","date_gmt":"2025-03-10T17:46:32","guid":{"rendered":"https:\/\/agora.xtec.cat\/iesesteveterradas\/?p=17131"},"modified":"2025-03-10T18:49:32","modified_gmt":"2025-03-10T17:49:32","slug":"cornella-montilla-i-tintin-una-historia-compartida","status":"publish","type":"post","link":"https:\/\/agora.xtec.cat\/iesesteveterradas\/general\/cornella-montilla-i-tintin-una-historia-compartida\/","title":{"rendered":"Cornell\u00e0, Montilla i Tintin: una hist\u00f2ria compartida"},"content":{"rendered":"<p>El nostre institut ha rebut una visita molt especial en el marc de la celebraci\u00f3 del seu 50\u00e8 aniversari. El Molt Honorable Sr. Jos\u00e9 Montilla i Aguilera, exPresident de la Generalitat de Catalunya i antic alcalde de Cornell\u00e0 (1985 al 2004), ha compartit una jornada de bones pr\u00e0ctiques amb el nostre equip directiu i les coordinacions d\u2019emprenedoria i innovaci\u00f3 per recordar els inicis del centre, la transformaci\u00f3 del municipi i l&#8217;evoluci\u00f3 de l&#8217;educaci\u00f3 en els darrers anys.<\/p>\n<p>Durant la seva visita, el President Montilla ha pogut con\u00e8ixer el museu Tintin60CAT, el projecte de moda de la Formaci\u00f3 Professional de Catalunya que uneix la Realitat Virtual (RV) amb la lectura. En el col\u00b7loqui informal posterior, l&#8217;exPresident ha recordat com, l&#8217;any 1975, naixia el nostre institut en un context de grans canvis socials i urban\u00edstics a Cornell\u00e0. Ha destacat la import\u00e0ncia que ha tingut en la formaci\u00f3 de diverses generacions de joves i ha subratllat la metamorfosi del municipi en les darreres d\u00e8cades, passant d\u2019una ciutat industrial a un referent en serveis i tecnologia. Un altre dels temes tractats ha estat l&#8217;evoluci\u00f3 del sistema educatiu i com la digitalitzaci\u00f3 ha canviat les metodologies d\u2019ensenyament. Montilla ha posat en valor l\u2019esfor\u00e7 del nostre professorat i la capacitat d\u2019adaptaci\u00f3 davant els reptes tecnol\u00f2gics i socials.<\/p>\n<p>Aquesta visita no nom\u00e9s ha estat un recordatori del passat, sin\u00f3 tamb\u00e9 una reflexi\u00f3 sobre el present i el futur. Figures com ell, que han marcat la hist\u00f2ria de Cornell\u00e0, s\u00f3n exemples de saviesa i experi\u00e8ncia que inspiren noves generacions. De la mateixa manera, el nostre institut ha evolucionat fins a convertir-se en una icona del municipi, un centre de refer\u00e8ncia en formaci\u00f3 i innovaci\u00f3.<\/p>\n<p><img loading=\"lazy\" decoding=\"async\" class=\"alignnone wp-image-17134\" src=\"https:\/\/agora.xtec.cat\/iesesteveterradas\/wp-content\/uploads\/usu855\/2ec402f6-b3a6-40ec-a6f3-82105ec85ed7-768x1024.jpeg\" alt=\"\" width=\"213\" height=\"284\" srcset=\"https:\/\/agora.xtec.cat\/iesesteveterradas\/wp-content\/uploads\/usu855\/2ec402f6-b3a6-40ec-a6f3-82105ec85ed7-768x1024.jpeg 768w, https:\/\/agora.xtec.cat\/iesesteveterradas\/wp-content\/uploads\/usu855\/2ec402f6-b3a6-40ec-a6f3-82105ec85ed7-225x300.jpeg 225w, https:\/\/agora.xtec.cat\/iesesteveterradas\/wp-content\/uploads\/usu855\/2ec402f6-b3a6-40ec-a6f3-82105ec85ed7-1152x1536.jpeg 1152w, https:\/\/agora.xtec.cat\/iesesteveterradas\/wp-content\/uploads\/usu855\/2ec402f6-b3a6-40ec-a6f3-82105ec85ed7.jpeg 1200w\" sizes=\"auto, (max-width: 213px) 100vw, 213px\" \/> <img loading=\"lazy\" decoding=\"async\" class=\"alignnone wp-image-17136\" src=\"https:\/\/agora.xtec.cat\/iesesteveterradas\/wp-content\/uploads\/usu855\/d3495135-85da-4a80-b23b-45983c7ac9f1-1024x576.jpeg\" alt=\"\" width=\"506\" height=\"285\" srcset=\"https:\/\/agora.xtec.cat\/iesesteveterradas\/wp-content\/uploads\/usu855\/d3495135-85da-4a80-b23b-45983c7ac9f1-1024x576.jpeg 1024w, https:\/\/agora.xtec.cat\/iesesteveterradas\/wp-content\/uploads\/usu855\/d3495135-85da-4a80-b23b-45983c7ac9f1-300x169.jpeg 300w, https:\/\/agora.xtec.cat\/iesesteveterradas\/wp-content\/uploads\/usu855\/d3495135-85da-4a80-b23b-45983c7ac9f1-768x432.jpeg 768w, https:\/\/agora.xtec.cat\/iesesteveterradas\/wp-content\/uploads\/usu855\/d3495135-85da-4a80-b23b-45983c7ac9f1-1536x864.jpeg 1536w, https:\/\/agora.xtec.cat\/iesesteveterradas\/wp-content\/uploads\/usu855\/d3495135-85da-4a80-b23b-45983c7ac9f1-2048x1152.jpeg 2048w\" sizes=\"auto, (max-width: 506px) 100vw, 506px\" \/> <img loading=\"lazy\" decoding=\"async\" class=\"alignnone wp-image-17137\" src=\"https:\/\/agora.xtec.cat\/iesesteveterradas\/wp-content\/uploads\/usu855\/home-893x1024.jpg\" alt=\"\" width=\"249\" height=\"286\" srcset=\"https:\/\/agora.xtec.cat\/iesesteveterradas\/wp-content\/uploads\/usu855\/home-893x1024.jpg 893w, https:\/\/agora.xtec.cat\/iesesteveterradas\/wp-content\/uploads\/usu855\/home-262x300.jpg 262w, https:\/\/agora.xtec.cat\/iesesteveterradas\/wp-content\/uploads\/usu855\/home-768x880.jpg 768w, https:\/\/agora.xtec.cat\/iesesteveterradas\/wp-content\/uploads\/usu855\/home-1340x1536.jpg 1340w, https:\/\/agora.xtec.cat\/iesesteveterradas\/wp-content\/uploads\/usu855\/home-1787x2048.jpg 1787w\" sizes=\"auto, (max-width: 249px) 100vw, 249px\" \/><\/p>\n<p>&nbsp;<\/p>\n","protected":false},"excerpt":{"rendered":"<p>El nostre institut ha rebut una visita molt especial en el marc de la celebraci\u00f3 del seu 50\u00e8 aniversari. El Molt Honorable Sr. Jos\u00e9 Montilla i Aguilera, exPresident de la Generalitat de Catalunya i antic alcalde de Cornell\u00e0 (1985 al 2004), ha compartit una jornada&hellip;  <a href=\"https:\/\/agora.xtec.cat\/iesesteveterradas\/general\/cornella-montilla-i-tintin-una-historia-compartida\/\" title=\"Read Cornell\u00e0, Montilla i Tintin: una hist\u00f2ria compartida\">Llegeix m\u00e9s\u00bb<\/a><\/p>\n","protected":false},"author":14,"featured_media":17137,"comment_status":"closed","ping_status":"closed","sticky":false,"template":"","format":"standard","meta":{"_bbp_topic_count":0,"_bbp_reply_count":0,"_bbp_total_topic_count":0,"_bbp_total_reply_count":0,"_bbp_voice_count":0,"_bbp_anonymous_reply_count":0,"_bbp_topic_count_hidden":0,"_bbp_reply_count_hidden":0,"_bbp_forum_subforum_count":0,"footnotes":""},"categories":[113,30,147,151,1,159,29,368],"tags":[],"class_list":["post-17131","post","type-post","status-publish","format-standard","has-post-thumbnail","hentry","category-administracio_empreses","category-cicles-formatius","category-coordinacions","category-emprenedoria","category-general","category-innovacio","category-portada","category-portada-ca"],"post_mailing_queue_ids":[],"_links":{"self":[{"href":"https:\/\/agora.xtec.cat\/iesesteveterradas\/wp-json\/wp\/v2\/posts\/17131","targetHints":{"allow":["GET"]}}],"collection":[{"href":"https:\/\/agora.xtec.cat\/iesesteveterradas\/wp-json\/wp\/v2\/posts"}],"about":[{"href":"https:\/\/agora.xtec.cat\/iesesteveterradas\/wp-json\/wp\/v2\/types\/post"}],"author":[{"embeddable":true,"href":"https:\/\/agora.xtec.cat\/iesesteveterradas\/wp-json\/wp\/v2\/users\/14"}],"replies":[{"embeddable":true,"href":"https:\/\/agora.xtec.cat\/iesesteveterradas\/wp-json\/wp\/v2\/comments?post=17131"}],"version-history":[{"count":4,"href":"https:\/\/agora.xtec.cat\/iesesteveterradas\/wp-json\/wp\/v2\/posts\/17131\/revisions"}],"predecessor-version":[{"id":17141,"href":"https:\/\/agora.xtec.cat\/iesesteveterradas\/wp-json\/wp\/v2\/posts\/17131\/revisions\/17141"}],"wp:featuredmedia":[{"embeddable":true,"href":"https:\/\/agora.xtec.cat\/iesesteveterradas\/wp-json\/wp\/v2\/media\/17137"}],"wp:attachment":[{"href":"https:\/\/agora.xtec.cat\/iesesteveterradas\/wp-json\/wp\/v2\/media?parent=17131"}],"wp:term":[{"taxonomy":"category","embeddable":true,"href":"https:\/\/agora.xtec.cat\/iesesteveterradas\/wp-json\/wp\/v2\/categories?post=17131"},{"taxonomy":"post_tag","embeddable":true,"href":"https:\/\/agora.xtec.cat\/iesesteveterradas\/wp-json\/wp\/v2\/tags?post=17131"}],"curies":[{"name":"wp","href":"https:\/\/api.w.org\/{rel}","templated":true}]}}