{"id":17008,"date":"2025-02-27T11:53:47","date_gmt":"2025-02-27T10:53:47","guid":{"rendered":"https:\/\/agora.xtec.cat\/iesesteveterradas\/?p=17008"},"modified":"2025-02-27T11:53:47","modified_gmt":"2025-02-27T10:53:47","slug":"visita-al-centre-de-normalitzacio-linguistica-cnl-de-cornell","status":"publish","type":"post","link":"https:\/\/agora.xtec.cat\/iesesteveterradas\/general\/visita-al-centre-de-normalitzacio-linguistica-cnl-de-cornell\/","title":{"rendered":"Visita al Centre de Normalitzaci\u00f3 Ling\u00fc\u00edstica (CNL) de Cornell"},"content":{"rendered":"<p>Avui l&#8217;alumnat dels grups adm1 i adm3 del cicle CFCM Gesti\u00f3 administrativa, hem visitat el Centre de Normalitzaci\u00f3 Ling\u00fc\u00edstica (CNL) de Cornell\u00e0 de Llobregat, on hem reflexionat sobre l\u2019\u00fas de la llengua i hem conegut els serveis que ofereixen per fomentar-ne l\u2019aprenentatge. Ha estat un taller molt actiu i participatiu, que ens ha perm\u00e8s entendre millor la import\u00e0ncia del catal\u00e0 en l\u2019\u00e0mbit professional.<\/p>\n<p>Aquesta experi\u00e8ncia s\u2019ha relacionat directament amb el m\u00f2dul de catal\u00e0 professional, ja que ens ha ajudat a prendre consci\u00e8ncia de com utilitzar la llengua de manera adequada en l\u2019entorn laboral, millorant la comunicaci\u00f3 i ampliant les nostres oportunitats professionals. Sens dubte, una activitat molt enriquidora i pr\u00e0ctica!<\/p>\n<table style=\"border-collapse: collapse; width: 100%;\">\n<tbody>\n<tr>\n<td style=\"width: 33.3333%;\"><img loading=\"lazy\" decoding=\"async\" class=\"alignnone size-large wp-image-17007\" src=\"https:\/\/agora.xtec.cat\/iesesteveterradas\/wp-content\/uploads\/usu855\/IMG_20250227_094505-1024x768.jpg\" alt=\"\" width=\"1024\" height=\"768\" srcset=\"https:\/\/agora.xtec.cat\/iesesteveterradas\/wp-content\/uploads\/usu855\/IMG_20250227_094505-1024x768.jpg 1024w, https:\/\/agora.xtec.cat\/iesesteveterradas\/wp-content\/uploads\/usu855\/IMG_20250227_094505-300x225.jpg 300w, https:\/\/agora.xtec.cat\/iesesteveterradas\/wp-content\/uploads\/usu855\/IMG_20250227_094505-768x576.jpg 768w, https:\/\/agora.xtec.cat\/iesesteveterradas\/wp-content\/uploads\/usu855\/IMG_20250227_094505-1536x1152.jpg 1536w, https:\/\/agora.xtec.cat\/iesesteveterradas\/wp-content\/uploads\/usu855\/IMG_20250227_094505-2048x1536.jpg 2048w, https:\/\/agora.xtec.cat\/iesesteveterradas\/wp-content\/uploads\/usu855\/IMG_20250227_094505-200x150.jpg 200w\" sizes=\"auto, (max-width: 1024px) 100vw, 1024px\" \/><\/td>\n<td style=\"width: 33.3333%;\"><img loading=\"lazy\" decoding=\"async\" class=\"alignnone size-large wp-image-17006\" src=\"https:\/\/agora.xtec.cat\/iesesteveterradas\/wp-content\/uploads\/usu855\/IMG_20250227_094526-1024x768.jpg\" alt=\"\" width=\"1024\" height=\"768\" srcset=\"https:\/\/agora.xtec.cat\/iesesteveterradas\/wp-content\/uploads\/usu855\/IMG_20250227_094526-1024x768.jpg 1024w, https:\/\/agora.xtec.cat\/iesesteveterradas\/wp-content\/uploads\/usu855\/IMG_20250227_094526-300x225.jpg 300w, https:\/\/agora.xtec.cat\/iesesteveterradas\/wp-content\/uploads\/usu855\/IMG_20250227_094526-768x576.jpg 768w, https:\/\/agora.xtec.cat\/iesesteveterradas\/wp-content\/uploads\/usu855\/IMG_20250227_094526-1536x1152.jpg 1536w, https:\/\/agora.xtec.cat\/iesesteveterradas\/wp-content\/uploads\/usu855\/IMG_20250227_094526-2048x1536.jpg 2048w, https:\/\/agora.xtec.cat\/iesesteveterradas\/wp-content\/uploads\/usu855\/IMG_20250227_094526-200x150.jpg 200w\" sizes=\"auto, (max-width: 1024px) 100vw, 1024px\" \/><\/td>\n<td style=\"width: 33.3333%;\"><img loading=\"lazy\" decoding=\"async\" class=\"alignnone size-full wp-image-17012\" src=\"https:\/\/agora.xtec.cat\/iesesteveterradas\/wp-content\/uploads\/usu855\/Captura-de-pantalla_20250227_114942.png\" alt=\"\" width=\"649\" height=\"491\" srcset=\"https:\/\/agora.xtec.cat\/iesesteveterradas\/wp-content\/uploads\/usu855\/Captura-de-pantalla_20250227_114942.png 649w, https:\/\/agora.xtec.cat\/iesesteveterradas\/wp-content\/uploads\/usu855\/Captura-de-pantalla_20250227_114942-300x227.png 300w, https:\/\/agora.xtec.cat\/iesesteveterradas\/wp-content\/uploads\/usu855\/Captura-de-pantalla_20250227_114942-200x150.png 200w\" sizes=\"auto, (max-width: 649px) 100vw, 649px\" \/><\/td>\n<\/tr>\n<\/tbody>\n<\/table>\n","protected":false},"excerpt":{"rendered":"<p>Avui l&#8217;alumnat dels grups adm1 i adm3 del cicle CFCM Gesti\u00f3 administrativa, hem visitat el Centre de Normalitzaci\u00f3 Ling\u00fc\u00edstica (CNL) de Cornell\u00e0 de Llobregat, on hem reflexionat sobre l\u2019\u00fas de la llengua i hem conegut els serveis que ofereixen per fomentar-ne l\u2019aprenentatge. Ha estat un&hellip;  <a href=\"https:\/\/agora.xtec.cat\/iesesteveterradas\/general\/visita-al-centre-de-normalitzacio-linguistica-cnl-de-cornell\/\" title=\"Read Visita al Centre de Normalitzaci\u00f3 Ling\u00fc\u00edstica (CNL) de Cornell\">Llegeix m\u00e9s\u00bb<\/a><\/p>\n","protected":false},"author":66,"featured_media":17009,"comment_status":"closed","ping_status":"closed","sticky":false,"template":"","format":"standard","meta":{"_bbp_topic_count":0,"_bbp_reply_count":0,"_bbp_total_topic_count":0,"_bbp_total_reply_count":0,"_bbp_voice_count":0,"_bbp_anonymous_reply_count":0,"_bbp_topic_count_hidden":0,"_bbp_reply_count_hidden":0,"_bbp_forum_subforum_count":0,"footnotes":""},"categories":[113,30,1,29],"tags":[],"class_list":["post-17008","post","type-post","status-publish","format-standard","has-post-thumbnail","hentry","category-administracio_empreses","category-cicles-formatius","category-general","category-portada"],"post_mailing_queue_ids":[],"_links":{"self":[{"href":"https:\/\/agora.xtec.cat\/iesesteveterradas\/wp-json\/wp\/v2\/posts\/17008","targetHints":{"allow":["GET"]}}],"collection":[{"href":"https:\/\/agora.xtec.cat\/iesesteveterradas\/wp-json\/wp\/v2\/posts"}],"about":[{"href":"https:\/\/agora.xtec.cat\/iesesteveterradas\/wp-json\/wp\/v2\/types\/post"}],"author":[{"embeddable":true,"href":"https:\/\/agora.xtec.cat\/iesesteveterradas\/wp-json\/wp\/v2\/users\/66"}],"replies":[{"embeddable":true,"href":"https:\/\/agora.xtec.cat\/iesesteveterradas\/wp-json\/wp\/v2\/comments?post=17008"}],"version-history":[{"count":4,"href":"https:\/\/agora.xtec.cat\/iesesteveterradas\/wp-json\/wp\/v2\/posts\/17008\/revisions"}],"predecessor-version":[{"id":17015,"href":"https:\/\/agora.xtec.cat\/iesesteveterradas\/wp-json\/wp\/v2\/posts\/17008\/revisions\/17015"}],"wp:featuredmedia":[{"embeddable":true,"href":"https:\/\/agora.xtec.cat\/iesesteveterradas\/wp-json\/wp\/v2\/media\/17009"}],"wp:attachment":[{"href":"https:\/\/agora.xtec.cat\/iesesteveterradas\/wp-json\/wp\/v2\/media?parent=17008"}],"wp:term":[{"taxonomy":"category","embeddable":true,"href":"https:\/\/agora.xtec.cat\/iesesteveterradas\/wp-json\/wp\/v2\/categories?post=17008"},{"taxonomy":"post_tag","embeddable":true,"href":"https:\/\/agora.xtec.cat\/iesesteveterradas\/wp-json\/wp\/v2\/tags?post=17008"}],"curies":[{"name":"wp","href":"https:\/\/api.w.org\/{rel}","templated":true}]}}