{"id":16883,"date":"2025-02-17T11:48:29","date_gmt":"2025-02-17T10:48:29","guid":{"rendered":"https:\/\/agora.xtec.cat\/iesesteveterradas\/?p=16883"},"modified":"2025-02-17T11:51:46","modified_gmt":"2025-02-17T10:51:46","slug":"welcoming-events-lessencia-de-compartir-cultures-i-coneixements","status":"publish","type":"post","link":"https:\/\/agora.xtec.cat\/iesesteveterradas\/general\/welcoming-events-lessencia-de-compartir-cultures-i-coneixements\/","title":{"rendered":"Welcoming Events: L\u2019Ess\u00e8ncia de Compartir Cultures i Coneixements"},"content":{"rendered":"<p dir=\"ltr\">L\u201911 de febrer, l\u2019INS Esteve Terradas es va convertir en un escenari on la m\u00e0gia de la tradici\u00f3, l\u2019esperit de la diversi\u00f3 i el caliu de la trobada internacional van brillar com mai. Amb la visita de l\u2019institut HAK Perg, la jornada es va convertir en una experi\u00e8ncia activa i inclusiva.<\/p>\n<p dir=\"ltr\">La benvinguda va ser un tast de les nostres arrels culturals: els capgrossos de\u00a0Foment de Cultura\u00a0de Cornell\u00e0 van dansar al ritme de la cultura popular, mentre que el professorat i l\u2019alumnat del Departament d\u2019inform\u00e0tica van posar la\u00a0banda sonora\u00a0perfecta a aquesta benvinguda al ritme d&#8217;Estopa.<\/p>\n<p dir=\"ltr\"><img loading=\"lazy\" decoding=\"async\" class=\"wp-image-16889 aligncenter\" src=\"https:\/\/agora.xtec.cat\/iesesteveterradas\/wp-content\/uploads\/usu855\/IMG_20250211_191912-1024x768.jpg\" alt=\"\" width=\"607\" height=\"456\" srcset=\"https:\/\/agora.xtec.cat\/iesesteveterradas\/wp-content\/uploads\/usu855\/IMG_20250211_191912-1024x768.jpg 1024w, https:\/\/agora.xtec.cat\/iesesteveterradas\/wp-content\/uploads\/usu855\/IMG_20250211_191912-300x225.jpg 300w, https:\/\/agora.xtec.cat\/iesesteveterradas\/wp-content\/uploads\/usu855\/IMG_20250211_191912-768x576.jpg 768w, https:\/\/agora.xtec.cat\/iesesteveterradas\/wp-content\/uploads\/usu855\/IMG_20250211_191912-1536x1152.jpg 1536w, https:\/\/agora.xtec.cat\/iesesteveterradas\/wp-content\/uploads\/usu855\/IMG_20250211_191912-2048x1536.jpg 2048w, https:\/\/agora.xtec.cat\/iesesteveterradas\/wp-content\/uploads\/usu855\/IMG_20250211_191912-200x150.jpg 200w\" sizes=\"auto, (max-width: 607px) 100vw, 607px\" \/><\/p>\n<p dir=\"ltr\">Cada activitat va ser un petit descobriment que sumava a la gran aventura:<\/p>\n<p dir=\"ltr\"><img loading=\"lazy\" decoding=\"async\" class=\"an1\" src=\"https:\/\/fonts.gstatic.com\/s\/e\/notoemoji\/16.0\/1f3b2\/72.png\" alt=\"\ud83c\udfb2\" width=\"41\" height=\"41\" data-emoji=\"\ud83c\udfb2\" aria-label=\"\ud83c\udfb2\" \/>\u00a0Bingo en catal\u00e0, on les paraules es van convertir rialles compartides, gr\u00e0cies al Departament de catal\u00e0.<\/p>\n<p dir=\"ltr\"><img loading=\"lazy\" decoding=\"async\" class=\"an1\" src=\"https:\/\/fonts.gstatic.com\/s\/e\/notoemoji\/16.0\/1f3f8\/72.png\" alt=\"\ud83c\udff8\" width=\"41\" height=\"41\" data-emoji=\"\ud83c\udff8\" aria-label=\"\ud83c\udff8\" \/>\u00a0B\u00e0dminton, una dansa esportiva que va unir energia en cada volant, amb la col\u00b7laboraci\u00f3 del Departament d\u2019Educaci\u00f3 f\u00edsica.<\/p>\n<p dir=\"ltr\"><img loading=\"lazy\" decoding=\"async\" class=\"an1\" src=\"https:\/\/fonts.gstatic.com\/s\/e\/notoemoji\/16.0\/1f483\/72.png\" alt=\"\ud83d\udc83\" width=\"41\" height=\"41\" data-emoji=\"\ud83d\udc83\" aria-label=\"\ud83d\udc83\" \/>\u00a0Classe de ball, una activitat que va unir tothom al ritme de la m\u00fasica i el moviment, amb la dedicaci\u00f3 de l\u2019Oscar Barrera.<\/p>\n<p dir=\"ltr\"><img loading=\"lazy\" decoding=\"async\" class=\"an1\" src=\"https:\/\/fonts.gstatic.com\/s\/e\/notoemoji\/16.0\/1f374\/72.png\" alt=\"\ud83c\udf74\" width=\"41\" height=\"41\" data-emoji=\"\ud83c\udf74\" aria-label=\"\ud83c\udf74\" \/> Cata a cegues de les tapes de la Cantina, un viatge sensorial que va despertar curiositat i plaer en cada mos.<\/p>\n<p dir=\"ltr\"><img loading=\"lazy\" decoding=\"async\" class=\"an1\" src=\"https:\/\/fonts.gstatic.com\/s\/e\/notoemoji\/16.0\/1f3e2\/72.png\" alt=\"\ud83c\udfe2\" width=\"41\" height=\"41\" data-emoji=\"\ud83c\udfe2\" aria-label=\"\ud83c\udfe2\" \/>\u00a0Empresa simulada, una finestra oberta a les idees i futurs intercanvis empresarials, guiat pel professorat del Departament d\u2019administratiu.<\/p>\n<p dir=\"ltr\"><img loading=\"lazy\" decoding=\"async\" class=\"an1\" src=\"https:\/\/fonts.gstatic.com\/s\/e\/notoemoji\/16.0\/1f3ae\/72.png\" alt=\"\ud83c\udfae\" width=\"41\" height=\"41\" data-emoji=\"\ud83c\udfae\" aria-label=\"\ud83c\udfae\" \/>\u00a0Ulleres de realitat virtual, una porta m\u00e0gica a mons imaginaris on tot era possible, gestionat pel seu president Ivan Figueredo amb la participaci\u00f3 del club VR.<\/p>\n<p dir=\"ltr\"><img loading=\"lazy\" decoding=\"async\" class=\"an1\" src=\"https:\/\/fonts.gstatic.com\/s\/e\/notoemoji\/16.0\/1f3a5\/72.png\" alt=\"\ud83c\udfa5\" width=\"41\" height=\"41\" data-emoji=\"\ud83c\udfa5\" aria-label=\"\ud83c\udfa5\" \/>\u00a0Entrevistes al canal de Twitch, on les paraules prenen protagonisme en el m\u00f3n virtual, gr\u00e0cies al Gerard Garcia i a la J\u00falia \u00c1lvarez per fer-ho possible.<\/p>\n<p dir=\"ltr\"><img loading=\"lazy\" decoding=\"async\" class=\"an1\" src=\"https:\/\/fonts.gstatic.com\/s\/e\/notoemoji\/16.0\/1f384\/72.png\" alt=\"\ud83c\udf84\" width=\"41\" height=\"41\" data-emoji=\"\ud83c\udf84\" aria-label=\"\ud83c\udf84\" \/>\u00a0Caga Ti\u00f3, tradici\u00f3 catalana amb l\u2019enginy del Departament de Fabricaci\u00f3 mec\u00e0nica. Amb cops d\u2019il\u00b7lusi\u00f3, el Ti\u00f3 ens va regalar somriures i sorpreses.<\/p>\n<p dir=\"ltr\">Mitjan\u00e7ant el projecte, hem creat un lla\u00e7 amb l\u2019INS Mare de D\u00e9u de la Merc\u00e8 i el seu alumnat en pr\u00e0ctiques de fotografia i v\u00eddeo. Aix\u00ed com amb l\u2019INS Miquel Mart\u00ed i Pol i la seva Coordinaci\u00f3 internacional, obrint portes a noves oportunitats i un futur ple de col\u00b7laboracions.<\/p>\n<p dir=\"ltr\">La traca final va ser quan ens vam traslladar al celler J. Pujol, on un banquet de menjar tradicional va reunir tots els protagonistes de la jornada. La m\u00fasica del Joan, el propietari del local, va transformant aquell rac\u00f3 en un escenari de celebraci\u00f3.<\/p>\n<p dir=\"ltr\">Gr\u00e0cies, a l&#8217;institut HAK Perg, per ser protagonistes d\u2019aquesta benvinguda i amb el desig de continuar escrivint plegats aquest intercanvi tan especial.<\/p>\n<table style=\"border-collapse: collapse;width: 100%\">\n<tbody>\n<tr>\n<td style=\"width: 33.3333%\"><img loading=\"lazy\" decoding=\"async\" class=\"alignnone size-large wp-image-16890\" src=\"https:\/\/agora.xtec.cat\/iesesteveterradas\/wp-content\/uploads\/usu855\/1739528885100-1-1024x579.jpg\" alt=\"\" width=\"1024\" height=\"579\" srcset=\"https:\/\/agora.xtec.cat\/iesesteveterradas\/wp-content\/uploads\/usu855\/1739528885100-1-1024x579.jpg 1024w, https:\/\/agora.xtec.cat\/iesesteveterradas\/wp-content\/uploads\/usu855\/1739528885100-1-300x170.jpg 300w, https:\/\/agora.xtec.cat\/iesesteveterradas\/wp-content\/uploads\/usu855\/1739528885100-1-768x434.jpg 768w, https:\/\/agora.xtec.cat\/iesesteveterradas\/wp-content\/uploads\/usu855\/1739528885100-1.jpg 1080w\" sizes=\"auto, (max-width: 1024px) 100vw, 1024px\" \/><\/td>\n<td style=\"width: 33.3333%\"><img loading=\"lazy\" decoding=\"async\" class=\"alignnone size-large wp-image-16887\" src=\"https:\/\/agora.xtec.cat\/iesesteveterradas\/wp-content\/uploads\/usu855\/1739528948988-1024x768.jpg\" alt=\"\" width=\"1024\" height=\"768\" srcset=\"https:\/\/agora.xtec.cat\/iesesteveterradas\/wp-content\/uploads\/usu855\/1739528948988-1024x768.jpg 1024w, https:\/\/agora.xtec.cat\/iesesteveterradas\/wp-content\/uploads\/usu855\/1739528948988-300x225.jpg 300w, https:\/\/agora.xtec.cat\/iesesteveterradas\/wp-content\/uploads\/usu855\/1739528948988-768x576.jpg 768w, https:\/\/agora.xtec.cat\/iesesteveterradas\/wp-content\/uploads\/usu855\/1739528948988-1536x1152.jpg 1536w, https:\/\/agora.xtec.cat\/iesesteveterradas\/wp-content\/uploads\/usu855\/1739528948988-2048x1536.jpg 2048w, https:\/\/agora.xtec.cat\/iesesteveterradas\/wp-content\/uploads\/usu855\/1739528948988-200x150.jpg 200w\" sizes=\"auto, (max-width: 1024px) 100vw, 1024px\" \/><\/td>\n<td style=\"width: 33.3333%\"><img loading=\"lazy\" decoding=\"async\" class=\"alignnone size-large wp-image-16888\" src=\"https:\/\/agora.xtec.cat\/iesesteveterradas\/wp-content\/uploads\/usu855\/1739528984603-1024x768.jpg\" alt=\"\" width=\"1024\" height=\"768\" srcset=\"https:\/\/agora.xtec.cat\/iesesteveterradas\/wp-content\/uploads\/usu855\/1739528984603-1024x768.jpg 1024w, https:\/\/agora.xtec.cat\/iesesteveterradas\/wp-content\/uploads\/usu855\/1739528984603-300x225.jpg 300w, https:\/\/agora.xtec.cat\/iesesteveterradas\/wp-content\/uploads\/usu855\/1739528984603-768x576.jpg 768w, https:\/\/agora.xtec.cat\/iesesteveterradas\/wp-content\/uploads\/usu855\/1739528984603-1536x1152.jpg 1536w, https:\/\/agora.xtec.cat\/iesesteveterradas\/wp-content\/uploads\/usu855\/1739528984603-2048x1536.jpg 2048w, https:\/\/agora.xtec.cat\/iesesteveterradas\/wp-content\/uploads\/usu855\/1739528984603-200x150.jpg 200w\" sizes=\"auto, (max-width: 1024px) 100vw, 1024px\" \/><\/td>\n<\/tr>\n<\/tbody>\n<\/table>\n","protected":false},"excerpt":{"rendered":"<p>L\u201911 de febrer, l\u2019INS Esteve Terradas es va convertir en un escenari on la m\u00e0gia de la tradici\u00f3, l\u2019esperit de la diversi\u00f3 i el caliu de la trobada internacional van brillar com mai. Amb la visita de l\u2019institut HAK Perg, la jornada es va convertir&hellip;  <a href=\"https:\/\/agora.xtec.cat\/iesesteveterradas\/general\/welcoming-events-lessencia-de-compartir-cultures-i-coneixements\/\" title=\"Read Welcoming Events: L\u2019Ess\u00e8ncia de Compartir Cultures i Coneixements\">Llegeix m\u00e9s\u00bb<\/a><\/p>\n","protected":false},"author":66,"featured_media":16889,"comment_status":"closed","ping_status":"closed","sticky":false,"template":"","format":"standard","meta":{"_bbp_topic_count":0,"_bbp_reply_count":0,"_bbp_total_topic_count":0,"_bbp_total_reply_count":0,"_bbp_voice_count":0,"_bbp_anonymous_reply_count":0,"_bbp_topic_count_hidden":0,"_bbp_reply_count_hidden":0,"_bbp_forum_subforum_count":0,"footnotes":""},"categories":[113,30,1,29],"tags":[672],"class_list":["post-16883","post","type-post","status-publish","format-standard","has-post-thumbnail","hentry","category-administracio_empreses","category-cicles-formatius","category-general","category-portada","tag-administracio-dempreses"],"post_mailing_queue_ids":[],"_links":{"self":[{"href":"https:\/\/agora.xtec.cat\/iesesteveterradas\/wp-json\/wp\/v2\/posts\/16883","targetHints":{"allow":["GET"]}}],"collection":[{"href":"https:\/\/agora.xtec.cat\/iesesteveterradas\/wp-json\/wp\/v2\/posts"}],"about":[{"href":"https:\/\/agora.xtec.cat\/iesesteveterradas\/wp-json\/wp\/v2\/types\/post"}],"author":[{"embeddable":true,"href":"https:\/\/agora.xtec.cat\/iesesteveterradas\/wp-json\/wp\/v2\/users\/66"}],"replies":[{"embeddable":true,"href":"https:\/\/agora.xtec.cat\/iesesteveterradas\/wp-json\/wp\/v2\/comments?post=16883"}],"version-history":[{"count":6,"href":"https:\/\/agora.xtec.cat\/iesesteveterradas\/wp-json\/wp\/v2\/posts\/16883\/revisions"}],"predecessor-version":[{"id":16901,"href":"https:\/\/agora.xtec.cat\/iesesteveterradas\/wp-json\/wp\/v2\/posts\/16883\/revisions\/16901"}],"wp:featuredmedia":[{"embeddable":true,"href":"https:\/\/agora.xtec.cat\/iesesteveterradas\/wp-json\/wp\/v2\/media\/16889"}],"wp:attachment":[{"href":"https:\/\/agora.xtec.cat\/iesesteveterradas\/wp-json\/wp\/v2\/media?parent=16883"}],"wp:term":[{"taxonomy":"category","embeddable":true,"href":"https:\/\/agora.xtec.cat\/iesesteveterradas\/wp-json\/wp\/v2\/categories?post=16883"},{"taxonomy":"post_tag","embeddable":true,"href":"https:\/\/agora.xtec.cat\/iesesteveterradas\/wp-json\/wp\/v2\/tags?post=16883"}],"curies":[{"name":"wp","href":"https:\/\/api.w.org\/{rel}","templated":true}]}}