{"id":16774,"date":"2025-02-07T10:50:36","date_gmt":"2025-02-07T09:50:36","guid":{"rendered":"https:\/\/agora.xtec.cat\/iesesteveterradas\/?p=16774"},"modified":"2025-02-07T10:52:38","modified_gmt":"2025-02-07T09:52:38","slug":"lalumnat-de-projectes-tora-al-ise","status":"publish","type":"post","link":"https:\/\/agora.xtec.cat\/iesesteveterradas\/general\/lalumnat-de-projectes-tora-al-ise\/","title":{"rendered":"L&#8217;alumnat de projectes torna a l&#8217;ISE"},"content":{"rendered":"<p>Enguany s\u2019ha celebrat la cinquena edici\u00f3 de la fira professional <em>Integrated Systems Europe<\/em> (<a href=\"https:\/\/www.iseurope.org\/\">ISE 2025<\/a>) al recinte de Gran Via de Fira Barcelona, sota el lema \u2018Connection Restored\u2019. Aquest esdeveniment s\u2019ha consolidat com un espai ideal perqu\u00e8 <strong>l\u2019alumnat de projectes pugui con\u00e8ixer de primera m\u00e0 les darreres tend\u00e8ncies tecnol\u00f2giques<\/strong> i els avan\u00e7os que transformaran la societat en un futur imminent.<\/p>\n<p>Entre les innovacions m\u00e9s sorprenents d\u2019aquesta edici\u00f3, destaquen un ChatGPT humanitzat i botigues intel\u00b7ligents amb parets capaces d\u2019escoltar i interactuar amb els clients.<\/p>\n<table style=\"width: 100%; border-collapse: collapse; border-color: #dde1f1; background-color: #dde1f1; height: 32px;\">\n<tbody>\n<tr style=\"height: 32px;\">\n<td style=\"width: 50%; text-align: center; height: 32px;\"><img loading=\"lazy\" decoding=\"async\" class=\"alignnone size-large wp-image-16775\" src=\"https:\/\/agora.xtec.cat\/iesesteveterradas\/wp-content\/uploads\/usu855\/1-7-1024x567.png\" alt=\"\" width=\"1024\" height=\"567\" srcset=\"https:\/\/agora.xtec.cat\/iesesteveterradas\/wp-content\/uploads\/usu855\/1-7-1024x567.png 1024w, https:\/\/agora.xtec.cat\/iesesteveterradas\/wp-content\/uploads\/usu855\/1-7-300x166.png 300w, https:\/\/agora.xtec.cat\/iesesteveterradas\/wp-content\/uploads\/usu855\/1-7-768x425.png 768w, https:\/\/agora.xtec.cat\/iesesteveterradas\/wp-content\/uploads\/usu855\/1-7.png 1156w\" sizes=\"auto, (max-width: 1024px) 100vw, 1024px\" \/><\/td>\n<td style=\"width: 50%; text-align: center; height: 32px;\"><img loading=\"lazy\" decoding=\"async\" class=\"alignnone size-large wp-image-16776\" src=\"https:\/\/agora.xtec.cat\/iesesteveterradas\/wp-content\/uploads\/usu855\/2-4-1024x574.png\" alt=\"\" width=\"1024\" height=\"574\" srcset=\"https:\/\/agora.xtec.cat\/iesesteveterradas\/wp-content\/uploads\/usu855\/2-4-1024x574.png 1024w, https:\/\/agora.xtec.cat\/iesesteveterradas\/wp-content\/uploads\/usu855\/2-4-300x168.png 300w, https:\/\/agora.xtec.cat\/iesesteveterradas\/wp-content\/uploads\/usu855\/2-4-768x430.png 768w, https:\/\/agora.xtec.cat\/iesesteveterradas\/wp-content\/uploads\/usu855\/2-4.png 1149w\" sizes=\"auto, (max-width: 1024px) 100vw, 1024px\" \/><\/td>\n<\/tr>\n<\/tbody>\n<\/table>\n<p>L&#8217;ISE s\u2019ha consolidat com la segona fira m\u00e9s important de Barcelona, amb un impacte econ\u00f2mic de 470 milions d\u2019euros. En aquesta edici\u00f3, ha ocupat <strong>92.000 metres quadrats<\/strong> i ha comptat amb la pres\u00e8ncia de 80.000 visitants i 1.605 expositors, entre els quals hi ha 85 empreses catalanes.<\/p>\n<p>L\u2019alumnat, que enguany est\u00e0 desenvolupant el primer <strong>Metavers<\/strong> de Cornell\u00e0, ha tingut l\u2019oportunitat de con\u00e8ixer de primera m\u00e0 les \u00faltimes innovacions tecnol\u00f2giques i d\u2019explorar com es podrien aplicar en un futur proper.<\/p>\n<table style=\"width: 100%; border-collapse: collapse; border-color: #dde1f1; background-color: #dde1f1; height: 32px;\">\n<tbody>\n<tr style=\"height: 32px;\">\n<td style=\"width: 50%; height: 32px; text-align: center;\"><img loading=\"lazy\" decoding=\"async\" class=\"alignnone size-large wp-image-16777\" src=\"https:\/\/agora.xtec.cat\/iesesteveterradas\/wp-content\/uploads\/usu855\/3-5-1024x570.png\" alt=\"\" width=\"1024\" height=\"570\" srcset=\"https:\/\/agora.xtec.cat\/iesesteveterradas\/wp-content\/uploads\/usu855\/3-5-1024x570.png 1024w, https:\/\/agora.xtec.cat\/iesesteveterradas\/wp-content\/uploads\/usu855\/3-5-300x167.png 300w, https:\/\/agora.xtec.cat\/iesesteveterradas\/wp-content\/uploads\/usu855\/3-5-768x428.png 768w, https:\/\/agora.xtec.cat\/iesesteveterradas\/wp-content\/uploads\/usu855\/3-5.png 1151w\" sizes=\"auto, (max-width: 1024px) 100vw, 1024px\" \/><\/td>\n<td style=\"width: 50%; height: 32px; text-align: center;\"><img loading=\"lazy\" decoding=\"async\" class=\"alignnone size-large wp-image-16778\" src=\"https:\/\/agora.xtec.cat\/iesesteveterradas\/wp-content\/uploads\/usu855\/4-4-1024x553.png\" alt=\"\" width=\"1024\" height=\"553\" srcset=\"https:\/\/agora.xtec.cat\/iesesteveterradas\/wp-content\/uploads\/usu855\/4-4-1024x553.png 1024w, https:\/\/agora.xtec.cat\/iesesteveterradas\/wp-content\/uploads\/usu855\/4-4-300x162.png 300w, https:\/\/agora.xtec.cat\/iesesteveterradas\/wp-content\/uploads\/usu855\/4-4-768x415.png 768w, https:\/\/agora.xtec.cat\/iesesteveterradas\/wp-content\/uploads\/usu855\/4-4.png 1186w\" sizes=\"auto, (max-width: 1024px) 100vw, 1024px\" \/><\/td>\n<\/tr>\n<\/tbody>\n<\/table>\n<p>A m\u00e9s, per poder explorar i con\u00e8ixer de prop els projectes que m\u00e9s els han interessat (distribu\u00efts en els 97 km\u00b2 de la fira), l\u2019alumnat ha hagut de preparar-se pr\u00e8viament per assistir a un esdeveniment professional com aquest.<\/p>\n<p>Durant la seva visita, han pogut descobrir els aven\u00e7os en <strong>tecnologia hologr\u00e0fica<\/strong> i els nous <strong>museus i espais virtuals<\/strong>, que permeten donar continu\u00eftat a projectes de cursos anteriors, com <a href=\"https:\/\/agora.xtec.cat\/iesesteveterradas\/portada\/1r-premi-a-la-innovacio-de-grau-superior\/\">Holopix<\/a> o MuseuVR <a href=\"https:\/\/agora.xtec.cat\/iesesteveterradas\/general\/tintin60cat-premi-a-la-cultura\/\">60TintinCAT<\/a>.<\/p>\n<table style=\"width: 100%; border-collapse: collapse; border-color: #dde1f1; background-color: #dde1f1;\">\n<tbody>\n<tr>\n<td style=\"width: 50%; text-align: center;\"><img loading=\"lazy\" decoding=\"async\" class=\"alignnone size-full wp-image-16779\" src=\"https:\/\/agora.xtec.cat\/iesesteveterradas\/wp-content\/uploads\/usu855\/5-3.png\" alt=\"\" width=\"359\" height=\"295\" srcset=\"https:\/\/agora.xtec.cat\/iesesteveterradas\/wp-content\/uploads\/usu855\/5-3.png 359w, https:\/\/agora.xtec.cat\/iesesteveterradas\/wp-content\/uploads\/usu855\/5-3-300x247.png 300w\" sizes=\"auto, (max-width: 359px) 100vw, 359px\" \/><\/td>\n<td style=\"width: 50%; text-align: center;\"><img loading=\"lazy\" decoding=\"async\" class=\"alignnone wp-image-16780\" src=\"https:\/\/agora.xtec.cat\/iesesteveterradas\/wp-content\/uploads\/usu855\/6-2.png\" alt=\"\" width=\"425\" height=\"319\" srcset=\"https:\/\/agora.xtec.cat\/iesesteveterradas\/wp-content\/uploads\/usu855\/6-2.png 868w, https:\/\/agora.xtec.cat\/iesesteveterradas\/wp-content\/uploads\/usu855\/6-2-300x225.png 300w, https:\/\/agora.xtec.cat\/iesesteveterradas\/wp-content\/uploads\/usu855\/6-2-768x576.png 768w, https:\/\/agora.xtec.cat\/iesesteveterradas\/wp-content\/uploads\/usu855\/6-2-200x150.png 200w\" sizes=\"auto, (max-width: 425px) 100vw, 425px\" \/><\/td>\n<\/tr>\n<\/tbody>\n<\/table>\n<p>Aquesta experi\u00e8ncia ha perm\u00e8s a l\u2019alumnat ampliar la seva visi\u00f3 sobre les darreres innovacions tecnol\u00f2giques i comprendre com aquestes poden transformar els sectors professionals del futur. Amb iniciatives com aquesta, es refor\u00e7a la seva formaci\u00f3 i es fomenta l\u2019adaptaci\u00f3 als nous reptes digitals, preparant-los per un mercat laboral en constant evoluci\u00f3.<\/p>\n<table style=\"width: 100%; border-collapse: collapse; border-color: #dde1f1; background-color: #dde1f1;\">\n<tbody>\n<tr>\n<td style=\"width: 50%; text-align: center;\"><img loading=\"lazy\" decoding=\"async\" class=\"alignnone size-large wp-image-16781\" src=\"https:\/\/agora.xtec.cat\/iesesteveterradas\/wp-content\/uploads\/usu855\/7-2-1024x554.png\" alt=\"\" width=\"1024\" height=\"554\" srcset=\"https:\/\/agora.xtec.cat\/iesesteveterradas\/wp-content\/uploads\/usu855\/7-2-1024x554.png 1024w, https:\/\/agora.xtec.cat\/iesesteveterradas\/wp-content\/uploads\/usu855\/7-2-300x162.png 300w, https:\/\/agora.xtec.cat\/iesesteveterradas\/wp-content\/uploads\/usu855\/7-2-768x415.png 768w, https:\/\/agora.xtec.cat\/iesesteveterradas\/wp-content\/uploads\/usu855\/7-2.png 1154w\" sizes=\"auto, (max-width: 1024px) 100vw, 1024px\" \/><\/td>\n<td style=\"width: 50%; text-align: center;\"><img loading=\"lazy\" decoding=\"async\" class=\"alignnone wp-image-16782\" src=\"https:\/\/agora.xtec.cat\/iesesteveterradas\/wp-content\/uploads\/usu855\/8-2-1024x573.png\" alt=\"\" width=\"662\" height=\"370\" srcset=\"https:\/\/agora.xtec.cat\/iesesteveterradas\/wp-content\/uploads\/usu855\/8-2-1024x573.png 1024w, https:\/\/agora.xtec.cat\/iesesteveterradas\/wp-content\/uploads\/usu855\/8-2-300x168.png 300w, https:\/\/agora.xtec.cat\/iesesteveterradas\/wp-content\/uploads\/usu855\/8-2-768x430.png 768w, https:\/\/agora.xtec.cat\/iesesteveterradas\/wp-content\/uploads\/usu855\/8-2.png 1155w\" sizes=\"auto, (max-width: 662px) 100vw, 662px\" \/><\/td>\n<\/tr>\n<\/tbody>\n<\/table>\n","protected":false},"excerpt":{"rendered":"<p>Enguany s\u2019ha celebrat la cinquena edici\u00f3 de la fira professional Integrated Systems Europe (<a href=\"https:\/\/www.iseurope.org\/\">ISE 2025<\/a>) al recinte de Gran Via de Fira Barcelona, sota el lema \u2018Connection Restored\u2019. Aquest esdeveniment s\u2019ha consolidat com un espai ideal perqu\u00e8 l\u2019alumnat de projectes pugui con\u00e8ixer de primera&hellip;  <a href=\"https:\/\/agora.xtec.cat\/iesesteveterradas\/general\/lalumnat-de-projectes-tora-al-ise\/\" title=\"Read L&#8217;alumnat de projectes torna a l&#8217;ISE\">Llegeix m\u00e9s\u00bb<\/a><\/p>\n","protected":false},"author":14,"featured_media":16775,"comment_status":"closed","ping_status":"closed","sticky":false,"template":"","format":"standard","meta":{"_bbp_topic_count":0,"_bbp_reply_count":0,"_bbp_total_topic_count":0,"_bbp_total_reply_count":0,"_bbp_voice_count":0,"_bbp_anonymous_reply_count":0,"_bbp_topic_count_hidden":0,"_bbp_reply_count_hidden":0,"_bbp_forum_subforum_count":0,"footnotes":""},"categories":[113,30,1,29,368],"tags":[670,668,664,666,642],"class_list":["post-16774","post","type-post","status-publish","format-standard","has-post-thumbnail","hentry","category-administracio_empreses","category-cicles-formatius","category-general","category-portada","category-portada-ca","tag-fira","tag-fira-de-barcelona","tag-ise","tag-ise2025","tag-metavers"],"post_mailing_queue_ids":[],"_links":{"self":[{"href":"https:\/\/agora.xtec.cat\/iesesteveterradas\/wp-json\/wp\/v2\/posts\/16774","targetHints":{"allow":["GET"]}}],"collection":[{"href":"https:\/\/agora.xtec.cat\/iesesteveterradas\/wp-json\/wp\/v2\/posts"}],"about":[{"href":"https:\/\/agora.xtec.cat\/iesesteveterradas\/wp-json\/wp\/v2\/types\/post"}],"author":[{"embeddable":true,"href":"https:\/\/agora.xtec.cat\/iesesteveterradas\/wp-json\/wp\/v2\/users\/14"}],"replies":[{"embeddable":true,"href":"https:\/\/agora.xtec.cat\/iesesteveterradas\/wp-json\/wp\/v2\/comments?post=16774"}],"version-history":[{"count":3,"href":"https:\/\/agora.xtec.cat\/iesesteveterradas\/wp-json\/wp\/v2\/posts\/16774\/revisions"}],"predecessor-version":[{"id":16785,"href":"https:\/\/agora.xtec.cat\/iesesteveterradas\/wp-json\/wp\/v2\/posts\/16774\/revisions\/16785"}],"wp:featuredmedia":[{"embeddable":true,"href":"https:\/\/agora.xtec.cat\/iesesteveterradas\/wp-json\/wp\/v2\/media\/16775"}],"wp:attachment":[{"href":"https:\/\/agora.xtec.cat\/iesesteveterradas\/wp-json\/wp\/v2\/media?parent=16774"}],"wp:term":[{"taxonomy":"category","embeddable":true,"href":"https:\/\/agora.xtec.cat\/iesesteveterradas\/wp-json\/wp\/v2\/categories?post=16774"},{"taxonomy":"post_tag","embeddable":true,"href":"https:\/\/agora.xtec.cat\/iesesteveterradas\/wp-json\/wp\/v2\/tags?post=16774"}],"curies":[{"name":"wp","href":"https:\/\/api.w.org\/{rel}","templated":true}]}}