{"id":16642,"date":"2025-01-29T19:42:47","date_gmt":"2025-01-29T18:42:47","guid":{"rendered":"https:\/\/agora.xtec.cat\/iesesteveterradas\/?p=16642"},"modified":"2025-01-31T13:39:45","modified_gmt":"2025-01-31T12:39:45","slug":"quim-torra-visita-el-museu-tintin60cat","status":"publish","type":"post","link":"https:\/\/agora.xtec.cat\/iesesteveterradas\/general\/quim-torra-visita-el-museu-tintin60cat\/","title":{"rendered":"Quim Torra visita el museu Tintin60CAT"},"content":{"rendered":"<p>Aquest dimecres 29 de gener, l\u2019ex-President de la Generalitat de Catalunya, el Molt Honorable Sr. Quim Torra i Pla, ha visitat el nostre institut per con\u00e8ixer el projecteTintin60CAT, iniciativa educativa pionera que integra la lectura en el curr\u00edculum de Formaci\u00f3 Professional.<\/p>\n<p data-pm-slice=\"1 1 []\">Aquest museu de Realitat Virtual ha assolit un gran reconeixement, tant per la seva excel\u00b7l\u00e8ncia did\u00e0ctica com per l\u2019emoci\u00f3 que desperta entre els seguidors de Tint\u00edn. La combinaci\u00f3 de tecnol\u00f2gica avan\u00e7ada i elements evocadors de l\u2019univers del fam\u00f3s reporter belga ha fascinat la comunitat educativa, convertint l&#8217;experi\u00e8ncia en una proposta singular i enriquidora.<\/p>\n<p>Durant la seva visita, el President Torra ha participat en un col\u00b7loqui informal amb l\u2019equip directiu, on s\u2019han abordat diferents aspectes relacionats amb l\u2019educaci\u00f3 actual. La conversa ha girat al voltant de q\u00fcestions com la intel\u00b7lig\u00e8ncia artificial aplicada a l\u2019ensenyament, l\u2019\u00fas dels m\u00f2bils a l\u2019aula i els reptes que afronta la generaci\u00f3 postpand\u00e8mia. Aquest intercanvi d\u2019impressions ha servit per compartir reflexions sobre la necessitat d\u2019adaptar els m\u00e8todes pedag\u00f2gics a un context en constant evoluci\u00f3.<\/p>\n<p>L&#8217;activitat s\u2019ha emmarcat, tamb\u00e9, dins la celebraci\u00f3 del 50\u00e8 aniversari del nostre institut, una fita que simbolitza cinc d\u00e8cades d&#8217;escola p\u00fablica a Cornell\u00e0.<\/p>\n<p><img loading=\"lazy\" decoding=\"async\" class=\"alignnone wp-image-16647\" src=\"https:\/\/agora.xtec.cat\/iesesteveterradas\/wp-content\/uploads\/usu855\/DSC_89481-1024x774.jpg\" alt=\"\" width=\"289\" height=\"218\" srcset=\"https:\/\/agora.xtec.cat\/iesesteveterradas\/wp-content\/uploads\/usu855\/DSC_89481-1024x774.jpg 1024w, https:\/\/agora.xtec.cat\/iesesteveterradas\/wp-content\/uploads\/usu855\/DSC_89481-300x227.jpg 300w, https:\/\/agora.xtec.cat\/iesesteveterradas\/wp-content\/uploads\/usu855\/DSC_89481-768x580.jpg 768w, https:\/\/agora.xtec.cat\/iesesteveterradas\/wp-content\/uploads\/usu855\/DSC_89481-1536x1161.jpg 1536w, https:\/\/agora.xtec.cat\/iesesteveterradas\/wp-content\/uploads\/usu855\/DSC_89481-2048x1548.jpg 2048w, https:\/\/agora.xtec.cat\/iesesteveterradas\/wp-content\/uploads\/usu855\/DSC_89481-200x150.jpg 200w\" sizes=\"auto, (max-width: 289px) 100vw, 289px\" \/> <img loading=\"lazy\" decoding=\"async\" class=\"alignnone wp-image-16648\" src=\"https:\/\/agora.xtec.cat\/iesesteveterradas\/wp-content\/uploads\/usu855\/ddddddddddd-1024x592.jpg\" alt=\"\" width=\"377\" height=\"218\" srcset=\"https:\/\/agora.xtec.cat\/iesesteveterradas\/wp-content\/uploads\/usu855\/ddddddddddd-1024x592.jpg 1024w, https:\/\/agora.xtec.cat\/iesesteveterradas\/wp-content\/uploads\/usu855\/ddddddddddd-300x173.jpg 300w, https:\/\/agora.xtec.cat\/iesesteveterradas\/wp-content\/uploads\/usu855\/ddddddddddd-768x444.jpg 768w, https:\/\/agora.xtec.cat\/iesesteveterradas\/wp-content\/uploads\/usu855\/ddddddddddd-1536x888.jpg 1536w, https:\/\/agora.xtec.cat\/iesesteveterradas\/wp-content\/uploads\/usu855\/ddddddddddd-2048x1184.jpg 2048w\" sizes=\"auto, (max-width: 377px) 100vw, 377px\" \/> <img loading=\"lazy\" decoding=\"async\" class=\"alignnone wp-image-16646\" src=\"https:\/\/agora.xtec.cat\/iesesteveterradas\/wp-content\/uploads\/usu855\/DSC_9095-1-1024x704.jpg\" alt=\"\" width=\"319\" height=\"220\" srcset=\"https:\/\/agora.xtec.cat\/iesesteveterradas\/wp-content\/uploads\/usu855\/DSC_9095-1-1024x704.jpg 1024w, https:\/\/agora.xtec.cat\/iesesteveterradas\/wp-content\/uploads\/usu855\/DSC_9095-1-300x206.jpg 300w, https:\/\/agora.xtec.cat\/iesesteveterradas\/wp-content\/uploads\/usu855\/DSC_9095-1-768x528.jpg 768w, https:\/\/agora.xtec.cat\/iesesteveterradas\/wp-content\/uploads\/usu855\/DSC_9095-1-1536x1056.jpg 1536w, https:\/\/agora.xtec.cat\/iesesteveterradas\/wp-content\/uploads\/usu855\/DSC_9095-1-2048x1408.jpg 2048w\" sizes=\"auto, (max-width: 319px) 100vw, 319px\" \/><\/p>\n","protected":false},"excerpt":{"rendered":"<p>Aquest dimecres 29 de gener, l\u2019ex-President de la Generalitat de Catalunya, el Molt Honorable Sr. Quim Torra i Pla, ha visitat el nostre institut per con\u00e8ixer el projecteTintin60CAT, iniciativa educativa pionera que integra la lectura en el curr\u00edculum de Formaci\u00f3 Professional.<br \/>\nAquest museu de Realitat Virtual&hellip;  <a href=\"https:\/\/agora.xtec.cat\/iesesteveterradas\/general\/quim-torra-visita-el-museu-tintin60cat\/\" title=\"Read Quim Torra visita el museu Tintin60CAT\">Llegeix m\u00e9s\u00bb<\/a><\/p>\n","protected":false},"author":14,"featured_media":16648,"comment_status":"closed","ping_status":"closed","sticky":false,"template":"","format":"standard","meta":{"_bbp_topic_count":0,"_bbp_reply_count":0,"_bbp_total_topic_count":0,"_bbp_total_reply_count":0,"_bbp_voice_count":0,"_bbp_anonymous_reply_count":0,"_bbp_topic_count_hidden":0,"_bbp_reply_count_hidden":0,"_bbp_forum_subforum_count":0,"footnotes":""},"categories":[113,30,147,1,159,29,368],"tags":[],"class_list":["post-16642","post","type-post","status-publish","format-standard","has-post-thumbnail","hentry","category-administracio_empreses","category-cicles-formatius","category-coordinacions","category-general","category-innovacio","category-portada","category-portada-ca"],"post_mailing_queue_ids":[],"_links":{"self":[{"href":"https:\/\/agora.xtec.cat\/iesesteveterradas\/wp-json\/wp\/v2\/posts\/16642","targetHints":{"allow":["GET"]}}],"collection":[{"href":"https:\/\/agora.xtec.cat\/iesesteveterradas\/wp-json\/wp\/v2\/posts"}],"about":[{"href":"https:\/\/agora.xtec.cat\/iesesteveterradas\/wp-json\/wp\/v2\/types\/post"}],"author":[{"embeddable":true,"href":"https:\/\/agora.xtec.cat\/iesesteveterradas\/wp-json\/wp\/v2\/users\/14"}],"replies":[{"embeddable":true,"href":"https:\/\/agora.xtec.cat\/iesesteveterradas\/wp-json\/wp\/v2\/comments?post=16642"}],"version-history":[{"count":6,"href":"https:\/\/agora.xtec.cat\/iesesteveterradas\/wp-json\/wp\/v2\/posts\/16642\/revisions"}],"predecessor-version":[{"id":16694,"href":"https:\/\/agora.xtec.cat\/iesesteveterradas\/wp-json\/wp\/v2\/posts\/16642\/revisions\/16694"}],"wp:featuredmedia":[{"embeddable":true,"href":"https:\/\/agora.xtec.cat\/iesesteveterradas\/wp-json\/wp\/v2\/media\/16648"}],"wp:attachment":[{"href":"https:\/\/agora.xtec.cat\/iesesteveterradas\/wp-json\/wp\/v2\/media?parent=16642"}],"wp:term":[{"taxonomy":"category","embeddable":true,"href":"https:\/\/agora.xtec.cat\/iesesteveterradas\/wp-json\/wp\/v2\/categories?post=16642"},{"taxonomy":"post_tag","embeddable":true,"href":"https:\/\/agora.xtec.cat\/iesesteveterradas\/wp-json\/wp\/v2\/tags?post=16642"}],"curies":[{"name":"wp","href":"https:\/\/api.w.org\/{rel}","templated":true}]}}