{"id":16547,"date":"2025-01-23T10:50:33","date_gmt":"2025-01-23T09:50:33","guid":{"rendered":"https:\/\/agora.xtec.cat\/iesesteveterradas\/?p=16547"},"modified":"2026-02-18T12:38:58","modified_gmt":"2026-02-18T11:38:58","slug":"francesc-roca-descobreix-el-nostre-projecte","status":"publish","type":"post","link":"https:\/\/agora.xtec.cat\/iesesteveterradas\/general\/francesc-roca-descobreix-el-nostre-projecte\/","title":{"rendered":"Francesc Roca descobreix el 1r Pla de Lectura de la FP"},"content":{"rendered":"<div class=\"flex max-w-full flex-col flex-grow\">\n<div class=\"min-h-8 text-message flex w-full flex-col items-end gap-2 whitespace-normal break-words text-start [.text-message+&amp;]:mt-5\" dir=\"auto\" data-message-author-role=\"assistant\" data-message-id=\"43bb369f-b9be-40ea-8279-66d0264d0f8b\" data-message-model-slug=\"gpt-4o\">\n<div class=\"flex w-full flex-col gap-1 empty:hidden first:pt-[3px]\">\n<div class=\"markdown prose w-full break-words dark:prose-invert light\">\n<p data-path-to-node=\"5\">El passat dimecres 22 de gener, el nostre institut va acollir la visita institucional del senyor <b data-path-to-node=\"5\" data-index-in-node=\"120\">Francesc Roca, Secretari General de Formaci\u00f3 Professional del Departament d\u2019Educaci\u00f3<\/b>. L&#8217;acte va tenir un car\u00e0cter especialment rellevant, ja que es va emmarcar en la presentaci\u00f3 oficial del <b data-path-to-node=\"5\" data-index-in-node=\"310\">Pla de Lectura de l\u2019FP<\/b>, una iniciativa estrat\u00e8gica per refor\u00e7ar les habilitats comunicatives dels estudiants.<\/p>\n<p data-path-to-node=\"7\">Durant la trobada amb l\u2019equip directiu, i part de l&#8217;alumnat del Pla de Lectura, el senyor Roca va subratllar que les millores previstes en aquest pla suposaran un salt qualitatiu en la <b data-path-to-node=\"7\" data-index-in-node=\"145\">compet\u00e8ncia lectora<\/b> de l&#8217;alumnat. L&#8217;objectiu \u00e9s que els futurs professionals no nom\u00e9s dominin la t\u00e8cnica, sin\u00f3 que tinguin la capacitat cr\u00edtica i de comprensi\u00f3 necess\u00e0ria per adaptar-se als manuals, normatives i reptes intel\u00b7lectuals d&#8217;un m\u00f3n laboral complex.<\/p>\n<p data-path-to-node=\"8\">Aquest enfocament s&#8217;integra directament en el nostre <b data-path-to-node=\"8\" data-index-in-node=\"53\">Sistema de Qualitat i Millora Cont\u00ednua<\/b>, dissenyat per formar perfils polivalents i preparats per a l&#8217;aprenentatge aut\u00f2nom al llarg de la vida.<\/p>\n<p data-path-to-node=\"10\">Despr\u00e9s de la reuni\u00f3 de treball, la comitiva va visitar les instal\u00b7lacions, fent parada a l\u2019<b data-path-to-node=\"10\" data-index-in-node=\"92\">aula ATECA<\/b>. Aquest espai d&#8217;innovaci\u00f3 tecnol\u00f2gica esdev\u00e9 tamb\u00e9 un escenari ideal per al nou pla, fomentant un aprenentatge col\u00b7laboratiu on la recerca i la interpretaci\u00f3 de la informaci\u00f3 s\u00f3n fonamentals.<\/p>\n<p data-path-to-node=\"11\">La jornada va finalitzar amb la visita al museu <b data-path-to-node=\"11\" data-index-in-node=\"48\">Tintin60CAT<\/b>. El Secretari General va poder comprovar com la <b data-path-to-node=\"11\" data-index-in-node=\"108\">realitat virtual<\/b> pot ser una aliada de la cultura i la lectura, generant espais immersius que motiven els joves a apropar-se a l&#8217;univers literari i gr\u00e0fic des d&#8217;una perspectiva moderna i sorprenent.<\/p>\n<p><img loading=\"lazy\" decoding=\"async\" class=\"alignnone wp-image-16550\" src=\"https:\/\/agora.xtec.cat\/iesesteveterradas\/wp-content\/uploads\/usu855\/fee6015f-25cb-4707-9652-0c25cdcb3edf-1-1024x839.jpeg\" alt=\"\" width=\"496\" height=\"406\" srcset=\"https:\/\/agora.xtec.cat\/iesesteveterradas\/wp-content\/uploads\/usu855\/fee6015f-25cb-4707-9652-0c25cdcb3edf-1-1024x839.jpeg 1024w, https:\/\/agora.xtec.cat\/iesesteveterradas\/wp-content\/uploads\/usu855\/fee6015f-25cb-4707-9652-0c25cdcb3edf-1-300x246.jpeg 300w, https:\/\/agora.xtec.cat\/iesesteveterradas\/wp-content\/uploads\/usu855\/fee6015f-25cb-4707-9652-0c25cdcb3edf-1-768x629.jpeg 768w, https:\/\/agora.xtec.cat\/iesesteveterradas\/wp-content\/uploads\/usu855\/fee6015f-25cb-4707-9652-0c25cdcb3edf-1.jpeg 1197w\" sizes=\"auto, (max-width: 496px) 100vw, 496px\" \/> <img loading=\"lazy\" decoding=\"async\" class=\"alignnone wp-image-16549\" src=\"https:\/\/agora.xtec.cat\/iesesteveterradas\/wp-content\/uploads\/usu855\/ff829fa7-01d8-4a5c-a023-5da050a80306-768x1024.jpeg\" alt=\"\" width=\"304\" height=\"406\" srcset=\"https:\/\/agora.xtec.cat\/iesesteveterradas\/wp-content\/uploads\/usu855\/ff829fa7-01d8-4a5c-a023-5da050a80306-768x1024.jpeg 768w, https:\/\/agora.xtec.cat\/iesesteveterradas\/wp-content\/uploads\/usu855\/ff829fa7-01d8-4a5c-a023-5da050a80306-225x300.jpeg 225w, https:\/\/agora.xtec.cat\/iesesteveterradas\/wp-content\/uploads\/usu855\/ff829fa7-01d8-4a5c-a023-5da050a80306-1152x1536.jpeg 1152w, https:\/\/agora.xtec.cat\/iesesteveterradas\/wp-content\/uploads\/usu855\/ff829fa7-01d8-4a5c-a023-5da050a80306.jpeg 1200w\" sizes=\"auto, (max-width: 304px) 100vw, 304px\" \/><\/p>\n<\/div>\n<\/div>\n<\/div>\n<\/div>\n<div class=\"mb-2 flex gap-3 empty:hidden -ml-2\">\n<div class=\"items-center justify-start rounded-xl p-1 flex\">\n<div class=\"flex items-center\"><\/div>\n<\/div>\n<\/div>\n","protected":false},"excerpt":{"rendered":"<p>El passat dimecres 22 de gener, el nostre institut va acollir la visita institucional del senyor Francesc Roca, Secretari General de Formaci\u00f3 Professional del Departament d\u2019Educaci\u00f3. L&#8217;acte va tenir un car\u00e0cter especialment rellevant, ja que es va emmarcar en la presentaci\u00f3 oficial del Pla de&hellip;  <a href=\"https:\/\/agora.xtec.cat\/iesesteveterradas\/general\/francesc-roca-descobreix-el-nostre-projecte\/\" title=\"Read Francesc Roca descobreix el 1r Pla de Lectura de la FP\">Llegeix m\u00e9s\u00bb<\/a><\/p>\n","protected":false},"author":14,"featured_media":16550,"comment_status":"closed","ping_status":"closed","sticky":false,"template":"","format":"standard","meta":{"_bbp_topic_count":0,"_bbp_reply_count":0,"_bbp_total_topic_count":0,"_bbp_total_reply_count":0,"_bbp_voice_count":0,"_bbp_anonymous_reply_count":0,"_bbp_topic_count_hidden":0,"_bbp_reply_count_hidden":0,"_bbp_forum_subforum_count":0,"footnotes":""},"categories":[113,111,30,120,147,151,510,115,117,110,1,109,159,112,116,119,368,29,170,118,114],"tags":[],"class_list":["post-16547","post","type-post","status-publish","format-standard","has-post-thumbnail","hentry","category-administracio_empreses","category-arts_grafiques","category-cicles-formatius","category-coordinacio_fp","category-coordinacions","category-emprenedoria","category-energia","category-escola_empresa","category-fabricacion_mecanica","category-fol","category-general","category-informatica","category-innovacio","category-llegues_extrangeres","category-manteniment_industrial","category-pfi","category-portada-ca","category-portada","category-riscos_profesionals-cicles-formatius","category-riscos_profesionals","category-tmv"],"post_mailing_queue_ids":[],"_links":{"self":[{"href":"https:\/\/agora.xtec.cat\/iesesteveterradas\/wp-json\/wp\/v2\/posts\/16547","targetHints":{"allow":["GET"]}}],"collection":[{"href":"https:\/\/agora.xtec.cat\/iesesteveterradas\/wp-json\/wp\/v2\/posts"}],"about":[{"href":"https:\/\/agora.xtec.cat\/iesesteveterradas\/wp-json\/wp\/v2\/types\/post"}],"author":[{"embeddable":true,"href":"https:\/\/agora.xtec.cat\/iesesteveterradas\/wp-json\/wp\/v2\/users\/14"}],"replies":[{"embeddable":true,"href":"https:\/\/agora.xtec.cat\/iesesteveterradas\/wp-json\/wp\/v2\/comments?post=16547"}],"version-history":[{"count":6,"href":"https:\/\/agora.xtec.cat\/iesesteveterradas\/wp-json\/wp\/v2\/posts\/16547\/revisions"}],"predecessor-version":[{"id":19148,"href":"https:\/\/agora.xtec.cat\/iesesteveterradas\/wp-json\/wp\/v2\/posts\/16547\/revisions\/19148"}],"wp:featuredmedia":[{"embeddable":true,"href":"https:\/\/agora.xtec.cat\/iesesteveterradas\/wp-json\/wp\/v2\/media\/16550"}],"wp:attachment":[{"href":"https:\/\/agora.xtec.cat\/iesesteveterradas\/wp-json\/wp\/v2\/media?parent=16547"}],"wp:term":[{"taxonomy":"category","embeddable":true,"href":"https:\/\/agora.xtec.cat\/iesesteveterradas\/wp-json\/wp\/v2\/categories?post=16547"},{"taxonomy":"post_tag","embeddable":true,"href":"https:\/\/agora.xtec.cat\/iesesteveterradas\/wp-json\/wp\/v2\/tags?post=16547"}],"curies":[{"name":"wp","href":"https:\/\/api.w.org\/{rel}","templated":true}]}}