{"id":16484,"date":"2025-01-15T20:07:58","date_gmt":"2025-01-15T19:07:58","guid":{"rendered":"https:\/\/agora.xtec.cat\/iesesteveterradas\/?p=16484"},"modified":"2025-01-15T20:19:34","modified_gmt":"2025-01-15T19:19:34","slug":"lins-esteve-terradas-premiat-a-la-3a-edicio-damic-directes","status":"publish","type":"post","link":"https:\/\/agora.xtec.cat\/iesesteveterradas\/general\/lins-esteve-terradas-premiat-a-la-3a-edicio-damic-directes\/","title":{"rendered":"L&#8217;INS Esteve Terradas premiat a la 3a edici\u00f3 d&#8217;AMIC-Directes"},"content":{"rendered":"<p>Mar Peregrina i Aroa Rodr\u00edguez, estudiants del CFGM de Gesti\u00f3 Administrativa i tutoritzades per Albert Navarro en una activitat pr\u00e0ctica del m\u00f2dul de Comunicaci\u00f3, han estat guardonades amb 400\u20ac a la<strong> 3a edici\u00f3 dels premis AMIC-Directes<\/strong> pel seu streaming a la plataforma de Twitch, utilitzant per a fer l&#8217;emissi\u00f3, l&#8217;equipament del projecte <strong><a href=\"https:\/\/agora.xtec.cat\/iesesteveterradas\/general\/the-ieti-show-2-0\/\">The IETI Show<\/a>.<\/strong> Durant el seu directe, van <a href=\"https:\/\/agora.xtec.cat\/iesesteveterradas\/general\/entrevista-a-kendall-martin-jugadora-de-basquet-professional\/\">entrevistar a Kendall Martin<\/a>, jugadora professional de b\u00e0squet vetada per la federaci\u00f3. A m\u00e9s, Izan Vargas i Mart\u00ed L\u00f3pez, tamb\u00e9 estudiants de Gesti\u00f3 Administrativa, han estat finalistes amb el seu directe dedicat als e-sports, pel qual han rebut un premi d&#8217;honor durant l&#8217;acte.<\/p>\n<table style=\"border-collapse: collapse; width: 100%;\">\n<tbody>\n<tr>\n<td style=\"width: 50%; text-align: center;\"><img loading=\"lazy\" decoding=\"async\" class=\"alignnone size-full wp-image-16485\" src=\"https:\/\/agora.xtec.cat\/iesesteveterradas\/wp-content\/uploads\/usu855\/foto-2.jpg\" alt=\"\" width=\"423\" height=\"288\" srcset=\"https:\/\/agora.xtec.cat\/iesesteveterradas\/wp-content\/uploads\/usu855\/foto-2.jpg 423w, https:\/\/agora.xtec.cat\/iesesteveterradas\/wp-content\/uploads\/usu855\/foto-2-300x204.jpg 300w\" sizes=\"auto, (max-width: 423px) 100vw, 423px\" \/><\/td>\n<td style=\"width: 50%; text-align: center;\"><img loading=\"lazy\" decoding=\"async\" class=\"alignnone size-full wp-image-16490\" src=\"https:\/\/agora.xtec.cat\/iesesteveterradas\/wp-content\/uploads\/usu855\/premis.jpg\" alt=\"\" width=\"438\" height=\"289\" srcset=\"https:\/\/agora.xtec.cat\/iesesteveterradas\/wp-content\/uploads\/usu855\/premis.jpg 438w, https:\/\/agora.xtec.cat\/iesesteveterradas\/wp-content\/uploads\/usu855\/premis-300x198.jpg 300w\" sizes=\"auto, (max-width: 438px) 100vw, 438px\" \/><\/td>\n<\/tr>\n<\/tbody>\n<\/table>\n<p><span style=\"font-family: inherit; font-size: 1em;\">AMIC-Directes: &#8220;<\/span><strong style=\"font-family: inherit; font-size: 1em;\"><em>The IETI Show, premiats per elaborar un producte audiovisual de qualitat, amb un to period\u00edstic professional, generant una conversa fluida i de gran inter\u00e8s amb la convidada, a banda d&#8217;un bon \u00fas de les t\u00e8cniques que ofereix el format del videop\u00f2dcast<\/em><\/strong><span style=\"font-family: inherit; font-size: 1em;\">&#8220;.<\/span><\/p>\n<table style=\"border-collapse: collapse; width: 100%;\">\n<tbody>\n<tr>\n<td style=\"width: 100%; text-align: center;\"><img loading=\"lazy\" decoding=\"async\" class=\"alignnone wp-image-16486\" src=\"https:\/\/agora.xtec.cat\/iesesteveterradas\/wp-content\/uploads\/usu855\/PXL_20250115_162621965-1024x576.jpg\" alt=\"\" width=\"569\" height=\"320\" srcset=\"https:\/\/agora.xtec.cat\/iesesteveterradas\/wp-content\/uploads\/usu855\/PXL_20250115_162621965-1024x576.jpg 1024w, https:\/\/agora.xtec.cat\/iesesteveterradas\/wp-content\/uploads\/usu855\/PXL_20250115_162621965-300x169.jpg 300w, https:\/\/agora.xtec.cat\/iesesteveterradas\/wp-content\/uploads\/usu855\/PXL_20250115_162621965-768x432.jpg 768w, https:\/\/agora.xtec.cat\/iesesteveterradas\/wp-content\/uploads\/usu855\/PXL_20250115_162621965-1536x864.jpg 1536w, https:\/\/agora.xtec.cat\/iesesteveterradas\/wp-content\/uploads\/usu855\/PXL_20250115_162621965-2048x1152.jpg 2048w\" sizes=\"auto, (max-width: 569px) 100vw, 569px\" \/><\/td>\n<\/tr>\n<\/tbody>\n<\/table>\n<p>Aquest acte, celebrat al Caixa F\u00f2rum de Barcelona, ha comptat amb pon\u00e8ncies d&#8217;influencers destacats com Norman L\u00f3pez, i ha tingut com a objectiu fomentar la normalitzaci\u00f3 del catal\u00e0 a les xarxes socials. L&#8217;esdeveniment ha estat organitzat per l&#8217;Associaci\u00f3 de Mitjans d&#8217;Informaci\u00f3 i Comunicaci\u00f3 (AMIC), amb el suport del Departament de Pol\u00edtica Ling\u00fc\u00edstica de la Generalitat de Catalunya, el Govern de les Illes Balears, l&#8217;Ajuntament de Barcelona, l\u2019Institut d&#8217;Estudis Bale\u00e0rics i la col\u00b7laboraci\u00f3 de la Fundaci\u00f3 La Caixa.<\/p>\n<table style=\"border-collapse: collapse; width: 100%;\">\n<tbody>\n<tr>\n<td style=\"width: 50%; text-align: center;\"><img loading=\"lazy\" decoding=\"async\" class=\"alignnone size-large wp-image-16488\" src=\"https:\/\/agora.xtec.cat\/iesesteveterradas\/wp-content\/uploads\/usu855\/foto1-1-1024x570.jpg\" alt=\"\" width=\"1024\" height=\"570\" srcset=\"https:\/\/agora.xtec.cat\/iesesteveterradas\/wp-content\/uploads\/usu855\/foto1-1-1024x570.jpg 1024w, https:\/\/agora.xtec.cat\/iesesteveterradas\/wp-content\/uploads\/usu855\/foto1-1-300x167.jpg 300w, https:\/\/agora.xtec.cat\/iesesteveterradas\/wp-content\/uploads\/usu855\/foto1-1-768x427.jpg 768w, https:\/\/agora.xtec.cat\/iesesteveterradas\/wp-content\/uploads\/usu855\/foto1-1.jpg 1188w\" sizes=\"auto, (max-width: 1024px) 100vw, 1024px\" \/><\/td>\n<td style=\"width: 50%;\"><img loading=\"lazy\" decoding=\"async\" class=\"alignnone size-full wp-image-16487\" src=\"https:\/\/agora.xtec.cat\/iesesteveterradas\/wp-content\/uploads\/usu855\/foto2-4.jpg\" alt=\"\" width=\"903\" height=\"522\" srcset=\"https:\/\/agora.xtec.cat\/iesesteveterradas\/wp-content\/uploads\/usu855\/foto2-4.jpg 903w, https:\/\/agora.xtec.cat\/iesesteveterradas\/wp-content\/uploads\/usu855\/foto2-4-300x173.jpg 300w, https:\/\/agora.xtec.cat\/iesesteveterradas\/wp-content\/uploads\/usu855\/foto2-4-768x444.jpg 768w\" sizes=\"auto, (max-width: 903px) 100vw, 903px\" \/><\/td>\n<\/tr>\n<\/tbody>\n<\/table>\n<p>En aquesta 3a edici\u00f3, han participat un total de <strong>922 concursants<\/strong> de Catalunya, Pa\u00eds Valenci\u00e0 i les Illes Balears, dels quals nom\u00e9s 50 grups han arribat a la final i <strong>6 han estat guardonats<\/strong>.<\/p>\n<p>Un nou guard\u00f3 per l&#8217;Institut Esteve Terradas que premia i reconeix la feina ben feta de l&#8217;alumnat i la comunitat educativa que l&#8217;envolta.<\/p>\n<table style=\"border-collapse: collapse; width: 100%;\">\n<tbody>\n<tr>\n<td style=\"width: 100%; text-align: center;\"><img loading=\"lazy\" decoding=\"async\" class=\"alignnone wp-image-16489\" src=\"https:\/\/agora.xtec.cat\/iesesteveterradas\/wp-content\/uploads\/usu855\/IMG-20250115-WA0022-1024x768.jpg\" alt=\"\" width=\"832\" height=\"624\" srcset=\"https:\/\/agora.xtec.cat\/iesesteveterradas\/wp-content\/uploads\/usu855\/IMG-20250115-WA0022-1024x768.jpg 1024w, https:\/\/agora.xtec.cat\/iesesteveterradas\/wp-content\/uploads\/usu855\/IMG-20250115-WA0022-300x225.jpg 300w, https:\/\/agora.xtec.cat\/iesesteveterradas\/wp-content\/uploads\/usu855\/IMG-20250115-WA0022-768x576.jpg 768w, https:\/\/agora.xtec.cat\/iesesteveterradas\/wp-content\/uploads\/usu855\/IMG-20250115-WA0022-1536x1152.jpg 1536w, https:\/\/agora.xtec.cat\/iesesteveterradas\/wp-content\/uploads\/usu855\/IMG-20250115-WA0022-200x150.jpg 200w, https:\/\/agora.xtec.cat\/iesesteveterradas\/wp-content\/uploads\/usu855\/IMG-20250115-WA0022.jpg 2048w\" sizes=\"auto, (max-width: 832px) 100vw, 832px\" \/><\/td>\n<\/tr>\n<\/tbody>\n<\/table>\n","protected":false},"excerpt":{"rendered":"<p>Mar Peregrina i Aroa Rodr\u00edguez, estudiants del CFGM de Gesti\u00f3 Administrativa i tutoritzades per Albert Navarro en una activitat pr\u00e0ctica del m\u00f2dul de Comunicaci\u00f3, han estat guardonades amb 400\u20ac a la 3a edici\u00f3 dels premis AMIC-Directes pel seu streaming a la plataforma de Twitch, utilitzant&hellip;  <a href=\"https:\/\/agora.xtec.cat\/iesesteveterradas\/general\/lins-esteve-terradas-premiat-a-la-3a-edicio-damic-directes\/\" title=\"Read L&#8217;INS Esteve Terradas premiat a la 3a edici\u00f3 d&#8217;AMIC-Directes\">Llegeix m\u00e9s\u00bb<\/a><\/p>\n","protected":false},"author":14,"featured_media":16489,"comment_status":"closed","ping_status":"closed","sticky":false,"template":"","format":"standard","meta":{"_bbp_topic_count":0,"_bbp_reply_count":0,"_bbp_total_topic_count":0,"_bbp_total_reply_count":0,"_bbp_voice_count":0,"_bbp_anonymous_reply_count":0,"_bbp_topic_count_hidden":0,"_bbp_reply_count_hidden":0,"_bbp_forum_subforum_count":0,"footnotes":""},"categories":[113,30,1,159,29,368],"tags":[],"class_list":["post-16484","post","type-post","status-publish","format-standard","has-post-thumbnail","hentry","category-administracio_empreses","category-cicles-formatius","category-general","category-innovacio","category-portada","category-portada-ca"],"post_mailing_queue_ids":[],"_links":{"self":[{"href":"https:\/\/agora.xtec.cat\/iesesteveterradas\/wp-json\/wp\/v2\/posts\/16484","targetHints":{"allow":["GET"]}}],"collection":[{"href":"https:\/\/agora.xtec.cat\/iesesteveterradas\/wp-json\/wp\/v2\/posts"}],"about":[{"href":"https:\/\/agora.xtec.cat\/iesesteveterradas\/wp-json\/wp\/v2\/types\/post"}],"author":[{"embeddable":true,"href":"https:\/\/agora.xtec.cat\/iesesteveterradas\/wp-json\/wp\/v2\/users\/14"}],"replies":[{"embeddable":true,"href":"https:\/\/agora.xtec.cat\/iesesteveterradas\/wp-json\/wp\/v2\/comments?post=16484"}],"version-history":[{"count":3,"href":"https:\/\/agora.xtec.cat\/iesesteveterradas\/wp-json\/wp\/v2\/posts\/16484\/revisions"}],"predecessor-version":[{"id":16493,"href":"https:\/\/agora.xtec.cat\/iesesteveterradas\/wp-json\/wp\/v2\/posts\/16484\/revisions\/16493"}],"wp:featuredmedia":[{"embeddable":true,"href":"https:\/\/agora.xtec.cat\/iesesteveterradas\/wp-json\/wp\/v2\/media\/16489"}],"wp:attachment":[{"href":"https:\/\/agora.xtec.cat\/iesesteveterradas\/wp-json\/wp\/v2\/media?parent=16484"}],"wp:term":[{"taxonomy":"category","embeddable":true,"href":"https:\/\/agora.xtec.cat\/iesesteveterradas\/wp-json\/wp\/v2\/categories?post=16484"},{"taxonomy":"post_tag","embeddable":true,"href":"https:\/\/agora.xtec.cat\/iesesteveterradas\/wp-json\/wp\/v2\/tags?post=16484"}],"curies":[{"name":"wp","href":"https:\/\/api.w.org\/{rel}","templated":true}]}}