{"id":16350,"date":"2024-12-03T09:27:35","date_gmt":"2024-12-03T08:27:35","guid":{"rendered":"https:\/\/agora.xtec.cat\/iesesteveterradas\/?p=16350"},"modified":"2024-12-12T16:50:27","modified_gmt":"2024-12-12T15:50:27","slug":"el-das1-visita-la-40a-mostra-del-comic-de-cornella","status":"publish","type":"post","link":"https:\/\/agora.xtec.cat\/iesesteveterradas\/general\/el-das1-visita-la-40a-mostra-del-comic-de-cornella\/","title":{"rendered":"El DAS1 visita la 40a Mostra del C\u00f2mic de Cornell\u00e0"},"content":{"rendered":"<p>El divendres 29 de novembre, l&#8217;alumnat de 1r del Cicle Formatiu de Grau Superior d&#8217;Assist\u00e8cnia a la Direcci\u00f3 va participar en una sortida cultural al Castell de Cornell\u00e0 per con\u00e8ixer de prop la 40a Mostra del C\u00f2mic &#8220;Ciutat de Cornell\u00e0&#8221;.<\/p>\n<p>Aquesta exposici\u00f3, que celebra quatre d\u00e8cades d\u2019hist\u00f2ria, ofereix una visi\u00f3 global de l\u2019evoluci\u00f3 del c\u00f2mic, combinant obres cl\u00e0ssiques amb propostes m\u00e9s actuals. El grup d&#8217;estudiants va tenir l\u2019oportunitat de rec\u00f3rrer una col\u00b7lecci\u00f3 plena de creativitat i de participar en activitats que aprofundien en el proc\u00e9s de creaci\u00f3 d\u2019hist\u00f2ries gr\u00e0fiques. Durant la visita, van descobrir com es dona vida als personatges i com el c\u00f2mic ha evolucionat com a mitj\u00e0 d\u2019expressi\u00f3 cultural i art\u00edstica.<\/p>\n<p>La sortida va permetre a l\u2019alumnat descobrir el c\u00f2mic com una poderosa eina creativa i cultural, capa\u00e7 d\u2019explicar hist\u00f2ries i de promoure la llengua, com per exemple la catalana, d\u2019una manera atractiva i accessible.<\/p>\n<p><img loading=\"lazy\" decoding=\"async\" class=\"alignnone wp-image-16351\" src=\"https:\/\/agora.xtec.cat\/iesesteveterradas\/wp-content\/uploads\/usu855\/Comic-1024x768.jpg\" alt=\"\" width=\"317\" height=\"238\" srcset=\"https:\/\/agora.xtec.cat\/iesesteveterradas\/wp-content\/uploads\/usu855\/Comic-1024x768.jpg 1024w, https:\/\/agora.xtec.cat\/iesesteveterradas\/wp-content\/uploads\/usu855\/Comic-300x225.jpg 300w, https:\/\/agora.xtec.cat\/iesesteveterradas\/wp-content\/uploads\/usu855\/Comic-768x576.jpg 768w, https:\/\/agora.xtec.cat\/iesesteveterradas\/wp-content\/uploads\/usu855\/Comic-1536x1152.jpg 1536w, https:\/\/agora.xtec.cat\/iesesteveterradas\/wp-content\/uploads\/usu855\/Comic-2048x1536.jpg 2048w, https:\/\/agora.xtec.cat\/iesesteveterradas\/wp-content\/uploads\/usu855\/Comic-200x150.jpg 200w\" sizes=\"auto, (max-width: 317px) 100vw, 317px\" \/> <img loading=\"lazy\" decoding=\"async\" class=\"alignnone wp-image-16352\" src=\"https:\/\/agora.xtec.cat\/iesesteveterradas\/wp-content\/uploads\/usu855\/Sin-titulo-1.jpg\" alt=\"\" width=\"300\" height=\"237\" srcset=\"https:\/\/agora.xtec.cat\/iesesteveterradas\/wp-content\/uploads\/usu855\/Sin-titulo-1.jpg 524w, https:\/\/agora.xtec.cat\/iesesteveterradas\/wp-content\/uploads\/usu855\/Sin-titulo-1-300x237.jpg 300w\" sizes=\"auto, (max-width: 300px) 100vw, 300px\" \/> <img loading=\"lazy\" decoding=\"async\" class=\"alignnone wp-image-16353\" src=\"https:\/\/agora.xtec.cat\/iesesteveterradas\/wp-content\/uploads\/usu855\/12121.jpeg\" alt=\"\" width=\"354\" height=\"235\" srcset=\"https:\/\/agora.xtec.cat\/iesesteveterradas\/wp-content\/uploads\/usu855\/12121.jpeg 400w, https:\/\/agora.xtec.cat\/iesesteveterradas\/wp-content\/uploads\/usu855\/12121-300x200.jpeg 300w\" sizes=\"auto, (max-width: 354px) 100vw, 354px\" \/><\/p>\n","protected":false},"excerpt":{"rendered":"<p>El divendres 29 de novembre, l&#8217;alumnat de 1r del Cicle Formatiu de Grau Superior d&#8217;Assist\u00e8cnia a la Direcci\u00f3 va participar en una sortida cultural al Castell de Cornell\u00e0 per con\u00e8ixer de prop la 40a Mostra del C\u00f2mic &#8220;Ciutat de Cornell\u00e0&#8221;.<br \/>\nAquesta exposici\u00f3, que celebra quatre d\u00e8cades&hellip;  <a href=\"https:\/\/agora.xtec.cat\/iesesteveterradas\/general\/el-das1-visita-la-40a-mostra-del-comic-de-cornella\/\" title=\"Read El DAS1 visita la 40a Mostra del C\u00f2mic de Cornell\u00e0\">Llegeix m\u00e9s\u00bb<\/a><\/p>\n","protected":false},"author":14,"featured_media":16352,"comment_status":"closed","ping_status":"closed","sticky":false,"template":"","format":"standard","meta":{"_bbp_topic_count":0,"_bbp_reply_count":0,"_bbp_total_topic_count":0,"_bbp_total_reply_count":0,"_bbp_voice_count":0,"_bbp_anonymous_reply_count":0,"_bbp_topic_count_hidden":0,"_bbp_reply_count_hidden":0,"_bbp_forum_subforum_count":0,"footnotes":""},"categories":[113,30,147,1,159,29,368],"tags":[],"class_list":["post-16350","post","type-post","status-publish","format-standard","has-post-thumbnail","hentry","category-administracio_empreses","category-cicles-formatius","category-coordinacions","category-general","category-innovacio","category-portada","category-portada-ca"],"post_mailing_queue_ids":[],"_links":{"self":[{"href":"https:\/\/agora.xtec.cat\/iesesteveterradas\/wp-json\/wp\/v2\/posts\/16350","targetHints":{"allow":["GET"]}}],"collection":[{"href":"https:\/\/agora.xtec.cat\/iesesteveterradas\/wp-json\/wp\/v2\/posts"}],"about":[{"href":"https:\/\/agora.xtec.cat\/iesesteveterradas\/wp-json\/wp\/v2\/types\/post"}],"author":[{"embeddable":true,"href":"https:\/\/agora.xtec.cat\/iesesteveterradas\/wp-json\/wp\/v2\/users\/14"}],"replies":[{"embeddable":true,"href":"https:\/\/agora.xtec.cat\/iesesteveterradas\/wp-json\/wp\/v2\/comments?post=16350"}],"version-history":[{"count":5,"href":"https:\/\/agora.xtec.cat\/iesesteveterradas\/wp-json\/wp\/v2\/posts\/16350\/revisions"}],"predecessor-version":[{"id":16402,"href":"https:\/\/agora.xtec.cat\/iesesteveterradas\/wp-json\/wp\/v2\/posts\/16350\/revisions\/16402"}],"wp:featuredmedia":[{"embeddable":true,"href":"https:\/\/agora.xtec.cat\/iesesteveterradas\/wp-json\/wp\/v2\/media\/16352"}],"wp:attachment":[{"href":"https:\/\/agora.xtec.cat\/iesesteveterradas\/wp-json\/wp\/v2\/media?parent=16350"}],"wp:term":[{"taxonomy":"category","embeddable":true,"href":"https:\/\/agora.xtec.cat\/iesesteveterradas\/wp-json\/wp\/v2\/categories?post=16350"},{"taxonomy":"post_tag","embeddable":true,"href":"https:\/\/agora.xtec.cat\/iesesteveterradas\/wp-json\/wp\/v2\/tags?post=16350"}],"curies":[{"name":"wp","href":"https:\/\/api.w.org\/{rel}","templated":true}]}}