{"id":16297,"date":"2024-11-25T14:04:33","date_gmt":"2024-11-25T13:04:33","guid":{"rendered":"https:\/\/agora.xtec.cat\/iesesteveterradas\/?p=16297"},"modified":"2024-12-13T09:43:35","modified_gmt":"2024-12-13T08:43:35","slug":"economia-circular-a-les-aules-dfp","status":"publish","type":"post","link":"https:\/\/agora.xtec.cat\/iesesteveterradas\/general\/economia-circular-a-les-aules-dfp\/","title":{"rendered":"Economia Circular a les aules d&#8217;FP"},"content":{"rendered":"<p style=\"text-align: left;\">El passat divendres 22 de novembre, una selecci\u00f3 de grups de la Formaci\u00f3 Professional del nostre centre: dos de Grau Mitj\u00e0 i dos de Grau Superior, van assistir a quatre tallers d\u2019Economia Circular. Les sessions es van dur a terme a l\u2019aula 1 del Departament d\u2019Administraci\u00f3 d\u2019Empreses i van ser impartides per l\u2019Associaci\u00f3 per a la promoci\u00f3 de la sostenibilitat i la circularitat t\u00e8xtil de Manresa.<\/p>\n<p style=\"text-align: left;\">Durant aquests tallers, els alumnes van treballar conceptes clau relacionats amb el nou M\u00f2dul Professional de Sostenibilitat als sectors productius. En primer lloc, van aprendre qu\u00e8 \u00e9s l\u2019economia circular i com aquesta filosofia fomenta la reutilitzaci\u00f3 de recursos, la reducci\u00f3 de residus i la transici\u00f3 cap a un model productiu m\u00e9s sostenible. A m\u00e9s, els participants van con\u00e8ixer casos d\u2019\u00e8xit d\u2019empreses que han aplicat aquests principis en els seus processos productius, com el cas de l&#8217;empresa Space X d&#8217;Elon Musk.<\/p>\n<p style=\"text-align: left;\">Les sessions tamb\u00e9 van incloure activitats pr\u00e0ctiques i debats que van ajudar a l&#8217;alumnat a entendre com poden incorporar l\u2019economia circular al seu futur professional. Els tallers van finalitzar amb un concurs d\u2019idees sostenibles revolucion\u00e0ries. Els estudiants, organitzats en equips, van proposar innovacions per donar una segona vida a objectes com carcasses de m\u00f2bils o pilotes de tenis. Entre les idees destacades hi havia solucions creatives, com convertir les pilotes en suports decoratius o reutilitzar carcasses per fabricar noves fundes personalitzades.<\/p>\n<p style=\"text-align: left;\">Aquesta iniciativa va posar de manifest el comprom\u00eds del nostre centre amb el futur sostenible, i va promoure el seu inter\u00e8s per la innovaci\u00f3 i la responsabilitat ambiental en els sectors productius.<\/p>\n<p><img loading=\"lazy\" decoding=\"async\" class=\"alignnone wp-image-16298\" src=\"https:\/\/agora.xtec.cat\/iesesteveterradas\/wp-content\/uploads\/usu855\/IMG_147411-1024x768.jpeg\" alt=\"\" width=\"311\" height=\"234\" srcset=\"https:\/\/agora.xtec.cat\/iesesteveterradas\/wp-content\/uploads\/usu855\/IMG_147411-1024x768.jpeg 1024w, https:\/\/agora.xtec.cat\/iesesteveterradas\/wp-content\/uploads\/usu855\/IMG_147411-300x225.jpeg 300w, https:\/\/agora.xtec.cat\/iesesteveterradas\/wp-content\/uploads\/usu855\/IMG_147411-768x576.jpeg 768w, https:\/\/agora.xtec.cat\/iesesteveterradas\/wp-content\/uploads\/usu855\/IMG_147411-1536x1152.jpeg 1536w, https:\/\/agora.xtec.cat\/iesesteveterradas\/wp-content\/uploads\/usu855\/IMG_147411-2048x1536.jpeg 2048w, https:\/\/agora.xtec.cat\/iesesteveterradas\/wp-content\/uploads\/usu855\/IMG_147411-200x150.jpeg 200w\" sizes=\"auto, (max-width: 311px) 100vw, 311px\" \/> <img loading=\"lazy\" decoding=\"async\" class=\"alignnone wp-image-16300\" src=\"https:\/\/agora.xtec.cat\/iesesteveterradas\/wp-content\/uploads\/usu855\/IMG_14811-1024x768.jpeg\" alt=\"\" width=\"314\" height=\"235\" srcset=\"https:\/\/agora.xtec.cat\/iesesteveterradas\/wp-content\/uploads\/usu855\/IMG_14811-1024x768.jpeg 1024w, https:\/\/agora.xtec.cat\/iesesteveterradas\/wp-content\/uploads\/usu855\/IMG_14811-300x225.jpeg 300w, https:\/\/agora.xtec.cat\/iesesteveterradas\/wp-content\/uploads\/usu855\/IMG_14811-768x576.jpeg 768w, https:\/\/agora.xtec.cat\/iesesteveterradas\/wp-content\/uploads\/usu855\/IMG_14811-1536x1152.jpeg 1536w, https:\/\/agora.xtec.cat\/iesesteveterradas\/wp-content\/uploads\/usu855\/IMG_14811-2048x1536.jpeg 2048w, https:\/\/agora.xtec.cat\/iesesteveterradas\/wp-content\/uploads\/usu855\/IMG_14811-200x150.jpeg 200w\" sizes=\"auto, (max-width: 314px) 100vw, 314px\" \/> <img loading=\"lazy\" decoding=\"async\" class=\"alignnone wp-image-16299\" src=\"https:\/\/agora.xtec.cat\/iesesteveterradas\/wp-content\/uploads\/usu855\/IMG_14721-1024x768.jpeg\" alt=\"\" width=\"312\" height=\"234\" srcset=\"https:\/\/agora.xtec.cat\/iesesteveterradas\/wp-content\/uploads\/usu855\/IMG_14721-1024x768.jpeg 1024w, https:\/\/agora.xtec.cat\/iesesteveterradas\/wp-content\/uploads\/usu855\/IMG_14721-300x225.jpeg 300w, https:\/\/agora.xtec.cat\/iesesteveterradas\/wp-content\/uploads\/usu855\/IMG_14721-768x576.jpeg 768w, https:\/\/agora.xtec.cat\/iesesteveterradas\/wp-content\/uploads\/usu855\/IMG_14721-1536x1152.jpeg 1536w, https:\/\/agora.xtec.cat\/iesesteveterradas\/wp-content\/uploads\/usu855\/IMG_14721-2048x1536.jpeg 2048w, https:\/\/agora.xtec.cat\/iesesteveterradas\/wp-content\/uploads\/usu855\/IMG_14721-200x150.jpeg 200w\" sizes=\"auto, (max-width: 312px) 100vw, 312px\" \/><\/p>\n","protected":false},"excerpt":{"rendered":"<p>El passat divendres 22 de novembre, una selecci\u00f3 de grups de la Formaci\u00f3 Professional del nostre centre: dos de Grau Mitj\u00e0 i dos de Grau Superior, van assistir a quatre tallers d\u2019Economia Circular. Les sessions es van dur a terme a l\u2019aula 1 del Departament d\u2019Administraci\u00f3 d\u2019Empreses i van ser impartides per l\u2019Associaci\u00f3 per a la promoci\u00f3 de la sostenibilitat i la circularitat t\u00e8xtil de Manresa.&hellip;  <a href=\"https:\/\/agora.xtec.cat\/iesesteveterradas\/general\/economia-circular-a-les-aules-dfp\/\" title=\"Read Economia Circular a les aules d&#8217;FP\">Llegeix m\u00e9s\u00bb<\/a><\/p>\n","protected":false},"author":14,"featured_media":16300,"comment_status":"closed","ping_status":"closed","sticky":false,"template":"","format":"standard","meta":{"_bbp_topic_count":0,"_bbp_reply_count":0,"_bbp_total_topic_count":0,"_bbp_total_reply_count":0,"_bbp_voice_count":0,"_bbp_anonymous_reply_count":0,"_bbp_topic_count_hidden":0,"_bbp_reply_count_hidden":0,"_bbp_forum_subforum_count":0,"footnotes":""},"categories":[113,30,147,1,159,157,29,368],"tags":[],"class_list":["post-16297","post","type-post","status-publish","format-standard","has-post-thumbnail","hentry","category-administracio_empreses","category-cicles-formatius","category-coordinacions","category-general","category-innovacio","category-medi_ambient","category-portada","category-portada-ca"],"post_mailing_queue_ids":[],"_links":{"self":[{"href":"https:\/\/agora.xtec.cat\/iesesteveterradas\/wp-json\/wp\/v2\/posts\/16297","targetHints":{"allow":["GET"]}}],"collection":[{"href":"https:\/\/agora.xtec.cat\/iesesteveterradas\/wp-json\/wp\/v2\/posts"}],"about":[{"href":"https:\/\/agora.xtec.cat\/iesesteveterradas\/wp-json\/wp\/v2\/types\/post"}],"author":[{"embeddable":true,"href":"https:\/\/agora.xtec.cat\/iesesteveterradas\/wp-json\/wp\/v2\/users\/14"}],"replies":[{"embeddable":true,"href":"https:\/\/agora.xtec.cat\/iesesteveterradas\/wp-json\/wp\/v2\/comments?post=16297"}],"version-history":[{"count":7,"href":"https:\/\/agora.xtec.cat\/iesesteveterradas\/wp-json\/wp\/v2\/posts\/16297\/revisions"}],"predecessor-version":[{"id":16661,"href":"https:\/\/agora.xtec.cat\/iesesteveterradas\/wp-json\/wp\/v2\/posts\/16297\/revisions\/16661"}],"wp:featuredmedia":[{"embeddable":true,"href":"https:\/\/agora.xtec.cat\/iesesteveterradas\/wp-json\/wp\/v2\/media\/16300"}],"wp:attachment":[{"href":"https:\/\/agora.xtec.cat\/iesesteveterradas\/wp-json\/wp\/v2\/media?parent=16297"}],"wp:term":[{"taxonomy":"category","embeddable":true,"href":"https:\/\/agora.xtec.cat\/iesesteveterradas\/wp-json\/wp\/v2\/categories?post=16297"},{"taxonomy":"post_tag","embeddable":true,"href":"https:\/\/agora.xtec.cat\/iesesteveterradas\/wp-json\/wp\/v2\/tags?post=16297"}],"curies":[{"name":"wp","href":"https:\/\/api.w.org\/{rel}","templated":true}]}}