{"id":16247,"date":"2024-11-18T11:57:31","date_gmt":"2024-11-18T10:57:31","guid":{"rendered":"https:\/\/agora.xtec.cat\/iesesteveterradas\/?p=16247"},"modified":"2024-11-18T11:57:31","modified_gmt":"2024-11-18T10:57:31","slug":"taller-de-comunicacio-a-catalunya-radio","status":"publish","type":"post","link":"https:\/\/agora.xtec.cat\/iesesteveterradas\/general\/taller-de-comunicacio-a-catalunya-radio\/","title":{"rendered":"Taller de comunicaci\u00f3 a Catalunya R\u00e0dio"},"content":{"rendered":"<p>L&#8217;alumnat de primer curs del Cicle Formatiu de Grau Superior d&#8217;Administraci\u00f3 i Finances ha visitant els estudis de Catalunya R\u00e0dio, situats a la Diagonal de Barcelona.<\/p>\n<p>Durant aquesta sortida, els estudiants han participat en un taller de comunicaci\u00f3 en catal\u00e0 que els ha ajudat a millorar les seves habilitats per parlar en p\u00fablic i expressar-se amb m\u00e9s seguretat, habilitats molt importants per al seu futur professional. A m\u00e9s, han assistit en directe al programa <strong>El Mat\u00ed de Catalunya R\u00e0dio<\/strong>, on han pogut veure com es prepara i s\u2019emet un dels programes m\u00e9s escoltats del pa\u00eds.<\/p>\n<p>Aquesta experi\u00e8ncia els ha servit per entendre millor com es poden aplicar les compet\u00e8ncies comunicatives en situacions reals, com ara atendre clients, fer presentacions o coordinar reunions. Sens dubte, una metodologia viviencial de nous aprenentatges i de sentir-se periodista per un dia.<\/p>\n<p>&nbsp;<\/p>\n<p><img loading=\"lazy\" decoding=\"async\" class=\"alignnone wp-image-16249\" src=\"https:\/\/agora.xtec.cat\/iesesteveterradas\/wp-content\/uploads\/usu855\/58078ea8-6bb3-4fc4-ac16-814018100d64-1024x768.jpeg\" alt=\"\" width=\"376\" height=\"282\" srcset=\"https:\/\/agora.xtec.cat\/iesesteveterradas\/wp-content\/uploads\/usu855\/58078ea8-6bb3-4fc4-ac16-814018100d64-1024x768.jpeg 1024w, https:\/\/agora.xtec.cat\/iesesteveterradas\/wp-content\/uploads\/usu855\/58078ea8-6bb3-4fc4-ac16-814018100d64-300x225.jpeg 300w, https:\/\/agora.xtec.cat\/iesesteveterradas\/wp-content\/uploads\/usu855\/58078ea8-6bb3-4fc4-ac16-814018100d64-768x576.jpeg 768w, https:\/\/agora.xtec.cat\/iesesteveterradas\/wp-content\/uploads\/usu855\/58078ea8-6bb3-4fc4-ac16-814018100d64-1536x1152.jpeg 1536w, https:\/\/agora.xtec.cat\/iesesteveterradas\/wp-content\/uploads\/usu855\/58078ea8-6bb3-4fc4-ac16-814018100d64-200x150.jpeg 200w, https:\/\/agora.xtec.cat\/iesesteveterradas\/wp-content\/uploads\/usu855\/58078ea8-6bb3-4fc4-ac16-814018100d64.jpeg 2048w\" sizes=\"auto, (max-width: 376px) 100vw, 376px\" \/> <img loading=\"lazy\" decoding=\"async\" class=\"alignnone wp-image-16251\" src=\"https:\/\/agora.xtec.cat\/iesesteveterradas\/wp-content\/uploads\/usu855\/IMG_1340-768x1024.jpeg\" alt=\"\" width=\"213\" height=\"284\" srcset=\"https:\/\/agora.xtec.cat\/iesesteveterradas\/wp-content\/uploads\/usu855\/IMG_1340-768x1024.jpeg 768w, https:\/\/agora.xtec.cat\/iesesteveterradas\/wp-content\/uploads\/usu855\/IMG_1340-225x300.jpeg 225w, https:\/\/agora.xtec.cat\/iesesteveterradas\/wp-content\/uploads\/usu855\/IMG_1340-1152x1536.jpeg 1152w, https:\/\/agora.xtec.cat\/iesesteveterradas\/wp-content\/uploads\/usu855\/IMG_1340-1536x2048.jpeg 1536w, https:\/\/agora.xtec.cat\/iesesteveterradas\/wp-content\/uploads\/usu855\/IMG_1340-scaled.jpeg 1920w\" sizes=\"auto, (max-width: 213px) 100vw, 213px\" \/> <img loading=\"lazy\" decoding=\"async\" class=\"alignnone wp-image-16250\" src=\"https:\/\/agora.xtec.cat\/iesesteveterradas\/wp-content\/uploads\/usu855\/IMG_1338-1024x768.jpeg\" alt=\"\" width=\"378\" height=\"283\" srcset=\"https:\/\/agora.xtec.cat\/iesesteveterradas\/wp-content\/uploads\/usu855\/IMG_1338-1024x768.jpeg 1024w, https:\/\/agora.xtec.cat\/iesesteveterradas\/wp-content\/uploads\/usu855\/IMG_1338-300x225.jpeg 300w, https:\/\/agora.xtec.cat\/iesesteveterradas\/wp-content\/uploads\/usu855\/IMG_1338-768x576.jpeg 768w, https:\/\/agora.xtec.cat\/iesesteveterradas\/wp-content\/uploads\/usu855\/IMG_1338-1536x1152.jpeg 1536w, https:\/\/agora.xtec.cat\/iesesteveterradas\/wp-content\/uploads\/usu855\/IMG_1338-2048x1536.jpeg 2048w, https:\/\/agora.xtec.cat\/iesesteveterradas\/wp-content\/uploads\/usu855\/IMG_1338-200x150.jpeg 200w\" sizes=\"auto, (max-width: 378px) 100vw, 378px\" \/><\/p>\n","protected":false},"excerpt":{"rendered":"<p>L&#8217;alumnat de primer curs del Cicle Formatiu de Grau Superior d&#8217;Administraci\u00f3 i Finances ha visitant els estudis de Catalunya R\u00e0dio, situats a la Diagonal de Barcelona.<br \/>\nDurant aquesta sortida, els estudiants han participat en un taller de comunicaci\u00f3 en catal\u00e0 que els ha ajudat a millorar&hellip;  <a href=\"https:\/\/agora.xtec.cat\/iesesteveterradas\/general\/taller-de-comunicacio-a-catalunya-radio\/\" title=\"Read Taller de comunicaci\u00f3 a Catalunya R\u00e0dio\">Llegeix m\u00e9s\u00bb<\/a><\/p>\n","protected":false},"author":14,"featured_media":16250,"comment_status":"closed","ping_status":"closed","sticky":false,"template":"","format":"standard","meta":{"_bbp_topic_count":0,"_bbp_reply_count":0,"_bbp_total_topic_count":0,"_bbp_total_reply_count":0,"_bbp_voice_count":0,"_bbp_anonymous_reply_count":0,"_bbp_topic_count_hidden":0,"_bbp_reply_count_hidden":0,"_bbp_forum_subforum_count":0,"footnotes":""},"categories":[113,30,147,1,159,29,368],"tags":[],"class_list":["post-16247","post","type-post","status-publish","format-standard","has-post-thumbnail","hentry","category-administracio_empreses","category-cicles-formatius","category-coordinacions","category-general","category-innovacio","category-portada","category-portada-ca"],"post_mailing_queue_ids":[],"_links":{"self":[{"href":"https:\/\/agora.xtec.cat\/iesesteveterradas\/wp-json\/wp\/v2\/posts\/16247","targetHints":{"allow":["GET"]}}],"collection":[{"href":"https:\/\/agora.xtec.cat\/iesesteveterradas\/wp-json\/wp\/v2\/posts"}],"about":[{"href":"https:\/\/agora.xtec.cat\/iesesteveterradas\/wp-json\/wp\/v2\/types\/post"}],"author":[{"embeddable":true,"href":"https:\/\/agora.xtec.cat\/iesesteveterradas\/wp-json\/wp\/v2\/users\/14"}],"replies":[{"embeddable":true,"href":"https:\/\/agora.xtec.cat\/iesesteveterradas\/wp-json\/wp\/v2\/comments?post=16247"}],"version-history":[{"count":5,"href":"https:\/\/agora.xtec.cat\/iesesteveterradas\/wp-json\/wp\/v2\/posts\/16247\/revisions"}],"predecessor-version":[{"id":16259,"href":"https:\/\/agora.xtec.cat\/iesesteveterradas\/wp-json\/wp\/v2\/posts\/16247\/revisions\/16259"}],"wp:featuredmedia":[{"embeddable":true,"href":"https:\/\/agora.xtec.cat\/iesesteveterradas\/wp-json\/wp\/v2\/media\/16250"}],"wp:attachment":[{"href":"https:\/\/agora.xtec.cat\/iesesteveterradas\/wp-json\/wp\/v2\/media?parent=16247"}],"wp:term":[{"taxonomy":"category","embeddable":true,"href":"https:\/\/agora.xtec.cat\/iesesteveterradas\/wp-json\/wp\/v2\/categories?post=16247"},{"taxonomy":"post_tag","embeddable":true,"href":"https:\/\/agora.xtec.cat\/iesesteveterradas\/wp-json\/wp\/v2\/tags?post=16247"}],"curies":[{"name":"wp","href":"https:\/\/api.w.org\/{rel}","templated":true}]}}