{"id":16181,"date":"2024-10-28T11:18:43","date_gmt":"2024-10-28T10:18:43","guid":{"rendered":"https:\/\/agora.xtec.cat\/iesesteveterradas\/?p=16181"},"modified":"2024-11-02T10:18:33","modified_gmt":"2024-11-02T09:18:33","slug":"ocupem-el-salo-de-locupacio","status":"publish","type":"post","link":"https:\/\/agora.xtec.cat\/iesesteveterradas\/general\/ocupem-el-salo-de-locupacio\/","title":{"rendered":"Ocupem el Sal\u00f3 de l&#8217;Ocupaci\u00f3"},"content":{"rendered":"<p>L&#8217;alumnat de tots els cicles formatius de la fam\u00edlia d\u2019Administraci\u00f3 i Gesti\u00f3 va visitar el <a href=\"https:\/\/www.salocupacio.com\/\">Sal\u00f3 de l\u2019Ocupaci\u00f3 a la Fira de Barcelona<\/a>, un esdeveniment clau per explorar les demandes del futur laboral.<\/p>\n<p>La jornada va tenir com a objectiu principal con\u00e8ixer de primera m\u00e0 els perfils professionals m\u00e9s buscats per les empreses, privades i p\u00fabliques, i les habilitats clau que es requeriran en els propers anys. Durant la visita, el grup d\u2019estudiants va interactuar amb representants d\u2019entitats, com els Mossos d\u2019Esquadra, Ametller Or\u00edgens, TMB, K\u00e4rcher i Bombers, que van exposar les compet\u00e8ncies espec\u00edfiques que valoren en els candidats. En paral\u2022lel, una part de l\u2019equip de projectes del centre va participar en una taula rodona sobre la import\u00e0ncia d\u2019incorporar innovaci\u00f3 en els estudis de formaci\u00f3 professional, destacant la necessitat d\u2019adaptar la formaci\u00f3 als constants canvis del mercat laboral.<\/p>\n<p>Aquesta experi\u00e8ncia ha atorgat a l\u2019alumnat una visi\u00f3 global de les oportunitats i reptes del sector, refor\u00e7ant el comprom\u00eds del centre amb una educaci\u00f3 alineada amb la realitat empresarial actual.<\/p>\n<table style=\"border-collapse: collapse; width: 100%; height: 32px;\">\n<tbody>\n<tr style=\"height: 32px;\">\n<td style=\"width: 33.3333%; height: 32px; text-align: center;\"><img loading=\"lazy\" decoding=\"async\" class=\"alignnone wp-image-16184\" src=\"https:\/\/agora.xtec.cat\/iesesteveterradas\/wp-content\/uploads\/usu855\/46ae204d-05b0-4425-8da8-20859e1f53ce-1024x768.jpeg\" alt=\"\" width=\"358\" height=\"269\" srcset=\"https:\/\/agora.xtec.cat\/iesesteveterradas\/wp-content\/uploads\/usu855\/46ae204d-05b0-4425-8da8-20859e1f53ce-1024x768.jpeg 1024w, https:\/\/agora.xtec.cat\/iesesteveterradas\/wp-content\/uploads\/usu855\/46ae204d-05b0-4425-8da8-20859e1f53ce-300x225.jpeg 300w, https:\/\/agora.xtec.cat\/iesesteveterradas\/wp-content\/uploads\/usu855\/46ae204d-05b0-4425-8da8-20859e1f53ce-768x576.jpeg 768w, https:\/\/agora.xtec.cat\/iesesteveterradas\/wp-content\/uploads\/usu855\/46ae204d-05b0-4425-8da8-20859e1f53ce-1536x1152.jpeg 1536w, https:\/\/agora.xtec.cat\/iesesteveterradas\/wp-content\/uploads\/usu855\/46ae204d-05b0-4425-8da8-20859e1f53ce-200x150.jpeg 200w, https:\/\/agora.xtec.cat\/iesesteveterradas\/wp-content\/uploads\/usu855\/46ae204d-05b0-4425-8da8-20859e1f53ce.jpeg 1600w\" sizes=\"auto, (max-width: 358px) 100vw, 358px\" \/><\/td>\n<td style=\"width: 33.3333%; height: 32px; text-align: center;\"><img loading=\"lazy\" decoding=\"async\" class=\"alignnone wp-image-16186\" src=\"https:\/\/agora.xtec.cat\/iesesteveterradas\/wp-content\/uploads\/usu855\/ocupacio_2023-6-2-1.jpg\" alt=\"\" width=\"399\" height=\"266\" srcset=\"https:\/\/agora.xtec.cat\/iesesteveterradas\/wp-content\/uploads\/usu855\/ocupacio_2023-6-2-1.jpg 600w, https:\/\/agora.xtec.cat\/iesesteveterradas\/wp-content\/uploads\/usu855\/ocupacio_2023-6-2-1-300x200.jpg 300w\" sizes=\"auto, (max-width: 399px) 100vw, 399px\" \/><\/td>\n<td style=\"width: 33.3333%; height: 32px; text-align: center;\"><img loading=\"lazy\" decoding=\"async\" class=\"alignnone wp-image-16182\" src=\"https:\/\/agora.xtec.cat\/iesesteveterradas\/wp-content\/uploads\/usu855\/IMG_1065-850x1024.jpeg\" alt=\"\" width=\"219\" height=\"264\" srcset=\"https:\/\/agora.xtec.cat\/iesesteveterradas\/wp-content\/uploads\/usu855\/IMG_1065-850x1024.jpeg 850w, https:\/\/agora.xtec.cat\/iesesteveterradas\/wp-content\/uploads\/usu855\/IMG_1065-249x300.jpeg 249w, https:\/\/agora.xtec.cat\/iesesteveterradas\/wp-content\/uploads\/usu855\/IMG_1065-768x926.jpeg 768w, https:\/\/agora.xtec.cat\/iesesteveterradas\/wp-content\/uploads\/usu855\/IMG_1065.jpeg 1125w\" sizes=\"auto, (max-width: 219px) 100vw, 219px\" \/><\/td>\n<\/tr>\n<\/tbody>\n<\/table>\n<p>&nbsp;<\/p>\n","protected":false},"excerpt":{"rendered":"<p>L&#8217;alumnat de tots els cicles formatius de la fam\u00edlia d\u2019Administraci\u00f3 i Gesti\u00f3 va visitar el Sal\u00f3 de l\u2019Ocupaci\u00f3 a la Fira de Barcelona, un esdeveniment clau per explorar les demandes del futur laboral.&hellip;  <a href=\"https:\/\/agora.xtec.cat\/iesesteveterradas\/general\/ocupem-el-salo-de-locupacio\/\" title=\"Read Ocupem el Sal\u00f3 de l&#8217;Ocupaci\u00f3\">Llegeix m\u00e9s\u00bb<\/a><\/p>\n","protected":false},"author":14,"featured_media":16184,"comment_status":"closed","ping_status":"closed","sticky":false,"template":"","format":"standard","meta":{"_bbp_topic_count":0,"_bbp_reply_count":0,"_bbp_total_topic_count":0,"_bbp_total_reply_count":0,"_bbp_voice_count":0,"_bbp_anonymous_reply_count":0,"_bbp_topic_count_hidden":0,"_bbp_reply_count_hidden":0,"_bbp_forum_subforum_count":0,"footnotes":""},"categories":[113,30,147,1,159,29,368],"tags":[],"class_list":["post-16181","post","type-post","status-publish","format-standard","has-post-thumbnail","hentry","category-administracio_empreses","category-cicles-formatius","category-coordinacions","category-general","category-innovacio","category-portada","category-portada-ca"],"post_mailing_queue_ids":[],"_links":{"self":[{"href":"https:\/\/agora.xtec.cat\/iesesteveterradas\/wp-json\/wp\/v2\/posts\/16181","targetHints":{"allow":["GET"]}}],"collection":[{"href":"https:\/\/agora.xtec.cat\/iesesteveterradas\/wp-json\/wp\/v2\/posts"}],"about":[{"href":"https:\/\/agora.xtec.cat\/iesesteveterradas\/wp-json\/wp\/v2\/types\/post"}],"author":[{"embeddable":true,"href":"https:\/\/agora.xtec.cat\/iesesteveterradas\/wp-json\/wp\/v2\/users\/14"}],"replies":[{"embeddable":true,"href":"https:\/\/agora.xtec.cat\/iesesteveterradas\/wp-json\/wp\/v2\/comments?post=16181"}],"version-history":[{"count":6,"href":"https:\/\/agora.xtec.cat\/iesesteveterradas\/wp-json\/wp\/v2\/posts\/16181\/revisions"}],"predecessor-version":[{"id":16213,"href":"https:\/\/agora.xtec.cat\/iesesteveterradas\/wp-json\/wp\/v2\/posts\/16181\/revisions\/16213"}],"wp:featuredmedia":[{"embeddable":true,"href":"https:\/\/agora.xtec.cat\/iesesteveterradas\/wp-json\/wp\/v2\/media\/16184"}],"wp:attachment":[{"href":"https:\/\/agora.xtec.cat\/iesesteveterradas\/wp-json\/wp\/v2\/media?parent=16181"}],"wp:term":[{"taxonomy":"category","embeddable":true,"href":"https:\/\/agora.xtec.cat\/iesesteveterradas\/wp-json\/wp\/v2\/categories?post=16181"},{"taxonomy":"post_tag","embeddable":true,"href":"https:\/\/agora.xtec.cat\/iesesteveterradas\/wp-json\/wp\/v2\/tags?post=16181"}],"curies":[{"name":"wp","href":"https:\/\/api.w.org\/{rel}","templated":true}]}}