{"id":16172,"date":"2024-10-22T08:07:59","date_gmt":"2024-10-22T06:07:59","guid":{"rendered":"https:\/\/agora.xtec.cat\/iesesteveterradas\/?p=16172"},"modified":"2024-11-02T10:19:19","modified_gmt":"2024-11-02T09:19:19","slug":"el-das1-visita-els-estudis-de-3cat","status":"publish","type":"post","link":"https:\/\/agora.xtec.cat\/iesesteveterradas\/general\/el-das1-visita-els-estudis-de-3cat\/","title":{"rendered":"El DAS1 visita els estudis de 3Cat"},"content":{"rendered":"<p>L&#8217;alumnat del 1r curs del CFGS d&#8217;Assist\u00e8ncia a la Direcci\u00f3 ha visitat les instal\u00b7lacions de 3Cat, la nova denominaci\u00f3 de l&#8217;antiga TV3, la televisi\u00f3 p\u00fablica de Catalunya.<\/p>\n<p>Durant la visita, el grup d&#8217;estudiants ha tingut l&#8217;oportunitat de con\u00e8ixer de primera m\u00e0 com es prepara i s&#8217;enregistra un telenot\u00edcies, des del proc\u00e9s de redacci\u00f3 fins a l&#8217;emissi\u00f3 en directe. L&#8217;equip de professionals de 3Cat\u00a0 tamb\u00e9 els ha explicat diversos aspectes relacionats amb la comunicaci\u00f3, com la gesti\u00f3 de continguts, la coordinaci\u00f3 entre equips t\u00e8cnics i period\u00edstics, i l&#8217;\u00fas de les noves tecnologies en l&#8217;\u00e0mbit audiovisual.<\/p>\n<p>Aquesta visita ha perm\u00e8s als alumnes comprendre millor el funcionament d&#8217;un mitj\u00e0 de comunicaci\u00f3 tan important com 3Cat i la responsabilitat que comporta transmetre informaci\u00f3 al p\u00fablic de manera clara i rigorosa. Han reflexionat sobre la gesti\u00f3 de l&#8217;estr\u00e8s en un entorn on cada segon \u00e9s decisiu i on la precisi\u00f3 \u00e9s clau. Tamb\u00e9 han pres consci\u00e8ncia del paper fonamental dels mitjans en la formaci\u00f3 de l&#8217;opini\u00f3 p\u00fablica i en la creaci\u00f3 d&#8217;una societat ben informada.<\/p>\n<table style=\"border-collapse: collapse; width: 100%;\">\n<tbody>\n<tr>\n<td style=\"width: 50%;\"><img loading=\"lazy\" decoding=\"async\" class=\"alignnone wp-image-16173\" src=\"https:\/\/agora.xtec.cat\/iesesteveterradas\/wp-content\/uploads\/usu855\/903ea1a1-79a9-41b6-8858-5492ae9bcc3b-1024x768.jpeg\" alt=\"\" width=\"511\" height=\"384\" srcset=\"https:\/\/agora.xtec.cat\/iesesteveterradas\/wp-content\/uploads\/usu855\/903ea1a1-79a9-41b6-8858-5492ae9bcc3b-1024x768.jpeg 1024w, https:\/\/agora.xtec.cat\/iesesteveterradas\/wp-content\/uploads\/usu855\/903ea1a1-79a9-41b6-8858-5492ae9bcc3b-300x225.jpeg 300w, https:\/\/agora.xtec.cat\/iesesteveterradas\/wp-content\/uploads\/usu855\/903ea1a1-79a9-41b6-8858-5492ae9bcc3b-768x576.jpeg 768w, https:\/\/agora.xtec.cat\/iesesteveterradas\/wp-content\/uploads\/usu855\/903ea1a1-79a9-41b6-8858-5492ae9bcc3b-1536x1152.jpeg 1536w, https:\/\/agora.xtec.cat\/iesesteveterradas\/wp-content\/uploads\/usu855\/903ea1a1-79a9-41b6-8858-5492ae9bcc3b-200x150.jpeg 200w, https:\/\/agora.xtec.cat\/iesesteveterradas\/wp-content\/uploads\/usu855\/903ea1a1-79a9-41b6-8858-5492ae9bcc3b.jpeg 1600w\" sizes=\"auto, (max-width: 511px) 100vw, 511px\" \/><\/td>\n<td style=\"width: 50%;\"><img loading=\"lazy\" decoding=\"async\" class=\"alignnone wp-image-16174\" src=\"https:\/\/agora.xtec.cat\/iesesteveterradas\/wp-content\/uploads\/usu855\/fc005557-b0f2-45c3-8665-d80ee6e846b1-1024x768.jpeg\" alt=\"\" width=\"513\" height=\"385\" srcset=\"https:\/\/agora.xtec.cat\/iesesteveterradas\/wp-content\/uploads\/usu855\/fc005557-b0f2-45c3-8665-d80ee6e846b1-1024x768.jpeg 1024w, https:\/\/agora.xtec.cat\/iesesteveterradas\/wp-content\/uploads\/usu855\/fc005557-b0f2-45c3-8665-d80ee6e846b1-300x225.jpeg 300w, https:\/\/agora.xtec.cat\/iesesteveterradas\/wp-content\/uploads\/usu855\/fc005557-b0f2-45c3-8665-d80ee6e846b1-768x576.jpeg 768w, https:\/\/agora.xtec.cat\/iesesteveterradas\/wp-content\/uploads\/usu855\/fc005557-b0f2-45c3-8665-d80ee6e846b1-1536x1152.jpeg 1536w, https:\/\/agora.xtec.cat\/iesesteveterradas\/wp-content\/uploads\/usu855\/fc005557-b0f2-45c3-8665-d80ee6e846b1-200x150.jpeg 200w, https:\/\/agora.xtec.cat\/iesesteveterradas\/wp-content\/uploads\/usu855\/fc005557-b0f2-45c3-8665-d80ee6e846b1.jpeg 1600w\" sizes=\"auto, (max-width: 513px) 100vw, 513px\" \/><\/td>\n<\/tr>\n<\/tbody>\n<\/table>\n<p>&nbsp;<\/p>\n","protected":false},"excerpt":{"rendered":"<p>L&#8217;alumnat del 1r curs del CFGS d&#8217;Assist\u00e8ncia a la Direcci\u00f3 ha visitat les instal\u00b7lacions de 3Cat, la nova denominaci\u00f3 de l&#8217;antiga TV3, la televisi\u00f3 p\u00fablica de Catalunya.&hellip;  <a href=\"https:\/\/agora.xtec.cat\/iesesteveterradas\/general\/el-das1-visita-els-estudis-de-3cat\/\" title=\"Read El DAS1 visita els estudis de 3Cat\">Llegeix m\u00e9s\u00bb<\/a><\/p>\n","protected":false},"author":14,"featured_media":16173,"comment_status":"closed","ping_status":"closed","sticky":false,"template":"","format":"standard","meta":{"_bbp_topic_count":0,"_bbp_reply_count":0,"_bbp_total_topic_count":0,"_bbp_total_reply_count":0,"_bbp_voice_count":0,"_bbp_anonymous_reply_count":0,"_bbp_topic_count_hidden":0,"_bbp_reply_count_hidden":0,"_bbp_forum_subforum_count":0,"footnotes":""},"categories":[113,30,147,1,159,29,368],"tags":[],"class_list":["post-16172","post","type-post","status-publish","format-standard","has-post-thumbnail","hentry","category-administracio_empreses","category-cicles-formatius","category-coordinacions","category-general","category-innovacio","category-portada","category-portada-ca"],"post_mailing_queue_ids":[],"_links":{"self":[{"href":"https:\/\/agora.xtec.cat\/iesesteveterradas\/wp-json\/wp\/v2\/posts\/16172","targetHints":{"allow":["GET"]}}],"collection":[{"href":"https:\/\/agora.xtec.cat\/iesesteveterradas\/wp-json\/wp\/v2\/posts"}],"about":[{"href":"https:\/\/agora.xtec.cat\/iesesteveterradas\/wp-json\/wp\/v2\/types\/post"}],"author":[{"embeddable":true,"href":"https:\/\/agora.xtec.cat\/iesesteveterradas\/wp-json\/wp\/v2\/users\/14"}],"replies":[{"embeddable":true,"href":"https:\/\/agora.xtec.cat\/iesesteveterradas\/wp-json\/wp\/v2\/comments?post=16172"}],"version-history":[{"count":4,"href":"https:\/\/agora.xtec.cat\/iesesteveterradas\/wp-json\/wp\/v2\/posts\/16172\/revisions"}],"predecessor-version":[{"id":16214,"href":"https:\/\/agora.xtec.cat\/iesesteveterradas\/wp-json\/wp\/v2\/posts\/16172\/revisions\/16214"}],"wp:featuredmedia":[{"embeddable":true,"href":"https:\/\/agora.xtec.cat\/iesesteveterradas\/wp-json\/wp\/v2\/media\/16173"}],"wp:attachment":[{"href":"https:\/\/agora.xtec.cat\/iesesteveterradas\/wp-json\/wp\/v2\/media?parent=16172"}],"wp:term":[{"taxonomy":"category","embeddable":true,"href":"https:\/\/agora.xtec.cat\/iesesteveterradas\/wp-json\/wp\/v2\/categories?post=16172"},{"taxonomy":"post_tag","embeddable":true,"href":"https:\/\/agora.xtec.cat\/iesesteveterradas\/wp-json\/wp\/v2\/tags?post=16172"}],"curies":[{"name":"wp","href":"https:\/\/api.w.org\/{rel}","templated":true}]}}