{"id":15990,"date":"2024-10-07T12:47:21","date_gmt":"2024-10-07T10:47:21","guid":{"rendered":"https:\/\/agora.xtec.cat\/iesesteveterradas\/?p=15990"},"modified":"2024-10-14T08:45:56","modified_gmt":"2024-10-14T06:45:56","slug":"pa-amb-tomaquet-a-la-formacio-professional","status":"publish","type":"post","link":"https:\/\/agora.xtec.cat\/iesesteveterradas\/general\/pa-amb-tomaquet-a-la-formacio-professional\/","title":{"rendered":"Pa amb tom\u00e0quet a la Formaci\u00f3 Professional"},"content":{"rendered":"<p>L&#8217;alumnat del Cicle Formatiu de Grau Superior d&#8217;Assist\u00e8ncia a la Direcci\u00f3 ha viscut una experi\u00e8ncia \u00fanica i plena de significat en una classe dedicada a la tradici\u00f3 del &#8220;pa amb tom\u00e0quet&#8221;, dins del m\u00f2dul de Llengua Catalana. L&#8217;activitat, realitzada a l&#8217;aula amb la participaci\u00f3 de 28 persones, tenia com a objectiu aprofundir en la cultura catalana a trav\u00e9s d&#8217;aquest plat tan representatiu. Durant la sessi\u00f3, els estudiants han apr\u00e8s sobre els or\u00edgens i l&#8217;evoluci\u00f3 del &#8220;pa amb tom\u00e0quet&#8221;, aix\u00ed com sobre la import\u00e0ncia d&#8217;utilitzar ingredients de qualitat com el pa i l&#8217;oli d&#8217;oliva. A m\u00e9s, han tingut l&#8217;oportunitat de preparar i degustar el plat, connectant la gastronomia amb la llengua i la cultura.<\/p>\n<table style=\"border-collapse: collapse; width: 100%;\">\n<tbody>\n<tr>\n<td style=\"width: 33.3333%;\"><img loading=\"lazy\" decoding=\"async\" class=\"alignnone wp-image-15993\" src=\"https:\/\/agora.xtec.cat\/iesesteveterradas\/wp-content\/uploads\/usu855\/IMG_0837-1024x768.jpeg\" alt=\"\" width=\"346\" height=\"260\" srcset=\"https:\/\/agora.xtec.cat\/iesesteveterradas\/wp-content\/uploads\/usu855\/IMG_0837-1024x768.jpeg 1024w, https:\/\/agora.xtec.cat\/iesesteveterradas\/wp-content\/uploads\/usu855\/IMG_0837-300x225.jpeg 300w, https:\/\/agora.xtec.cat\/iesesteveterradas\/wp-content\/uploads\/usu855\/IMG_0837-768x576.jpeg 768w, https:\/\/agora.xtec.cat\/iesesteveterradas\/wp-content\/uploads\/usu855\/IMG_0837-1536x1152.jpeg 1536w, https:\/\/agora.xtec.cat\/iesesteveterradas\/wp-content\/uploads\/usu855\/IMG_0837-2048x1536.jpeg 2048w, https:\/\/agora.xtec.cat\/iesesteveterradas\/wp-content\/uploads\/usu855\/IMG_0837-200x150.jpeg 200w\" sizes=\"auto, (max-width: 346px) 100vw, 346px\" \/><\/td>\n<td style=\"width: 33.3333%;\"><img loading=\"lazy\" decoding=\"async\" class=\"alignnone wp-image-15991\" src=\"https:\/\/agora.xtec.cat\/iesesteveterradas\/wp-content\/uploads\/usu855\/IMG_0834-1024x926.jpeg\" alt=\"\" width=\"288\" height=\"261\" srcset=\"https:\/\/agora.xtec.cat\/iesesteveterradas\/wp-content\/uploads\/usu855\/IMG_0834-1024x926.jpeg 1024w, https:\/\/agora.xtec.cat\/iesesteveterradas\/wp-content\/uploads\/usu855\/IMG_0834-300x271.jpeg 300w, https:\/\/agora.xtec.cat\/iesesteveterradas\/wp-content\/uploads\/usu855\/IMG_0834-768x695.jpeg 768w, https:\/\/agora.xtec.cat\/iesesteveterradas\/wp-content\/uploads\/usu855\/IMG_0834-1536x1389.jpeg 1536w, https:\/\/agora.xtec.cat\/iesesteveterradas\/wp-content\/uploads\/usu855\/IMG_0834.jpeg 2033w\" sizes=\"auto, (max-width: 288px) 100vw, 288px\" \/><\/td>\n<td style=\"width: 33.3333%;\"><img loading=\"lazy\" decoding=\"async\" class=\"alignnone wp-image-15992\" src=\"https:\/\/agora.xtec.cat\/iesesteveterradas\/wp-content\/uploads\/usu855\/IMG_0836-1024x768.jpeg\" alt=\"\" width=\"345\" height=\"259\" srcset=\"https:\/\/agora.xtec.cat\/iesesteveterradas\/wp-content\/uploads\/usu855\/IMG_0836-1024x768.jpeg 1024w, https:\/\/agora.xtec.cat\/iesesteveterradas\/wp-content\/uploads\/usu855\/IMG_0836-300x225.jpeg 300w, https:\/\/agora.xtec.cat\/iesesteveterradas\/wp-content\/uploads\/usu855\/IMG_0836-768x576.jpeg 768w, https:\/\/agora.xtec.cat\/iesesteveterradas\/wp-content\/uploads\/usu855\/IMG_0836-1536x1152.jpeg 1536w, https:\/\/agora.xtec.cat\/iesesteveterradas\/wp-content\/uploads\/usu855\/IMG_0836-2048x1536.jpeg 2048w, https:\/\/agora.xtec.cat\/iesesteveterradas\/wp-content\/uploads\/usu855\/IMG_0836-200x150.jpeg 200w\" sizes=\"auto, (max-width: 345px) 100vw, 345px\" \/><\/td>\n<\/tr>\n<\/tbody>\n<\/table>\n","protected":false},"excerpt":{"rendered":"<p>L&#8217;alumnat del Cicle Formatiu de Grau Superior d&#8217;Assist\u00e8ncia a la Direcci\u00f3 ha viscut una experi\u00e8ncia \u00fanica i plena de significat en una classe dedicada a la tradici\u00f3 del &#8220;pa amb tom\u00e0quet&#8221;, dins del m\u00f2dul de Llengua Catalana. L&#8217;activitat, realitzada a l&#8217;aula amb la participaci\u00f3 de&hellip;  <a href=\"https:\/\/agora.xtec.cat\/iesesteveterradas\/general\/pa-amb-tomaquet-a-la-formacio-professional\/\" title=\"Read Pa amb tom\u00e0quet a la Formaci\u00f3 Professional\">Llegeix m\u00e9s\u00bb<\/a><\/p>\n","protected":false},"author":14,"featured_media":15993,"comment_status":"closed","ping_status":"closed","sticky":false,"template":"","format":"standard","meta":{"_bbp_topic_count":0,"_bbp_reply_count":0,"_bbp_total_topic_count":0,"_bbp_total_reply_count":0,"_bbp_voice_count":0,"_bbp_anonymous_reply_count":0,"_bbp_topic_count_hidden":0,"_bbp_reply_count_hidden":0,"_bbp_forum_subforum_count":0,"footnotes":""},"categories":[113,121,30,147,1,159,29],"tags":[],"class_list":["post-15990","post","type-post","status-publish","format-standard","has-post-thumbnail","hentry","category-administracio_empreses","category-catala","category-cicles-formatius","category-coordinacions","category-general","category-innovacio","category-portada"],"post_mailing_queue_ids":[],"_links":{"self":[{"href":"https:\/\/agora.xtec.cat\/iesesteveterradas\/wp-json\/wp\/v2\/posts\/15990","targetHints":{"allow":["GET"]}}],"collection":[{"href":"https:\/\/agora.xtec.cat\/iesesteveterradas\/wp-json\/wp\/v2\/posts"}],"about":[{"href":"https:\/\/agora.xtec.cat\/iesesteveterradas\/wp-json\/wp\/v2\/types\/post"}],"author":[{"embeddable":true,"href":"https:\/\/agora.xtec.cat\/iesesteveterradas\/wp-json\/wp\/v2\/users\/14"}],"replies":[{"embeddable":true,"href":"https:\/\/agora.xtec.cat\/iesesteveterradas\/wp-json\/wp\/v2\/comments?post=15990"}],"version-history":[{"count":2,"href":"https:\/\/agora.xtec.cat\/iesesteveterradas\/wp-json\/wp\/v2\/posts\/15990\/revisions"}],"predecessor-version":[{"id":16010,"href":"https:\/\/agora.xtec.cat\/iesesteveterradas\/wp-json\/wp\/v2\/posts\/15990\/revisions\/16010"}],"wp:featuredmedia":[{"embeddable":true,"href":"https:\/\/agora.xtec.cat\/iesesteveterradas\/wp-json\/wp\/v2\/media\/15993"}],"wp:attachment":[{"href":"https:\/\/agora.xtec.cat\/iesesteveterradas\/wp-json\/wp\/v2\/media?parent=15990"}],"wp:term":[{"taxonomy":"category","embeddable":true,"href":"https:\/\/agora.xtec.cat\/iesesteveterradas\/wp-json\/wp\/v2\/categories?post=15990"},{"taxonomy":"post_tag","embeddable":true,"href":"https:\/\/agora.xtec.cat\/iesesteveterradas\/wp-json\/wp\/v2\/tags?post=15990"}],"curies":[{"name":"wp","href":"https:\/\/api.w.org\/{rel}","templated":true}]}}