{"id":15675,"date":"2024-06-22T08:17:15","date_gmt":"2024-06-22T06:17:15","guid":{"rendered":"https:\/\/agora.xtec.cat\/iesesteveterradas\/?p=15675"},"modified":"2024-06-27T11:33:53","modified_gmt":"2024-06-27T09:33:53","slug":"1r-premi-a-la-innovacio-de-grau-superior","status":"publish","type":"post","link":"https:\/\/agora.xtec.cat\/iesesteveterradas\/portada\/1r-premi-a-la-innovacio-de-grau-superior\/","title":{"rendered":"1r Premi a la Innovaci\u00f3 de Grau Superior"},"content":{"rendered":"<p>El 20 de juny de 2024 es va celebrar l&#8217;acte de la 18a edici\u00f3 dels <a href=\"https:\/\/www.terrassa.cat\/projectes-guanyadors\">Premis Noves i Nous Professionals<\/a>. Dels 137 projectes presentats, 40 van quedar finalistes i 17 treballs premiats. L\u2019objectiu dels premis \u00e9s motivar i promoure l&#8217;esperit emprenedor i innovador de l&#8217;alumnat de Cicles Formatius i dels Programes de Formaci\u00f3 i Inserci\u00f3 amb el reconeixement p\u00fablic dels projectes de fi d&#8217;estudis.<\/p>\n<p>Una gran jornada organitzada per la Patronal CECOT i l&#8217;Ajuntament de Terrassa, en la qual\u00a0la consellera Anna Sim\u00f3 va ser l&#8217;encarregada d&#8217;entregar els premis.<\/p>\n<table style=\"border-collapse: collapse; width: 100%;\">\n<tbody>\n<tr>\n<td style=\"width: 100%; text-align: center;\"><img loading=\"lazy\" decoding=\"async\" class=\"alignnone wp-image-15679\" src=\"https:\/\/agora.xtec.cat\/iesesteveterradas\/wp-content\/uploads\/usu855\/00109807-rc-1024x682.jpg\" alt=\"\" width=\"827\" height=\"551\" srcset=\"https:\/\/agora.xtec.cat\/iesesteveterradas\/wp-content\/uploads\/usu855\/00109807-rc-1024x682.jpg 1024w, https:\/\/agora.xtec.cat\/iesesteveterradas\/wp-content\/uploads\/usu855\/00109807-rc-300x200.jpg 300w, https:\/\/agora.xtec.cat\/iesesteveterradas\/wp-content\/uploads\/usu855\/00109807-rc-768x512.jpg 768w, https:\/\/agora.xtec.cat\/iesesteveterradas\/wp-content\/uploads\/usu855\/00109807-rc-1536x1024.jpg 1536w, https:\/\/agora.xtec.cat\/iesesteveterradas\/wp-content\/uploads\/usu855\/00109807-rc.jpg 1772w\" sizes=\"auto, (max-width: 827px) 100vw, 827px\" \/><\/td>\n<\/tr>\n<\/tbody>\n<\/table>\n<p>L&#8217;Institut Esteve Terradas i Illa va ser convidat per tenir dos premis finalistes: <a href=\"https:\/\/agora.xtec.cat\/iesesteveterradas\/general\/holopix-crea-els-primers-hologrames\/\">Holopix<\/a> i la <a href=\"https:\/\/agora.xtec.cat\/iesesteveterradas\/general\/bustia-de-repoblacio-del-bosc\/\">B\u00fastia de repoblaci\u00f3 del bosc<\/a>. Finalment, Holopix va ser reconegut amb el primer premi al projecte m\u00e9s innovador de cicle formatiu de grau superior (patrocinat per CIRSA).<\/p>\n<table style=\"border-collapse: collapse; width: 100%;\">\n<tbody>\n<tr>\n<td style=\"width: 50%; text-align: center;\"><img loading=\"lazy\" decoding=\"async\" class=\"alignnone size-large wp-image-15680\" src=\"https:\/\/agora.xtec.cat\/iesesteveterradas\/wp-content\/uploads\/usu855\/00109783-rc-1024x682.jpg\" alt=\"\" width=\"1024\" height=\"682\" srcset=\"https:\/\/agora.xtec.cat\/iesesteveterradas\/wp-content\/uploads\/usu855\/00109783-rc-1024x682.jpg 1024w, https:\/\/agora.xtec.cat\/iesesteveterradas\/wp-content\/uploads\/usu855\/00109783-rc-300x200.jpg 300w, https:\/\/agora.xtec.cat\/iesesteveterradas\/wp-content\/uploads\/usu855\/00109783-rc-768x512.jpg 768w, https:\/\/agora.xtec.cat\/iesesteveterradas\/wp-content\/uploads\/usu855\/00109783-rc-1536x1024.jpg 1536w, https:\/\/agora.xtec.cat\/iesesteveterradas\/wp-content\/uploads\/usu855\/00109783-rc.jpg 1772w\" sizes=\"auto, (max-width: 1024px) 100vw, 1024px\" \/><\/td>\n<td style=\"width: 50%; text-align: center;\"><img loading=\"lazy\" decoding=\"async\" class=\"alignnone size-large wp-image-15681\" src=\"https:\/\/agora.xtec.cat\/iesesteveterradas\/wp-content\/uploads\/usu855\/00109782-rc-1024x682.jpg\" alt=\"\" width=\"1024\" height=\"682\" srcset=\"https:\/\/agora.xtec.cat\/iesesteveterradas\/wp-content\/uploads\/usu855\/00109782-rc-1024x682.jpg 1024w, https:\/\/agora.xtec.cat\/iesesteveterradas\/wp-content\/uploads\/usu855\/00109782-rc-300x200.jpg 300w, https:\/\/agora.xtec.cat\/iesesteveterradas\/wp-content\/uploads\/usu855\/00109782-rc-768x512.jpg 768w, https:\/\/agora.xtec.cat\/iesesteveterradas\/wp-content\/uploads\/usu855\/00109782-rc-1536x1024.jpg 1536w, https:\/\/agora.xtec.cat\/iesesteveterradas\/wp-content\/uploads\/usu855\/00109782-rc.jpg 1772w\" sizes=\"auto, (max-width: 1024px) 100vw, 1024px\" \/><\/td>\n<\/tr>\n<\/tbody>\n<\/table>\n<p>Juan Carlos, alumne de l&#8217;ADS4, i Alejandra Benavides van ser els representants de l&#8217;alumnat impulsor del projecte i van poder fer 5 c\u00e8ntims del que han aconseguit fer: ni m\u00e9s ni menys que permetre la comunicaci\u00f3 a dist\u00e0ncia en temps real mitjan\u00e7ant la tecnologia hologr\u00e0fica, i fer un pla d&#8217;empresa per oferir aquest servei als diferents sectors.<\/p>\n<table style=\"border-collapse: collapse; width: 100%;\">\n<tbody>\n<tr>\n<td style=\"width: 100%; text-align: center;\"><img loading=\"lazy\" decoding=\"async\" class=\"alignnone wp-image-15677\" src=\"https:\/\/agora.xtec.cat\/iesesteveterradas\/wp-content\/uploads\/usu855\/foto2-3-768x1024.jpg\" alt=\"\" width=\"419\" height=\"558\" srcset=\"https:\/\/agora.xtec.cat\/iesesteveterradas\/wp-content\/uploads\/usu855\/foto2-3-768x1024.jpg 768w, https:\/\/agora.xtec.cat\/iesesteveterradas\/wp-content\/uploads\/usu855\/foto2-3-225x300.jpg 225w, https:\/\/agora.xtec.cat\/iesesteveterradas\/wp-content\/uploads\/usu855\/foto2-3-1152x1536.jpg 1152w, https:\/\/agora.xtec.cat\/iesesteveterradas\/wp-content\/uploads\/usu855\/foto2-3.jpg 1200w\" sizes=\"auto, (max-width: 419px) 100vw, 419px\" \/><\/td>\n<\/tr>\n<\/tbody>\n<\/table>\n<p>Una experi\u00e8ncia que motiva l&#8217;alumnat a fer projectes innovadors pr\u00e0ctics i de qualitat, i en definitiva, a ser agents actius en el seu propi aprenentatge.<\/p>\n<p>Podem dir sense por d&#8217;equivocar-nos que l&#8217;alumnat d&#8217;aquesta promoci\u00f3 tamb\u00e9 est\u00e0 preparat per engegar un projecte des de zero en el seu futur professional.<\/p>\n<table style=\"border-collapse: collapse; width: 100%;\">\n<tbody>\n<tr>\n<td style=\"width: 50%; text-align: center;\"><img loading=\"lazy\" decoding=\"async\" class=\"alignnone size-large wp-image-15683\" src=\"https:\/\/agora.xtec.cat\/iesesteveterradas\/wp-content\/uploads\/usu855\/00109777-rc-1024x682.jpg\" alt=\"\" width=\"1024\" height=\"682\" srcset=\"https:\/\/agora.xtec.cat\/iesesteveterradas\/wp-content\/uploads\/usu855\/00109777-rc-1024x682.jpg 1024w, https:\/\/agora.xtec.cat\/iesesteveterradas\/wp-content\/uploads\/usu855\/00109777-rc-300x200.jpg 300w, https:\/\/agora.xtec.cat\/iesesteveterradas\/wp-content\/uploads\/usu855\/00109777-rc-768x512.jpg 768w, https:\/\/agora.xtec.cat\/iesesteveterradas\/wp-content\/uploads\/usu855\/00109777-rc-1536x1024.jpg 1536w, https:\/\/agora.xtec.cat\/iesesteveterradas\/wp-content\/uploads\/usu855\/00109777-rc.jpg 1772w\" sizes=\"auto, (max-width: 1024px) 100vw, 1024px\" \/><\/td>\n<td style=\"width: 50%; text-align: center;\"><img loading=\"lazy\" decoding=\"async\" class=\"alignnone size-full wp-image-15684\" src=\"https:\/\/agora.xtec.cat\/iesesteveterradas\/wp-content\/uploads\/usu855\/catering.png\" alt=\"\" width=\"931\" height=\"617\" srcset=\"https:\/\/agora.xtec.cat\/iesesteveterradas\/wp-content\/uploads\/usu855\/catering.png 931w, https:\/\/agora.xtec.cat\/iesesteveterradas\/wp-content\/uploads\/usu855\/catering-300x199.png 300w, https:\/\/agora.xtec.cat\/iesesteveterradas\/wp-content\/uploads\/usu855\/catering-768x509.png 768w\" sizes=\"auto, (max-width: 931px) 100vw, 931px\" \/><\/td>\n<\/tr>\n<\/tbody>\n<\/table>\n","protected":false},"excerpt":{"rendered":"<p>Holopix va ser reconegut amb el primer premi al projecte m\u00e9s innovador de cicle formatiu de grau superior (patrocinat per CIRSA). Juan Carlos, alumne de l&#8217;ADS4, i Alejandra Benavides van ser els representants de l&#8217;alumnat impulsor del projecte i van poder fer 5 c\u00e8ntims del que han aconseguit fer, ni m\u00e9s ni menys que permetre la comunicaci\u00f3 a dist\u00e0ncia en temps real mitjan\u00e7ant la tecnologia hologr\u00e0fica, i fer un pla d&#8217;empresa per oferir aquest servei als diferents sectors.&hellip;  <a href=\"https:\/\/agora.xtec.cat\/iesesteveterradas\/portada\/1r-premi-a-la-innovacio-de-grau-superior\/\" title=\"Read 1r Premi a la Innovaci\u00f3 de Grau Superior\">Llegeix m\u00e9s\u00bb<\/a><\/p>\n","protected":false},"author":14,"featured_media":15681,"comment_status":"closed","ping_status":"closed","sticky":false,"template":"","format":"standard","meta":{"_bbp_topic_count":0,"_bbp_reply_count":0,"_bbp_total_topic_count":0,"_bbp_total_reply_count":0,"_bbp_voice_count":0,"_bbp_anonymous_reply_count":0,"_bbp_topic_count_hidden":0,"_bbp_reply_count_hidden":0,"_bbp_forum_subforum_count":0,"footnotes":""},"categories":[113,30,29,368],"tags":[632,628,584,582,568,586,630],"class_list":["post-15675","post","type-post","status-publish","format-standard","has-post-thumbnail","hentry","category-administracio_empreses","category-cicles-formatius","category-portada","category-portada-ca","tag-annasimo","tag-cecot","tag-hologrames","tag-holopix","tag-innovacio","tag-projectes","tag-terrassa"],"post_mailing_queue_ids":[],"_links":{"self":[{"href":"https:\/\/agora.xtec.cat\/iesesteveterradas\/wp-json\/wp\/v2\/posts\/15675","targetHints":{"allow":["GET"]}}],"collection":[{"href":"https:\/\/agora.xtec.cat\/iesesteveterradas\/wp-json\/wp\/v2\/posts"}],"about":[{"href":"https:\/\/agora.xtec.cat\/iesesteveterradas\/wp-json\/wp\/v2\/types\/post"}],"author":[{"embeddable":true,"href":"https:\/\/agora.xtec.cat\/iesesteveterradas\/wp-json\/wp\/v2\/users\/14"}],"replies":[{"embeddable":true,"href":"https:\/\/agora.xtec.cat\/iesesteveterradas\/wp-json\/wp\/v2\/comments?post=15675"}],"version-history":[{"count":6,"href":"https:\/\/agora.xtec.cat\/iesesteveterradas\/wp-json\/wp\/v2\/posts\/15675\/revisions"}],"predecessor-version":[{"id":15720,"href":"https:\/\/agora.xtec.cat\/iesesteveterradas\/wp-json\/wp\/v2\/posts\/15675\/revisions\/15720"}],"wp:featuredmedia":[{"embeddable":true,"href":"https:\/\/agora.xtec.cat\/iesesteveterradas\/wp-json\/wp\/v2\/media\/15681"}],"wp:attachment":[{"href":"https:\/\/agora.xtec.cat\/iesesteveterradas\/wp-json\/wp\/v2\/media?parent=15675"}],"wp:term":[{"taxonomy":"category","embeddable":true,"href":"https:\/\/agora.xtec.cat\/iesesteveterradas\/wp-json\/wp\/v2\/categories?post=15675"},{"taxonomy":"post_tag","embeddable":true,"href":"https:\/\/agora.xtec.cat\/iesesteveterradas\/wp-json\/wp\/v2\/tags?post=15675"}],"curies":[{"name":"wp","href":"https:\/\/api.w.org\/{rel}","templated":true}]}}